{"id":584687,"date":"2024-12-21T00:42:24","date_gmt":"2024-12-21T04:42:24","guid":{"rendered":"https:\/\/diariodominicano.com\/?p=584687"},"modified":"2024-12-21T00:42:27","modified_gmt":"2024-12-21T04:42:27","slug":"corte-idh-condena-a-el-salvador-por-negar-el-aborto-a-mujer-con-salud-delicada-en-embarazo-inviable","status":"publish","type":"post","link":"https:\/\/diariodominicano.com\/?p=584687","title":{"rendered":"Corte IDH condena a El Salvador por negar el aborto a mujer con salud delicada en embarazo inviable"},"content":{"rendered":"\n<p>ARCHIVO &#8211; El presidente de El Salvador, Nayib Bukele, da un discurso durante la inauguraci\u00f3n de un centro de datos industrial en Ciudad Arce, El Salvador, el 16 de julio de 2024.<\/p>\n\n\n\n<p>diciembre 20, 2024<\/p>\n\n\n\n<ul class=\"wp-block-list\">\n<li><a href=\"https:\/\/www.vozdeamerica.com\/author\/associated-press\/v_kyr\">Associated Press<\/a><\/li>\n<\/ul>\n\n\n\n<ul class=\"wp-block-list\">\n<li><a href=\"https:\/\/facebook.com\/sharer.php?u=https%3a%2f%2fwww.vozdeamerica.com%2fa%2fcorte-idh-condena-a-el-salvador-por-negar-el-aborto-a-mujer-con-salud-delicada-en-embarazo-inviable%2f7909112.html\" target=\"_blank\" rel=\"noreferrer noopener\"><\/a><\/li>\n\n\n\n<li><a href=\"https:\/\/twitter.com\/share?url=https%3a%2f%2fwww.vozdeamerica.com%2fa%2fcorte-idh-condena-a-el-salvador-por-negar-el-aborto-a-mujer-con-salud-delicada-en-embarazo-inviable%2f7909112.html&amp;text=Corte+IDH+condena+a+El+Salvador+por+negar+el+aborto+a+mujer+con+salud+delicada+en+embarazo+inviable\" target=\"_blank\" rel=\"noreferrer noopener\"><\/a><\/li>\n\n\n\n<li><\/li>\n\n\n\n<li><a href=\"mailto:?body=https%3a%2f%2fwww.vozdeamerica.com%2fa%2fcorte-idh-condena-a-el-salvador-por-negar-el-aborto-a-mujer-con-salud-delicada-en-embarazo-inviable%2f7909112.html&amp;subject=Corte%20IDH%20condena%20a%20El%20Salvador%20por%20negar%20el%20aborto%20a%20mujer%20con%20salud%20delicada%20en%20embarazo%20inviable\"><\/a><\/li>\n<\/ul>\n\n\n\n<p><a href=\"https:\/\/www.vozdeamerica.com\/a\/corte-idh-condena-a-el-salvador-por-negar-el-aborto-a-mujer-con-salud-delicada-en-embarazo-inviable\/7909112.html#comments\">&nbsp;Vea comentarios<\/a><\/p>\n\n\n\n<p>La Corte IDH declar\u00f3 el viernes responsable al Estado de El Salvador por violencia obst\u00e9trica, por el caso de una mujer a la que se le neg\u00f3 la interrupci\u00f3n de un embarazo inviable en un pa\u00eds donde el aborto es castigado con prisi\u00f3n.<\/p>\n\n\n\n<p>SAN SALVADOR \u2014&nbsp;<\/p>\n\n\n\n<p>La Corte Interamericana de Derechos Humanos declar\u00f3 el viernes responsable al Estado de El Salvador por violencia obst\u00e9trica, violaciones a la salud, al acceso a la justicia y al derecho a la vida privada, entre otros, por el caso de una mujer salvadore\u00f1a a quien m\u00e9dicos e instituciones le negaron en 2013 la interrupci\u00f3n de un embarazo inviable en un pa\u00eds donde el aborto es castigado con prisi\u00f3n.<\/p>\n\n\n\n<p>Seg\u00fan el fallo, notificado y le\u00eddo el viernes por el juez Rodrigo Mudrovitsch, vicepresidente de la Corte IDH, el Estado salvadore\u00f1o es responsable por negar el acceso al aborto a Beatriz, una mujer cuyo nombre completo se mantuvo en reserva, que ten\u00eda complicaciones de salud que le llevaron a la muerte cuatro a\u00f1os despu\u00e9s de su segundo embarazo, tras un accidente de moto.<\/p>\n\n\n\n<p>La joven, que falleci\u00f3 en 2017 cuando ten\u00eda 27 a\u00f1os, estuvo embarazada en 2013 de un feto anencef\u00e1lico, una malformaci\u00f3n cong\u00e9nita incompatible con la vida que deriv\u00f3 en la muerte del mismo. Los m\u00e9dicos se negaron a practicar un aborto.<\/p>\n\n\n\n<p>El caso lleg\u00f3 a la Corte IDH el 5 de enero de 2022 despu\u00e9s de ser enviado por la Comisi\u00f3n Interamericana de Derechos Humanos (CIDH), que aleg\u00f3 que el Estado de El Salvador viol\u00f3 los derechos a la vida y a la salud de Beatriz al no permitir la interrupci\u00f3n del embarazo.<\/p>\n\n\n\n<p><a href=\"https:\/\/www.vozdeamerica.com\/a\/congreso-salvadoreno-aprueba-trigesima-tercera-prorroga-regimen-de-excepcion\/7889790.html\"><\/a><\/p>\n\n\n\n<p><a href=\"https:\/\/www.vozdeamerica.com\/a\/congreso-salvadoreno-aprueba-trigesima-tercera-prorroga-regimen-de-excepcion\/7889790.html\">Tambi\u00e9n lea<\/a><\/p>\n\n\n\n<h4 class=\"wp-block-heading\"><a href=\"https:\/\/www.vozdeamerica.com\/a\/congreso-salvadoreno-aprueba-trigesima-tercera-prorroga-regimen-de-excepcion\/7889790.html\">Congreso salvadore\u00f1o aprueba trig\u00e9sima tercera pr\u00f3rroga del r\u00e9gimen de excepci\u00f3n<\/a><\/h4>\n\n\n\n<p>La Corte IDH tambi\u00e9n consider\u00f3 que el Estado salvadore\u00f1o es responsable de la violaci\u00f3n al derecho a la integridad personal de la madre, esposo y compa\u00f1ero de vida, y del hijo de Beatriz.<\/p>\n\n\n\n<p>Orden\u00f3 al Estado pagar indemnizaciones por da\u00f1os y por asistencia legal, as\u00ed como brindar la atenci\u00f3n m\u00e9dica y psicol\u00f3gica gratuita que requieran las v\u00edctimas.<\/p>\n\n\n\n<p>Tambi\u00e9n requiri\u00f3 a las instituciones adoptar gu\u00edas de actuaci\u00f3n m\u00e9dica y judicial frente a situaciones de embarazos que pongan en riesgo la vida y la salud de la mujer y un plan de capacitaci\u00f3n al personal de salud, operadores de justicia y personal estatal.<\/p>\n\n\n\n<p>El tribunal regional consider\u00f3 que la mujer \u201cconfront\u00f3 situaciones en el marco del sistema de salud p\u00fablica y de administraci\u00f3n de justicia que generaron inseguridad en t\u00e9rminos de atenci\u00f3n oportuna y adecuada, y violencia obst\u00e9trica\u201d.<\/p>\n\n\n\n<p>Adem\u00e1s el fallo se\u00f1ala \u201cla falta de protocolos para el abordaje de embarazos de alto riesgo\u201d en El Salvador, lo que \u201cllev\u00f3 a burocratizar y judicializar la atenci\u00f3n m\u00e9dica requerida\u201d.<\/p>\n\n\n\n<p>Sin embargo, la Corte IDH no incluy\u00f3 una responsabilidad estatal en la muerte de Beatriz en 2017, ya que no prob\u00f3 un \u201cnexo causal\u201d con la falta de atenci\u00f3n m\u00e9dica que sufri\u00f3 en 2013.<\/p>\n\n\n\n<p>Tampoco se pronunci\u00f3 sobre cu\u00e1l era la mejor manera de abordar la situaci\u00f3n m\u00e9dica ni sobre el derecho a la vida o los riesgos de vida por las decisiones m\u00e9dicas adoptadas.<\/p>\n","protected":false},"excerpt":{"rendered":"<p>ARCHIVO &#8211; El presidente de El Salvador, Nayib Bukele, da un discurso durante la inauguraci\u00f3n de un centro de datos industrial en Ciudad Arce, El Salvador, el 16 de julio de 2024. diciembre 20, 2024 &nbsp;Vea comentarios La Corte IDH declar\u00f3 el viernes responsable al Estado de El Salvador por violencia obst\u00e9trica, por el caso [&hellip;]<\/p>\n","protected":false},"author":28,"featured_media":584688,"comment_status":"closed","ping_status":"closed","sticky":true,"template":"","format":"standard","meta":{"footnotes":""},"categories":[23],"tags":[],"class_list":["post-584687","post","type-post","status-publish","format-standard","has-post-thumbnail","hentry","category-internacional"],"_links":{"self":[{"href":"https:\/\/diariodominicano.com\/index.php?rest_route=\/wp\/v2\/posts\/584687","targetHints":{"allow":["GET"]}}],"collection":[{"href":"https:\/\/diariodominicano.com\/index.php?rest_route=\/wp\/v2\/posts"}],"about":[{"href":"https:\/\/diariodominicano.com\/index.php?rest_route=\/wp\/v2\/types\/post"}],"author":[{"embeddable":true,"href":"https:\/\/diariodominicano.com\/index.php?rest_route=\/wp\/v2\/users\/28"}],"replies":[{"embeddable":true,"href":"https:\/\/diariodominicano.com\/index.php?rest_route=%2Fwp%2Fv2%2Fcomments&post=584687"}],"version-history":[{"count":1,"href":"https:\/\/diariodominicano.com\/index.php?rest_route=\/wp\/v2\/posts\/584687\/revisions"}],"predecessor-version":[{"id":584689,"href":"https:\/\/diariodominicano.com\/index.php?rest_route=\/wp\/v2\/posts\/584687\/revisions\/584689"}],"wp:featuredmedia":[{"embeddable":true,"href":"https:\/\/diariodominicano.com\/index.php?rest_route=\/wp\/v2\/media\/584688"}],"wp:attachment":[{"href":"https:\/\/diariodominicano.com\/index.php?rest_route=%2Fwp%2Fv2%2Fmedia&parent=584687"}],"wp:term":[{"taxonomy":"category","embeddable":true,"href":"https:\/\/diariodominicano.com\/index.php?rest_route=%2Fwp%2Fv2%2Fcategories&post=584687"},{"taxonomy":"post_tag","embeddable":true,"href":"https:\/\/diariodominicano.com\/index.php?rest_route=%2Fwp%2Fv2%2Ftags&post=584687"}],"curies":[{"name":"wp","href":"https:\/\/api.w.org\/{rel}","templated":true}]}}