{"id":584662,"date":"2024-12-21T00:09:22","date_gmt":"2024-12-21T04:09:22","guid":{"rendered":"https:\/\/diariodominicano.com\/?p=584662"},"modified":"2024-12-21T00:09:30","modified_gmt":"2024-12-21T04:09:30","slug":"sondeo-tropiezos-y-retos-obligan-a-un-giro-del-gobierno","status":"publish","type":"post","link":"https:\/\/diariodominicano.com\/?p=584662","title":{"rendered":"SONDEO Tropiezos y retos: \u00bfobligan a un giro del gobierno?"},"content":{"rendered":"\n<p>Por LUIS ENCARNACION PIMENTEL<\/p>\n\n\n\n<p>Sin necesidad de mira especial, se advierte un desgaste m\u00e1s temprano de lo habitual del gobierno, debido a tropiezos y errores de responsables de \u00e1reas claves en las que se esperaba un mejor desempe\u00f1o. Es normal que los gobiernos, por diversidad de factores, en un segundo mandato entren en una etapa de declive y de p\u00e9rdida de aprobaci\u00f3n popular que hasta les cierre el paso a un tercer periodo, pero no tan temprano, sino a partir de los dos a\u00f1os, cuando disgustos, deterioro o incumplimientos representen un gran paquete que aleje toda posibilidad de \u00e9xito electoral. En el caso del presidente Abinader y el PRM, cuyo noviciado del 2020 los esper\u00f3 con la dif\u00edcil prueba de la pandemia del COVID-19, pasada con buenas notas, el inicio de una segunda responsabilidad en el manejo del Estado ten\u00eda una experiencia de cuatro a\u00f1os.<\/p>\n\n\n\n<p>Por esto \u00faltimo, no se esperaba la ocurrencia de tropiezos y errores costosos que, de haberse evitado, hoy en muchos no primara la impresi\u00f3n de estar ante un gobierno viejo, pese a los pocos meses de inicio del segundo periodo. Lo cierto es que algo falta o est\u00e1 sobrando en el gobierno, por lo que &#8211; a todas luces y terquedad o prejuicio oficial a un lado- se impone un replanteo del accionar y el proceder gubernamental en diversos terrenos, incluido el manejo medi\u00e1tico. Porque el de los bonos, el de la muerte de polic\u00edas (\u00bfuna campa\u00f1ita para hacer saltar al director?) y del caso del gran alijo de drogas todav\u00eda sin due\u00f1o ni responsable claro, no fue bueno; dejando mucho de que hablar e interrogantes sin responder. Por eso el mismo sector oficial, sabemos, hay gente con preocupaci\u00f3n, que piensa y ve la necesidad de un relanzamiento del gobierno y de un giro en determinadas cosas.<\/p>\n\n\n\n<p>&nbsp;Aunque parece que se est\u00e1 haciendo un poco tarde, porque el mejor tiempo para eso era con el inicio mismo del nuevo per\u00edodo, con m\u00e1s caras nuevas y con renovados br\u00edos en el equipo. Claro, premiando con la confirmaci\u00f3n el buen desempe\u00f1o y los resultados, como hizo el presidente, por ejemplo, con el gobernador del Banco Central, H\u00e9ctor Valdez Albizu; el titular de Banreservas, Samuel Pereyra; el Super de Banco, Alejandro Fern\u00e1ndez, y el director de Aduanas, Eduardo Sanz Lovat\u00f3n. Otros de los mantenidos ah\u00ed, no se sabe por qu\u00e9, son parte de los que abonan la impresi\u00f3n de muchos en el pa\u00eds de un desgaste temprano del gobierno y de que parezca viejo a solo meses de tener lugar lo del \u201cbateo y corrido\u201d, para citar palabras del amigo, muy activo, Guido G\u00f3mez Mazara. encar-medios@hotmail.com&nbsp;&nbsp; &nbsp;&nbsp;&nbsp;&nbsp;&nbsp;&nbsp;&nbsp;<\/p>\n","protected":false},"excerpt":{"rendered":"<p>Por LUIS ENCARNACION PIMENTEL Sin necesidad de mira especial, se advierte un desgaste m\u00e1s temprano de lo habitual del gobierno, debido a tropiezos y errores de responsables de \u00e1reas claves en las que se esperaba un mejor desempe\u00f1o. Es normal que los gobiernos, por diversidad de factores, en un segundo mandato entren en una etapa [&hellip;]<\/p>\n","protected":false},"author":28,"featured_media":552413,"comment_status":"closed","ping_status":"closed","sticky":true,"template":"","format":"standard","meta":{"footnotes":""},"categories":[36,19,16,27],"tags":[],"class_list":["post-584662","post","type-post","status-publish","format-standard","has-post-thumbnail","hentry","category-hombresmujeresycosas","category-mi-voz","category-opiniones","category-portada"],"_links":{"self":[{"href":"https:\/\/diariodominicano.com\/index.php?rest_route=\/wp\/v2\/posts\/584662","targetHints":{"allow":["GET"]}}],"collection":[{"href":"https:\/\/diariodominicano.com\/index.php?rest_route=\/wp\/v2\/posts"}],"about":[{"href":"https:\/\/diariodominicano.com\/index.php?rest_route=\/wp\/v2\/types\/post"}],"author":[{"embeddable":true,"href":"https:\/\/diariodominicano.com\/index.php?rest_route=\/wp\/v2\/users\/28"}],"replies":[{"embeddable":true,"href":"https:\/\/diariodominicano.com\/index.php?rest_route=%2Fwp%2Fv2%2Fcomments&post=584662"}],"version-history":[{"count":1,"href":"https:\/\/diariodominicano.com\/index.php?rest_route=\/wp\/v2\/posts\/584662\/revisions"}],"predecessor-version":[{"id":584663,"href":"https:\/\/diariodominicano.com\/index.php?rest_route=\/wp\/v2\/posts\/584662\/revisions\/584663"}],"wp:featuredmedia":[{"embeddable":true,"href":"https:\/\/diariodominicano.com\/index.php?rest_route=\/wp\/v2\/media\/552413"}],"wp:attachment":[{"href":"https:\/\/diariodominicano.com\/index.php?rest_route=%2Fwp%2Fv2%2Fmedia&parent=584662"}],"wp:term":[{"taxonomy":"category","embeddable":true,"href":"https:\/\/diariodominicano.com\/index.php?rest_route=%2Fwp%2Fv2%2Fcategories&post=584662"},{"taxonomy":"post_tag","embeddable":true,"href":"https:\/\/diariodominicano.com\/index.php?rest_route=%2Fwp%2Fv2%2Ftags&post=584662"}],"curies":[{"name":"wp","href":"https:\/\/api.w.org\/{rel}","templated":true}]}}