{"id":584641,"date":"2024-12-20T20:03:50","date_gmt":"2024-12-21T00:03:50","guid":{"rendered":"https:\/\/diariodominicano.com\/?p=584641"},"modified":"2024-12-20T20:08:36","modified_gmt":"2024-12-21T00:08:36","slug":"mirex-y-dga-firman-acuerdo-para-potenciar-las-exportaciones-y-eficientizar-procesos-administrativos","status":"publish","type":"post","link":"https:\/\/diariodominicano.com\/?p=584641","title":{"rendered":"Mirex y DGA firman acuerdo para potenciar las exportaciones y eficientizar procesos administrativos"},"content":{"rendered":"\n<p>diariodominicano.com<\/p>\n\n\n\n<p>Santo Domingo, R. D.,\u200220 de diciembre, 2024.-\u2003El Ministerio de Relaciones Exteriores (<strong>Mirex<\/strong>) y la Direcci\u00f3n General de Aduanas\u00a0<strong>(DGA)<\/strong>\u00a0firmaron un acuerdo de\u00a0<strong>colaboraci\u00f3n interinstitucional<\/strong>\u00a0para reforzar el trabajo de las misiones diplom\u00e1ticas y consulares en la\u00a0<strong>gesti\u00f3n de oportunidades de exportaci\u00f3n<\/strong>\u00a0y ampliar el trabajo de la\u00a0<strong>representaci\u00f3n comercial<\/strong>\u00a0del pa\u00eds en el exterior.<\/p>\n\n\n\n<p>El convenio, firmado por el canciller&nbsp;<strong>Roberto \u00c1lvarez<\/strong>&nbsp;y el director general de Aduanas,&nbsp;<strong>Eduardo Sanz Lovat\u00f3n<\/strong>, adem\u00e1s establece que ambas instituciones unir\u00e1n esfuerzos para continuar promoviendo a la Rep\u00fablica Dominicana como el&nbsp;<strong>principal hub log\u00edstico del Caribe y Centroam\u00e9rica<\/strong>, con integraciones del&nbsp;<strong>transporte mar\u00edtimo, a\u00e9reo y terrestre<\/strong>&nbsp;para facilitar el comercio global.<\/p>\n\n\n\n<p><em>\u201cUno de los aspectos m\u00e1s relevantes de este acuerdo es el fortalecimiento del intercambio de informaci\u00f3n entre nuestras instituciones, permitiendo que el Mirex cuente con datos actualizados y precisos sobre el comercio internacional. Esto ser\u00e1 clave para nuestras misiones diplom\u00e1ticas en el exterior, que podr\u00e1n desempe\u00f1ar su labor con mayor efectividad, al tener acceso a informaci\u00f3n, en tiempo real con tan solo un clic, que apoyen a impulsar nuestras exportaciones e importaciones, a consolidarnos como un hub log\u00edstico en la regi\u00f3n y atraer nuevas inversiones\u201d,<\/em>&nbsp;afirm\u00f3 el ministro \u00c1lvarez.&nbsp;<\/p>\n\n\n\n<p>De su lado, el director general de Aduanas expres\u00f3 que este acuerdo ser\u00e1 trascendental para promover, a trav\u00e9s de las r<strong>epresentaciones diplom\u00e1ticas<\/strong>, el comercio dominicano, y c\u00f3mo el pa\u00eds se ha convertido, bajo la gesti\u00f3n que encabeza el&nbsp;<strong>presidente Luis Abinader<\/strong>, en un&nbsp;<strong>hub log\u00edstico<\/strong>&nbsp;de clase mundial, y en un&nbsp;<strong>ejemplo a seguir para otras aduanas del mundo.<\/strong><\/p>\n\n\n\n<p><em>\u00abCuando nosotros inauguramos nuestra gesti\u00f3n, \u00e9ramos el 18 % de los ingresos del Estado; hoy somos el 25 % es estos, y hemos incrementado los hallazgos en todos los il\u00edcitos. Este acuerdo, se suma a las iniciativas como Exporta +, que cuenta ya con 109 empresas registradas\u201d,<\/em>\u00a0puntualiz\u00f3 Sanz Lovat\u00f3n.<\/p>\n\n\n\n<p>Mediante este acuerdo, el Mirex y la DGA trabajar\u00e1n en la&nbsp;<strong>automatizaci\u00f3n del proceso de solicitud de cruces transfronterizos hacia Hait\u00ed<\/strong>, de modo que se elimina la necesidad de desplazamiento de los solicitantes a la DGA. Tambi\u00e9n, se refuerza el compromiso de la Canciller\u00eda para canalizar&nbsp;<strong>capacitaci\u00f3n y formaci\u00f3n profesional internacional al personal de Aduanas,<\/strong>&nbsp;en \u00e1reas como comercio exterior, control, fiscalizaci\u00f3n, seguridad y modernizaci\u00f3n aduanera, entre otros.<\/p>\n\n\n\n<p>Adem\u00e1s, servir\u00e1 para optimizar los procesos actuales de la&nbsp;<strong>Ventanilla \u00danica de Comercio Exterior (VUCE)<\/strong>&nbsp;para simplificar tr\u00e1mites, agilizar las gestiones y reducir significativamente los tiempos de respuesta en las distintas solicitudes.&nbsp;<\/p>\n\n\n\n<p>La firma de este acuerdo fue posible gracias al trabajo conjunto entre el Viceministerio para Asuntos Econ\u00f3micos y Cooperaci\u00f3n Internacional del Ministerio de Relaciones Exteriores (MIREX) y la Direcci\u00f3n General de Aduanas (DGA), cuyos representantes estuvieron presentes durante el acto protocolar.<\/p>\n\n\n\n<p>Fuente: Direcci\u00f3n de Estrategia y Comunicaci\u00f3n<\/p>\n\n\n\n<p>Ministerio Administrativo de la Presidencia de la Rep\u00fablica Dominicana<\/p>\n","protected":false},"excerpt":{"rendered":"<p>diariodominicano.com Santo Domingo, R. D.,\u200220 de diciembre, 2024.-\u2003El Ministerio de Relaciones Exteriores (Mirex) y la Direcci\u00f3n General de Aduanas\u00a0(DGA)\u00a0firmaron un acuerdo de\u00a0colaboraci\u00f3n interinstitucional\u00a0para reforzar el trabajo de las misiones diplom\u00e1ticas y consulares en la\u00a0gesti\u00f3n de oportunidades de exportaci\u00f3n\u00a0y ampliar el trabajo de la\u00a0representaci\u00f3n comercial\u00a0del pa\u00eds en el exterior. El convenio, firmado por el canciller&nbsp;Roberto \u00c1lvarez&nbsp;y [&hellip;]<\/p>\n","protected":false},"author":5,"featured_media":584642,"comment_status":"closed","ping_status":"closed","sticky":true,"template":"","format":"standard","meta":{"footnotes":""},"categories":[20,27],"tags":[],"class_list":["post-584641","post","type-post","status-publish","format-standard","has-post-thumbnail","hentry","category-dominicana-hoy","category-portada"],"_links":{"self":[{"href":"https:\/\/diariodominicano.com\/index.php?rest_route=\/wp\/v2\/posts\/584641","targetHints":{"allow":["GET"]}}],"collection":[{"href":"https:\/\/diariodominicano.com\/index.php?rest_route=\/wp\/v2\/posts"}],"about":[{"href":"https:\/\/diariodominicano.com\/index.php?rest_route=\/wp\/v2\/types\/post"}],"author":[{"embeddable":true,"href":"https:\/\/diariodominicano.com\/index.php?rest_route=\/wp\/v2\/users\/5"}],"replies":[{"embeddable":true,"href":"https:\/\/diariodominicano.com\/index.php?rest_route=%2Fwp%2Fv2%2Fcomments&post=584641"}],"version-history":[{"count":1,"href":"https:\/\/diariodominicano.com\/index.php?rest_route=\/wp\/v2\/posts\/584641\/revisions"}],"predecessor-version":[{"id":584643,"href":"https:\/\/diariodominicano.com\/index.php?rest_route=\/wp\/v2\/posts\/584641\/revisions\/584643"}],"wp:featuredmedia":[{"embeddable":true,"href":"https:\/\/diariodominicano.com\/index.php?rest_route=\/wp\/v2\/media\/584642"}],"wp:attachment":[{"href":"https:\/\/diariodominicano.com\/index.php?rest_route=%2Fwp%2Fv2%2Fmedia&parent=584641"}],"wp:term":[{"taxonomy":"category","embeddable":true,"href":"https:\/\/diariodominicano.com\/index.php?rest_route=%2Fwp%2Fv2%2Fcategories&post=584641"},{"taxonomy":"post_tag","embeddable":true,"href":"https:\/\/diariodominicano.com\/index.php?rest_route=%2Fwp%2Fv2%2Ftags&post=584641"}],"curies":[{"name":"wp","href":"https:\/\/api.w.org\/{rel}","templated":true}]}}