{"id":584639,"date":"2024-12-20T19:45:36","date_gmt":"2024-12-20T23:45:36","guid":{"rendered":"https:\/\/diariodominicano.com\/?p=584639"},"modified":"2024-12-20T19:45:45","modified_gmt":"2024-12-20T23:45:45","slug":"chile-promulga-ley-para-evitar-demoras-en-obras-de-transmision-electrica-e-impulsar-el-uso-de-energias-limpias","status":"publish","type":"post","link":"https:\/\/diariodominicano.com\/?p=584639","title":{"rendered":"Chile promulga ley para evitar demoras en obras de transmisi\u00f3n el\u00e9ctrica e impulsar el uso de energ\u00edas limpias"},"content":{"rendered":"\n<p>diariodominicano.com<\/p>\n\n\n\n<p>SANTIAGO, 20 dic (Xinhua) &#8212; El presidente de Chile, Gabriel Boric, promulg\u00f3 hoy viernes una ley de transici\u00f3n energ\u00e9tica que busca enmendar las demoras en obras de transmisi\u00f3n el\u00e9ctrica y acelerar la incorporaci\u00f3n de energ\u00edas limpias al sistema el\u00e9ctrico del pa\u00eds. \u00abCon pasos concretos como esta ley, estamos contribuyendo a la lucha contra la crisis clim\u00e1tica, asegurando que las oportunidades de desarrollo lleguen a las regiones, especialmente a sus zonas rurales m\u00e1s rezagadas, y esa es la visi\u00f3n justamente que tenemos para Chile\u00bb, se\u00f1al\u00f3 el mandatario durante un acto en la regi\u00f3n de \u00d1uble (centro-sur), la cual enfrenta un d\u00e9ficit en infraestructura de transmisi\u00f3n el\u00e9ctrica que ha repercutido en diversas \u00e1reas productivas. La nueva normativa, que inici\u00f3 su tr\u00e1mite en el Congreso Nacional en julio de 2023, tiene como objetivo priorizar la transmisi\u00f3n el\u00e9ctrica como un sector que habilita el proceso de descarbonizaci\u00f3n de Chile, as\u00ed como acelerar la participaci\u00f3n de las energ\u00edas limpias en el sistema. Tambi\u00e9n se tiene previsto con esta legislaci\u00f3n atraer inversiones relevantes en el sector energ\u00e9tico, con el fin de potenciar la creaci\u00f3n de nuevos empleos y mejorar la calidad de vida de las personas, principalmente en los territorios rurales. Chile se ha propuesto la meta de ser carbono neutral y resiliente al cambio clim\u00e1tico a m\u00e1s tardar en 2050, una acci\u00f3n desafiante que lo ha convertido en uno de los 15 pa\u00edses m\u00e1s atractivos en el mundo para invertir en energ\u00edas renovables, indic\u00f3 un sondeo elaborado por la consultora internacional EY. El pa\u00eds andino mantiene un enorme potencial en recursos renovables, con aptitudes para generar energ\u00eda e\u00f3lica, solar, hidr\u00e1ulica, geot\u00e9rmica e hidr\u00f3geno verde, entre otras. En el marco de la Ley de Transici\u00f3n Energ\u00e9tica presentada esta jornada, se encuentra el traspaso de los procesos de licitaci\u00f3n de obras de ampliaci\u00f3n a manos de los propietarios, lo que permite establecerlos como los responsables de la supervisi\u00f3n y ejecuci\u00f3n de obras. Tambi\u00e9n se agiliza el proceso administrativo de las licitaciones, para as\u00ed disminuir los costos de transacci\u00f3n, al tiempo que se incorpora un mecanismo para desarrollar obras, entre otras medidas. Desde el Ministerio de Energ\u00eda anunciaron la construcci\u00f3n de una l\u00ednea de transmisi\u00f3n el\u00e9ctrica al a\u00f1o 2034 por unos 1.500 millones de d\u00f3lares, de los cuales 500 millones ser\u00e1n invertidos en la regi\u00f3n de \u00d1uble.<\/p>\n","protected":false},"excerpt":{"rendered":"<p>diariodominicano.com SANTIAGO, 20 dic (Xinhua) &#8212; El presidente de Chile, Gabriel Boric, promulg\u00f3 hoy viernes una ley de transici\u00f3n energ\u00e9tica que busca enmendar las demoras en obras de transmisi\u00f3n el\u00e9ctrica y acelerar la incorporaci\u00f3n de energ\u00edas limpias al sistema el\u00e9ctrico del pa\u00eds. \u00abCon pasos concretos como esta ley, estamos contribuyendo a la lucha contra la [&hellip;]<\/p>\n","protected":false},"author":5,"featured_media":323101,"comment_status":"closed","ping_status":"closed","sticky":true,"template":"","format":"standard","meta":{"footnotes":""},"categories":[23,27],"tags":[],"class_list":["post-584639","post","type-post","status-publish","format-standard","has-post-thumbnail","hentry","category-internacional","category-portada"],"_links":{"self":[{"href":"https:\/\/diariodominicano.com\/index.php?rest_route=\/wp\/v2\/posts\/584639","targetHints":{"allow":["GET"]}}],"collection":[{"href":"https:\/\/diariodominicano.com\/index.php?rest_route=\/wp\/v2\/posts"}],"about":[{"href":"https:\/\/diariodominicano.com\/index.php?rest_route=\/wp\/v2\/types\/post"}],"author":[{"embeddable":true,"href":"https:\/\/diariodominicano.com\/index.php?rest_route=\/wp\/v2\/users\/5"}],"replies":[{"embeddable":true,"href":"https:\/\/diariodominicano.com\/index.php?rest_route=%2Fwp%2Fv2%2Fcomments&post=584639"}],"version-history":[{"count":1,"href":"https:\/\/diariodominicano.com\/index.php?rest_route=\/wp\/v2\/posts\/584639\/revisions"}],"predecessor-version":[{"id":584640,"href":"https:\/\/diariodominicano.com\/index.php?rest_route=\/wp\/v2\/posts\/584639\/revisions\/584640"}],"wp:featuredmedia":[{"embeddable":true,"href":"https:\/\/diariodominicano.com\/index.php?rest_route=\/wp\/v2\/media\/323101"}],"wp:attachment":[{"href":"https:\/\/diariodominicano.com\/index.php?rest_route=%2Fwp%2Fv2%2Fmedia&parent=584639"}],"wp:term":[{"taxonomy":"category","embeddable":true,"href":"https:\/\/diariodominicano.com\/index.php?rest_route=%2Fwp%2Fv2%2Fcategories&post=584639"},{"taxonomy":"post_tag","embeddable":true,"href":"https:\/\/diariodominicano.com\/index.php?rest_route=%2Fwp%2Fv2%2Ftags&post=584639"}],"curies":[{"name":"wp","href":"https:\/\/api.w.org\/{rel}","templated":true}]}}