{"id":584637,"date":"2024-12-20T19:31:57","date_gmt":"2024-12-20T23:31:57","guid":{"rendered":"https:\/\/diariodominicano.com\/?p=584637"},"modified":"2024-12-20T19:32:04","modified_gmt":"2024-12-20T23:32:04","slug":"haiti-vudu-y-caos-2","status":"publish","type":"post","link":"https:\/\/diariodominicano.com\/?p=584637","title":{"rendered":"Hait\u00ed, vud\u00fa y caos"},"content":{"rendered":"\n<p>diariodominicano.com<\/p>\n\n\n\n<p>Por <strong>Manuel D\u00edaz Aponte<\/strong><\/p>\n\n\n\n<p>Santo Domingo, R. D.,\u200220 de diciembre, 2024.-\u2003Nunca olvidar\u00e9 el terrible episodio que vivi\u00f3 mi padre, Juan D\u00edaz Hern\u00e1ndez y la familia con un supuesto Loa o Lwa haitiano que amenaz\u00f3 con llevarnos al infierno y convertirnos en cenizas sino le entregaba una botella de ron \u201cf\u00eda\u201d a aquel individuo, que tuvo la osad\u00eda de tocar insistentemente la puerta de la bodega del batey ya cerrada ante la hora, y, penetrar, por la puerta de acceso a la casa.<\/p>\n\n\n\n<p>Todos nos sentimos aterrorizados particularmente los m\u00e1s peque\u00f1os que \u00e9ramos mi hermano mellizo y yo. Pero, mi difunto padre, no titube\u00f3 en responder firme y valientemente con machete en manos conminando al intruso a salir inmediatamente del hogar.<\/p>\n\n\n\n<p>Pap\u00e1, no quiso utilizar su rev\u00f3lver legal que ten\u00eda para cuidar su propiedad y familia ante cualquier acontecimiento que pudiera ponernos en peligro, e inteligentemente, opt\u00f3 por persuadirlo con tono en\u00e9rgico a desistir de sus macabros prop\u00f3sitos.<\/p>\n\n\n\n<p>Respiramos profundamente en medio del llanto de los que \u00e9ramos ni\u00f1os y tras la consolaci\u00f3n de nuestra madre, Dorotea Aponte (Do\u00f1a Juana), la calma retorn\u00f3 a nuestra guarida para as\u00ed conciliar el sue\u00f1o.<\/p>\n\n\n\n<p>En el batey \u201cAlejandro Bass\u201d donde viv\u00ed una parte de la infancia hasta que juntos a nuestros padres nos mudamos a San Pedro de Macor\u00eds, ciudad donde nacimos en el entonces hospital San Antonio, bajo el cuidado del doctor Antonio Musa.<\/p>\n\n\n\n<p>En ese ambiente bateyero era una tradici\u00f3n y atractivo ver en una enramada el sacrificio de gallos con movimientos giratorios en su pescuezo hasta extraerle la sangre, que era a su vez, ingerida por el Loa.<\/p>\n\n\n\n<p>Nunca nuestros padres nos permitieron presenciar ese drama, el cual, verdaderamente eriza los pelos y lleva al subconsciente humano al borde del delirio y al precipicio de la enajenaci\u00f3n.<\/p>\n\n\n\n<p>Con ese relato introductorio no estoy diciendo que todos los haitianos son malos y con mentalidad diab\u00f3lica, pero es evidente, que su cultura \u201cm\u00e1gico-religiosa \u201ces diferente a la nuestra con base cristiana y apegada al concepto de unificaci\u00f3n familiar.<\/p>\n\n\n\n<p>Trujillo, Duvalier y Balaguer<\/p>\n\n\n\n<p>Los haitianos tra\u00eddos al pa\u00eds durante la dictadura de Rafael Le\u00f3nidas Trujillo y su par y socio ideol\u00f3gico, Fran\u00e7ois Duvalier, conocido con el sobrenombre de Papa Doc, proven\u00edan del campo y eran gentes sanas, sin malicias, que forzosamente eran sacados de sus habituales espacios rurales para venir a cortar ca\u00f1a en el entonces poderoso conglomerado azucarero estatal de Rep\u00fablica Dominicana.<\/p>\n\n\n\n<p>Al finalizar el per\u00edodo de la zafra eran retornados a su pa\u00eds de origen, tradici\u00f3n que sigui\u00f3 posteriormente a la ca\u00edda de Trujillo, periodo de transici\u00f3n y llegada al poder del l\u00edder reformista Joaqu\u00edn Balaguer y m\u00e1s luego, en los gobiernos del Partido Revolucionario Dominicano.Esos braceros haitianos no hablaban espa\u00f1ol y para comunicarse ten\u00edan traductores que ya hab\u00edan laborado con anterioridad en los campos ca\u00f1eros del pa\u00eds, espec\u00edficamente, en la regi\u00f3n Este.<\/p>\n\n\n\n<p>La mano de obra extranjera era contratada y contabilizada seg\u00fan las necesidades laborales en los ingenios azucareros, raz\u00f3n por la que ning\u00fan extranjero se quedaba viviendo en territorio&nbsp; dominicano.<\/p>\n\n\n\n<p>Tampoco las parturientas haitianas alumbraban en territorio dominicano porque los braceros contratados ven\u00edan sin sus mujeres, lo que obviamente, imposibilitaba que nacieran tantos haitianos como ocurre actualmente.<\/p>\n\n\n\n<p>En realidad, hab\u00eda un mejor control migratorio en los gobiernos de Trujillo y de Balaguer en las relaciones con Hait\u00ed.<\/p>\n\n\n\n<p>Ahora es un desenfreno total obligando al gobierno a gastar m\u00e1s del 40% del presupuesto en salud para cubrir los partos de haitianas en los hospitales p\u00fablicos, lo que resulta insostenible para el Estado dominicano, seg\u00fan las propias autoridades sanitarias. S\u00f3lo en noviembre pasado se practicaron 7 mil partos de haitianas en esos establecimientos.<\/p>\n\n\n\n<p>Se agrega tambi\u00e9n, el aumento delincuencial en el que intervienen haitianos con varios asaltos y asesinatos de propietarios de fincas en localidades rurales del territorio nacional.<\/p>\n\n\n\n<p>Los haitianos que cruzan el pa\u00eds provienen en su mayor\u00eda de zonas urbanas con mayores destrezas y perversidades que los que proced\u00edan del campo.<\/p>\n\n\n\n<h3 class=\"wp-block-heading\">Desenfreno Migratorio<\/h3>\n\n\n\n<p>El desenfreno migratorio que muchos atribuyen a un plan bien concebido por pa\u00edses que pretenden que la Rep\u00fablica Dominicana cargue con la desgracia haitiana, obligando a las autoridades actuales a levantar una valla fronteriza en la franja que nos divide de Hait\u00ed, cuya primera etapa fue inaugurada, en octubre de 2023.<\/p>\n\n\n\n<p>La primera fase de la verja fronteriza consta de 54 kil\u00f3metros de caminos, mientras que la segunda abarca unos 110 kil\u00f3metros.<\/p>\n\n\n\n<p>El presidente Luis Abinader al abordar su pol\u00edtica fronteriza dijo \u201cno es solo una pol\u00edtica de Gobierno, es una pol\u00edtica de Estado\u00bb, pues, subray\u00f3, \u00abaqu\u00ed se juegan nuestros intereses como naci\u00f3n, la defensa de las leyes de nuestro pa\u00eds y los derechos de nuestros ciudadanos\u00bb.<\/p>\n\n\n\n<p>En este 2024, la Direcci\u00f3n General de Migraci\u00f3n ha intensificado las deportaciones de haitianos ilegales hacia su territorio, particularmente tras la designaci\u00f3n del vicealmirante Luis Rafael Lee Ballester, como nuevo director general de Migraci\u00f3n, mediante el decreto 560-24, emitido por el Poder Ejecutivo.<\/p>\n\n\n\n<p>Se estableci\u00f3 deportar 10 mil haitianos ilegales mensualmente y las autoridades afirman que van m\u00e1s de cien mil devueltos a su territorio en los \u00faltimos dos meses.<\/p>\n\n\n\n<h3 class=\"wp-block-heading\">Pesadilla del Vud\u00fa<\/h3>\n\n\n\n<p>La tiran\u00eda Duvalierista supo manejar, utilizar, promover y expandir masivamente el Vud\u00fa, como sincronismo de atracci\u00f3n y control de los haitianos, y frecuentemente el propio Fran\u00e7ois Duvalier y despu\u00e9s su hijo, Jean-Claude Duvalier sigui\u00f3 esa tradici\u00f3n desde el gobierno.<\/p>\n\n\n\n<p>Una pr\u00e1ctica que fue efectiva para el dominio y control de la poblaci\u00f3n haitiana sumergida en la miseria por d\u00e9cadas hasta convertirse actualmente en dependiente de las d\u00e1divas internacionales.<\/p>\n\n\n\n<p>El reciente asesinato de 180 ancianos haitianos en Puerto Pr\u00edncipe, capital haitiana, ante una supuesta venganza hechicera retrata la realidad del terror y atraso mental, cultural y socioecon\u00f3mico de ese desventurado territorio.<\/p>\n\n\n\n<p>Los cr\u00edmenes parecen haber tenido como objetivo espec\u00edfico a adultos mayores que fueron acusados por el jefe de una pandilla de practicar \u00abbrujer\u00eda\u00bb. Las atrocidades fueron ordenadas directamente por el l\u00edder de una de las bandas en venganza por supuestamente practicar rituales contra su hijo, seg\u00fan relato de France 24 y del diario espa\u00f1ol El Pa\u00eds.<\/p>\n\n\n\n<p>Ese atroz episodio conmovi\u00f3 a la ONU que exigi\u00f3 mayores recursos para la misi\u00f3n internacional desplegada en esa zona caribe\u00f1a, que registra este a\u00f1o 5000 asesinatos.<\/p>\n\n\n\n<p>Nadie se siente seguro transitando por las calles haitianas y el panorama tiende a agravarse obligando a la polic\u00eda a intensificar el combate contra las pandillas, acci\u00f3n que ha provocado la ejecuci\u00f3n de decenas de delincuentes en Puerto Pr\u00edncipe y otras localidades.<\/p>\n\n\n\n<p>Las autoridades dominicanas mantienen una vigilancia permanente con unidades militares especializadas en todo el litoral fronterizo, y m\u00e1s ahora, cuando las bandas armadas siguen sus tropel\u00edas, asesinando y destruyendo viviendas y hospitales. Parecer\u00eda que su prop\u00f3sito final es convertir Hait\u00ed, en simple cenizas.<\/p>\n\n\n\n<p>\u00bfLo lograr\u00e1n?<\/p>\n","protected":false},"excerpt":{"rendered":"<p>diariodominicano.com Por Manuel D\u00edaz Aponte Santo Domingo, R. D.,\u200220 de diciembre, 2024.-\u2003Nunca olvidar\u00e9 el terrible episodio que vivi\u00f3 mi padre, Juan D\u00edaz Hern\u00e1ndez y la familia con un supuesto Loa o Lwa haitiano que amenaz\u00f3 con llevarnos al infierno y convertirnos en cenizas sino le entregaba una botella de ron \u201cf\u00eda\u201d a aquel individuo, que [&hellip;]<\/p>\n","protected":false},"author":5,"featured_media":510907,"comment_status":"closed","ping_status":"closed","sticky":true,"template":"","format":"standard","meta":{"footnotes":""},"categories":[19,16,27],"tags":[],"class_list":["post-584637","post","type-post","status-publish","format-standard","has-post-thumbnail","hentry","category-mi-voz","category-opiniones","category-portada"],"_links":{"self":[{"href":"https:\/\/diariodominicano.com\/index.php?rest_route=\/wp\/v2\/posts\/584637","targetHints":{"allow":["GET"]}}],"collection":[{"href":"https:\/\/diariodominicano.com\/index.php?rest_route=\/wp\/v2\/posts"}],"about":[{"href":"https:\/\/diariodominicano.com\/index.php?rest_route=\/wp\/v2\/types\/post"}],"author":[{"embeddable":true,"href":"https:\/\/diariodominicano.com\/index.php?rest_route=\/wp\/v2\/users\/5"}],"replies":[{"embeddable":true,"href":"https:\/\/diariodominicano.com\/index.php?rest_route=%2Fwp%2Fv2%2Fcomments&post=584637"}],"version-history":[{"count":1,"href":"https:\/\/diariodominicano.com\/index.php?rest_route=\/wp\/v2\/posts\/584637\/revisions"}],"predecessor-version":[{"id":584638,"href":"https:\/\/diariodominicano.com\/index.php?rest_route=\/wp\/v2\/posts\/584637\/revisions\/584638"}],"wp:featuredmedia":[{"embeddable":true,"href":"https:\/\/diariodominicano.com\/index.php?rest_route=\/wp\/v2\/media\/510907"}],"wp:attachment":[{"href":"https:\/\/diariodominicano.com\/index.php?rest_route=%2Fwp%2Fv2%2Fmedia&parent=584637"}],"wp:term":[{"taxonomy":"category","embeddable":true,"href":"https:\/\/diariodominicano.com\/index.php?rest_route=%2Fwp%2Fv2%2Fcategories&post=584637"},{"taxonomy":"post_tag","embeddable":true,"href":"https:\/\/diariodominicano.com\/index.php?rest_route=%2Fwp%2Fv2%2Ftags&post=584637"}],"curies":[{"name":"wp","href":"https:\/\/api.w.org\/{rel}","templated":true}]}}