{"id":584606,"date":"2024-12-20T14:26:26","date_gmt":"2024-12-20T18:26:26","guid":{"rendered":"https:\/\/diariodominicano.com\/?p=584606"},"modified":"2024-12-20T14:31:12","modified_gmt":"2024-12-20T18:31:12","slug":"opositor-venezolano-refugiado-en-embajada-de-argentina-en-caracas-se-presenta-ante-autoridades-venezolanas","status":"publish","type":"post","link":"https:\/\/diariodominicano.com\/?p=584606","title":{"rendered":"Opositor venezolano refugiado en Embajada de Argentina en Caracas se presenta ante autoridades venezolanas"},"content":{"rendered":"\n<p>diariodominicano.com<\/p>\n\n\n\n<p>CARACAS, 20 dic (Xinhua) &#8212; El opositor venezolano Fernando Mart\u00ednez Mottola, quien se encontraba refugiado en la Embajada de Argentina en Venezuela, en la ciudad de Caracas, sali\u00f3 del lugar y se present\u00f3 de manera voluntaria ante las autoridades venezolanas, inform\u00f3 hoy viernes el fiscal general de Venezuela, Tarek William Saab. \u00abEl d\u00eda de ayer (jueves) 19 de diciembre de 2024 se present\u00f3 voluntariamente en la sede principal del Ministerio P\u00fablico en Caracas el se\u00f1or Fernando Mart\u00ednez Mottola\u00bb, expres\u00f3 el fiscal venezolano a trav\u00e9s de un comunicado difundido por el Ministerio P\u00fablico. El texto detalla que Mart\u00ednez Mottola \u00abrindi\u00f3 declaraci\u00f3n en sede fiscal en torno a los graves hechos violentos, conspirativos y desestabilizadores organizados desde la mencionada sede diplom\u00e1tica durante los \u00faltimos meses\u00bb. El fiscal Saab asegur\u00f3 que el opositor venezolano decidi\u00f3 \u00abcolaborar activamente con la justicia venezolana\u00bb, adem\u00e1s de que se garantizar\u00e1 el debido proceso. Mart\u00ednez Mottola era el \u00fanico entre los opositores que se encuentran en la Embajada de Argentina que no pertenece al partido Vente Venezuela que lidera Mar\u00eda Corina Machado. El comunicado del Ministerio P\u00fablico se\u00f1ala a este grupo de personas como \u00abpr\u00f3fugos\u00bb de la justicia venezolana.<\/p>\n\n\n\n<figure class=\"wp-block-image size-full\"><img loading=\"lazy\" decoding=\"async\" width=\"670\" height=\"313\" src=\"https:\/\/diariodominicano.com\/wp-content\/uploads\/2024\/12\/asilados-Embajada-argentina-Caracas-20-12-24.jpg\" alt=\"\" class=\"wp-image-584611\" srcset=\"https:\/\/diariodominicano.com\/wp-content\/uploads\/2024\/12\/asilados-Embajada-argentina-Caracas-20-12-24.jpg 670w, https:\/\/diariodominicano.com\/wp-content\/uploads\/2024\/12\/asilados-Embajada-argentina-Caracas-20-12-24-300x140.jpg 300w\" sizes=\"auto, (max-width: 670px) 100vw, 670px\" \/><\/figure>\n","protected":false},"excerpt":{"rendered":"<p>diariodominicano.com CARACAS, 20 dic (Xinhua) &#8212; El opositor venezolano Fernando Mart\u00ednez Mottola, quien se encontraba refugiado en la Embajada de Argentina en Venezuela, en la ciudad de Caracas, sali\u00f3 del lugar y se present\u00f3 de manera voluntaria ante las autoridades venezolanas, inform\u00f3 hoy viernes el fiscal general de Venezuela, Tarek William Saab. \u00abEl d\u00eda de [&hellip;]<\/p>\n","protected":false},"author":5,"featured_media":584608,"comment_status":"closed","ping_status":"closed","sticky":true,"template":"","format":"standard","meta":{"footnotes":""},"categories":[23,27],"tags":[],"class_list":["post-584606","post","type-post","status-publish","format-standard","has-post-thumbnail","hentry","category-internacional","category-portada"],"_links":{"self":[{"href":"https:\/\/diariodominicano.com\/index.php?rest_route=\/wp\/v2\/posts\/584606","targetHints":{"allow":["GET"]}}],"collection":[{"href":"https:\/\/diariodominicano.com\/index.php?rest_route=\/wp\/v2\/posts"}],"about":[{"href":"https:\/\/diariodominicano.com\/index.php?rest_route=\/wp\/v2\/types\/post"}],"author":[{"embeddable":true,"href":"https:\/\/diariodominicano.com\/index.php?rest_route=\/wp\/v2\/users\/5"}],"replies":[{"embeddable":true,"href":"https:\/\/diariodominicano.com\/index.php?rest_route=%2Fwp%2Fv2%2Fcomments&post=584606"}],"version-history":[{"count":2,"href":"https:\/\/diariodominicano.com\/index.php?rest_route=\/wp\/v2\/posts\/584606\/revisions"}],"predecessor-version":[{"id":584612,"href":"https:\/\/diariodominicano.com\/index.php?rest_route=\/wp\/v2\/posts\/584606\/revisions\/584612"}],"wp:featuredmedia":[{"embeddable":true,"href":"https:\/\/diariodominicano.com\/index.php?rest_route=\/wp\/v2\/media\/584608"}],"wp:attachment":[{"href":"https:\/\/diariodominicano.com\/index.php?rest_route=%2Fwp%2Fv2%2Fmedia&parent=584606"}],"wp:term":[{"taxonomy":"category","embeddable":true,"href":"https:\/\/diariodominicano.com\/index.php?rest_route=%2Fwp%2Fv2%2Fcategories&post=584606"},{"taxonomy":"post_tag","embeddable":true,"href":"https:\/\/diariodominicano.com\/index.php?rest_route=%2Fwp%2Fv2%2Ftags&post=584606"}],"curies":[{"name":"wp","href":"https:\/\/api.w.org\/{rel}","templated":true}]}}