{"id":584603,"date":"2024-12-20T14:18:19","date_gmt":"2024-12-20T18:18:19","guid":{"rendered":"https:\/\/diariodominicano.com\/?p=584603"},"modified":"2024-12-20T14:18:26","modified_gmt":"2024-12-20T18:18:26","slug":"director-de-servicios-penitenciarios-resalta-logros-educativos-de-los-privados-de-libertad-en-este-2024","status":"publish","type":"post","link":"https:\/\/diariodominicano.com\/?p=584603","title":{"rendered":"Director de Servicios Penitenciarios resalta logros educativos de los privados de libertad en este 2024"},"content":{"rendered":"\n<p>diariodominicano.com<\/p>\n\n\n\n<p><strong>Santo Domingo, R. D., 20 de diciembre, 2024.-<\/strong>\u00a0 M\u00e1s de 40 privados de libertad en centros penitenciarios de todo el pa\u00eds obtuvieron sus t\u00edtulos universitarios durante este 2024. As\u00ed lo inform\u00f3 el titular de la Direcci\u00f3n General de Servicios Penitenciarios y Correccionales (DGSPC), coronel Roberto Hern\u00e1ndez Basilio, quien agreg\u00f3 que se espera que, para el pr\u00f3ximo a\u00f1o, unos 15 mil 193 privados de libertad alcancen su titulaci\u00f3n en diferentes \u00e1reas y niveles.<\/p>\n\n\n\n<p>Hern\u00e1ndez Basilio revel\u00f3 que para el pr\u00f3ximo 2025, se espera que 914 reciban certificados de alfabetizaci\u00f3n, otros 3,912 de educaci\u00f3n b\u00e1sica; 2,983 de secundaria; 59 de educaci\u00f3n superior; 5,710 de cursos t\u00e9cnicos; 691 de c\u00edrculos de lecturas orientadas a las Olimpiadas Duartianas y 392 de talleres religiosos. De estos, 13,963 son hombres y 620 mujeres.<\/p>\n\n\n\n<p>El director de la DGSPC explic\u00f3 que las capacitaciones fueron posibles a trav\u00e9s de los programas que ejecuta la instituci\u00f3n que dirige, los cuales contemplan la educaci\u00f3n como un pilar fundamental para la reinserci\u00f3n social de los privados de libertad, misma que incluye la educaci\u00f3n formal y t\u00e9cnica.<\/p>\n\n\n\n<p>Asimismo, a\u00f1adi\u00f3 que para formar a los privados de libertad contaron con la colaboraci\u00f3n de la Universidad Aut\u00f3noma de Santo Domingo (UASD), la Universidad de la Tercera Edad (UTE), la Universidad Abierta Para Adultos (UAPA), la Universidad Feliz Adam (UNEFA), la Universidad Federico Enr\u00edquez Carvajal (UFHEC) y el Centro de Educaci\u00f3n a Distancia para Adultos (SEADPA).<\/p>\n\n\n\n<p>\u201cEstos programas los desarrolla la instituci\u00f3n con la coordinaci\u00f3n que realiza la Subdirecci\u00f3n de Tratamiento con las diferentes casas de estudios, organizaciones de la sociedad civil, religiosas, educativas y t\u00e9cnicas, que al igual que nosotros, creen en dar una segunda oportunidad a los privados de libertad\u201d, agreg\u00f3.<\/p>\n\n\n\n<p>Entre las rutas formativas que aprovecharon los privados de libertad se cuentan las \u00e1reas de Derecho, Mercadotecnia, Psicolog\u00eda cl\u00ednica e industrial, Contabilidad e Ingenier\u00eda industrial.<\/p>\n\n\n\n<p>Entre los graduados est\u00e1n los privados de libertad Mario Jos\u00e9 Redondo Llenas, Milc\u00edades Brujan Paredes, C\u00e1ndido Ros\u00f3 Guzm\u00e1n, Alexander Custodio Manzueta, Mar\u00eda Geraldine de la Rosa Batista, Alexander Cisneros, Wellington Ram\u00f3n Quevedo Garc\u00eda, Pedro Polanco Ferreiras, Elver Fernando D\u00edaz Fern\u00e1ndez, Candy Caminero Rodr\u00edguez y Andr\u00e9s Cabrera. Mientras que \u00c1ngel Antonio V\u00e1zquez Ferm\u00edn recibi\u00f3 su t\u00edtulo de maestr\u00eda en Legislaci\u00f3n de Tierra.<\/p>\n\n\n\n<p>\u201cHay que resaltar que al privado de libertad Guacanagarix Ure\u00f1a, del Centro de Correcci\u00f3n y Rehabilitaci\u00f3n San Felipe Puerto Plata, le fue entregado el premio al M\u00e9rito Estudiantil que otorga el Distrito Educativo 11-02 de esa provincia\u201d, manifest\u00f3 Hern\u00e1ndez Basilio.<\/p>\n\n\n\n<p>Adem\u00e1s, dos privados de libertad desarrollaron sus estudios mediante el programa \u201cBeca T\u00fa Futuro\u201d del Ministerio de Educaci\u00f3n Superior, Ciencia y Tecnolog\u00eda (MESCyT) y otros siete con media beca otorgada por el Ayuntamiento de San Pedro de Macor\u00eds.<\/p>\n\n\n\n<p>Hern\u00e1ndez Basilio dijo que, para recibir las capacitaciones en las plataformas virtuales, los privados de libertad cuentan con servicio de internet y computadora, en \u00e1reas destinadas para tales fines en los centros penitenciarios.<\/p>\n\n\n\n<p>En los casos de la Direcci\u00f3n de Medio Libre, dependencia de la Direcci\u00f3n General de Servicios Penitenciarios y Correccionales (DGSPC), con la autorizaci\u00f3n que otorga la Ley 113-21, a trav\u00e9s de los tribunales, se otorgan permisos que permiten a estos salir a la libre comunidad a recibir educaci\u00f3n en los planteles escolares y universidades a nivel nacional.<\/p>\n\n\n\n<p><strong>Direcci\u00f3n General de Comunicaci\u00f3n, Prensa, y RRPP<\/strong><strong><\/strong><\/p>\n\n\n\n<p>Ministerio P\u00fablico.&nbsp;R.D.<\/p>\n\n\n\n<p>Viernes, 20 de diciembre de 2024<\/p>\n","protected":false},"excerpt":{"rendered":"<p>diariodominicano.com Santo Domingo, R. D., 20 de diciembre, 2024.-\u00a0 M\u00e1s de 40 privados de libertad en centros penitenciarios de todo el pa\u00eds obtuvieron sus t\u00edtulos universitarios durante este 2024. As\u00ed lo inform\u00f3 el titular de la Direcci\u00f3n General de Servicios Penitenciarios y Correccionales (DGSPC), coronel Roberto Hern\u00e1ndez Basilio, quien agreg\u00f3 que se espera que, para [&hellip;]<\/p>\n","protected":false},"author":5,"featured_media":0,"comment_status":"closed","ping_status":"closed","sticky":true,"template":"","format":"standard","meta":{"footnotes":""},"categories":[24,27],"tags":[],"class_list":["post-584603","post","type-post","status-publish","format-standard","hentry","category-justicia-y-derecho","category-portada"],"_links":{"self":[{"href":"https:\/\/diariodominicano.com\/index.php?rest_route=\/wp\/v2\/posts\/584603","targetHints":{"allow":["GET"]}}],"collection":[{"href":"https:\/\/diariodominicano.com\/index.php?rest_route=\/wp\/v2\/posts"}],"about":[{"href":"https:\/\/diariodominicano.com\/index.php?rest_route=\/wp\/v2\/types\/post"}],"author":[{"embeddable":true,"href":"https:\/\/diariodominicano.com\/index.php?rest_route=\/wp\/v2\/users\/5"}],"replies":[{"embeddable":true,"href":"https:\/\/diariodominicano.com\/index.php?rest_route=%2Fwp%2Fv2%2Fcomments&post=584603"}],"version-history":[{"count":1,"href":"https:\/\/diariodominicano.com\/index.php?rest_route=\/wp\/v2\/posts\/584603\/revisions"}],"predecessor-version":[{"id":584605,"href":"https:\/\/diariodominicano.com\/index.php?rest_route=\/wp\/v2\/posts\/584603\/revisions\/584605"}],"wp:attachment":[{"href":"https:\/\/diariodominicano.com\/index.php?rest_route=%2Fwp%2Fv2%2Fmedia&parent=584603"}],"wp:term":[{"taxonomy":"category","embeddable":true,"href":"https:\/\/diariodominicano.com\/index.php?rest_route=%2Fwp%2Fv2%2Fcategories&post=584603"},{"taxonomy":"post_tag","embeddable":true,"href":"https:\/\/diariodominicano.com\/index.php?rest_route=%2Fwp%2Fv2%2Ftags&post=584603"}],"curies":[{"name":"wp","href":"https:\/\/api.w.org\/{rel}","templated":true}]}}