{"id":584590,"date":"2024-12-20T14:03:46","date_gmt":"2024-12-20T18:03:46","guid":{"rendered":"https:\/\/diariodominicano.com\/?p=584590"},"modified":"2024-12-20T14:03:55","modified_gmt":"2024-12-20T18:03:55","slug":"tribunal-superior-electoral-celebra-navidad-con-los-ninos-con-hijos-de-colaboradores","status":"publish","type":"post","link":"https:\/\/diariodominicano.com\/?p=584590","title":{"rendered":"Tribunal Superior Electoral celebra \u00abNavidad con los Ni\u00f1os\u00bb con hijos de colaboradores"},"content":{"rendered":"\n<p>diariodominicano.com<\/p>\n\n\n\n<p><strong><br>Santo Domingo, R. D.,<\/strong>\u2002<strong>20 de diciembre, 2024.<\/strong>-\u2002El Tribunal Superior Electoral (TSE) celebr\u00f3 este jueves su tradicional pasad\u00eda \u00abNavidad con los Ni\u00f1os del TSE\u00bb , una actividad dedicada a los hijos de los colaboradores de la Alta Corte, en edades entre 5 y 12 a\u00f1os.<\/p>\n\n\n\n<p>Los peque\u00f1os disfrutaron de un variado programa de actividades dise\u00f1ado para mantenerlos entretenidos, mientras sus padres desempe\u00f1aban sus labores habituales en la instituci\u00f3n.<\/p>\n\n\n\n<p>La jornada incluy\u00f3 un desayuno, pinta caritas, payasos, escalamiento simulado, show de malabares, brindis con leche chocolatada, jugos, croissants, palomitas de ma\u00edz, algod\u00f3n de az\u00facar, pizza, refrescos y helados, ofreciendo una experiencia \u00fanica y divertida llena de entretenimientos para los peque\u00f1os que no se daban por nadie en ese escenario.<\/p>\n\n\n\n<p>Esta actividad, que se realiza por tercer a\u00f1o consecutivo, tiene como objetivo fortalecer los lazos afectivos entre los integrantes del TSE y sus familiares.&nbsp;<\/p>\n\n\n\n<p>El evento estuvo encabezado por el presidente del TSE, magistrado Ygnacio Pascual Camacho Hidalgo, acompa\u00f1ado de su esposa Ramona Rosario, as\u00ed como por los jueces titulares Rosa P\u00e9rez de Garc\u00eda y Pedro P. Yermenos .<\/p>\n\n\n\n<p>Adem\u00e1s de los magistrados, participaron colaboradores de los distintos departamentos del Tribunal junto a sus hijos y nietos, disfrutando de un ambiente festivo que qued\u00f3 captado en fotograf\u00edas entregadas al instante en formato digital.<\/p>\n\n\n\n<p>Los padres entregaron a sus hijos al equipo del TSE, encargado de velar por su cuidado durante el evento navide\u00f1o, que se desarroll\u00f3 en el horario de 8:00 de la.ma\u00f1ana a 1:00 de la tarde. El encuentro tuvo lugar en el Lobby y la Sala de Audiencias de la Alta Corte.<\/p>\n\n\n\n<figure class=\"wp-block-table\"><table><tbody><tr><td><strong>Tribunal Superior Electoral<\/strong>&nbsp;<\/td><\/tr><\/tbody><\/table><figcaption class=\"wp-element-caption\"><strong>Direcci\u00f3n de Comunicaciones TSE<\/strong><br><\/figcaption><\/figure>\n","protected":false},"excerpt":{"rendered":"<p>diariodominicano.com Santo Domingo, R. D.,\u200220 de diciembre, 2024.-\u2002El Tribunal Superior Electoral (TSE) celebr\u00f3 este jueves su tradicional pasad\u00eda \u00abNavidad con los Ni\u00f1os del TSE\u00bb , una actividad dedicada a los hijos de los colaboradores de la Alta Corte, en edades entre 5 y 12 a\u00f1os. Los peque\u00f1os disfrutaron de un variado programa de actividades dise\u00f1ado [&hellip;]<\/p>\n","protected":false},"author":5,"featured_media":584597,"comment_status":"closed","ping_status":"closed","sticky":true,"template":"","format":"standard","meta":{"footnotes":""},"categories":[20,27],"tags":[],"class_list":["post-584590","post","type-post","status-publish","format-standard","has-post-thumbnail","hentry","category-dominicana-hoy","category-portada"],"_links":{"self":[{"href":"https:\/\/diariodominicano.com\/index.php?rest_route=\/wp\/v2\/posts\/584590","targetHints":{"allow":["GET"]}}],"collection":[{"href":"https:\/\/diariodominicano.com\/index.php?rest_route=\/wp\/v2\/posts"}],"about":[{"href":"https:\/\/diariodominicano.com\/index.php?rest_route=\/wp\/v2\/types\/post"}],"author":[{"embeddable":true,"href":"https:\/\/diariodominicano.com\/index.php?rest_route=\/wp\/v2\/users\/5"}],"replies":[{"embeddable":true,"href":"https:\/\/diariodominicano.com\/index.php?rest_route=%2Fwp%2Fv2%2Fcomments&post=584590"}],"version-history":[{"count":1,"href":"https:\/\/diariodominicano.com\/index.php?rest_route=\/wp\/v2\/posts\/584590\/revisions"}],"predecessor-version":[{"id":584602,"href":"https:\/\/diariodominicano.com\/index.php?rest_route=\/wp\/v2\/posts\/584590\/revisions\/584602"}],"wp:featuredmedia":[{"embeddable":true,"href":"https:\/\/diariodominicano.com\/index.php?rest_route=\/wp\/v2\/media\/584597"}],"wp:attachment":[{"href":"https:\/\/diariodominicano.com\/index.php?rest_route=%2Fwp%2Fv2%2Fmedia&parent=584590"}],"wp:term":[{"taxonomy":"category","embeddable":true,"href":"https:\/\/diariodominicano.com\/index.php?rest_route=%2Fwp%2Fv2%2Fcategories&post=584590"},{"taxonomy":"post_tag","embeddable":true,"href":"https:\/\/diariodominicano.com\/index.php?rest_route=%2Fwp%2Fv2%2Ftags&post=584590"}],"curies":[{"name":"wp","href":"https:\/\/api.w.org\/{rel}","templated":true}]}}