{"id":584565,"date":"2024-12-20T13:08:57","date_gmt":"2024-12-20T17:08:57","guid":{"rendered":"https:\/\/diariodominicano.com\/?p=584565"},"modified":"2024-12-20T13:09:05","modified_gmt":"2024-12-20T17:09:05","slug":"eeuu-mata-a-lider-de-isis-en-ataque-aereo-en-siria","status":"publish","type":"post","link":"https:\/\/diariodominicano.com\/?p=584565","title":{"rendered":"EEUU mata a l\u00edder de ISIS en ataque a\u00e9reo en Siria"},"content":{"rendered":"\n<p>diariodominicano.com<\/p>\n\n\n\n<p>WASHINGTON, 20 dic (Xinhua) &#8212; El Comando Central de Estados Unidos (CentCom) anunci\u00f3 hoy viernes que un dirigente del grupo extremista Estado Isl\u00e1mico de Irak y Siria (ISIS) muri\u00f3 el jueves en un \u00abataque a\u00e9reo de precisi\u00f3n\u00bb estadounidense en Siria. . \u00abEl 19 de diciembre, las Fuerzas del Comando Central de Estados Unidos condujeron un ataque a\u00e9reo de precisi\u00f3n contra el l\u00edder de ISIS, Abu Yusif alias Mahmud, en la provincia de Dayr az Zawr, en Siria, que result\u00f3 en la muerte de dos miembros de ISIS, incluido Abu Yusif\u00bb, dijo el CentCom en un comunicado. El comunicado citaba al comandante del CentCom, Michael Kurilla, diciendo que m\u00e1s de 8.000 \u00abmiembros de ISIS\u00bb se encuentran actualmente detenidos en instalaciones en Siria.<\/p>\n","protected":false},"excerpt":{"rendered":"<p>diariodominicano.com WASHINGTON, 20 dic (Xinhua) &#8212; El Comando Central de Estados Unidos (CentCom) anunci\u00f3 hoy viernes que un dirigente del grupo extremista Estado Isl\u00e1mico de Irak y Siria (ISIS) muri\u00f3 el jueves en un \u00abataque a\u00e9reo de precisi\u00f3n\u00bb estadounidense en Siria. . \u00abEl 19 de diciembre, las Fuerzas del Comando Central de Estados Unidos condujeron [&hellip;]<\/p>\n","protected":false},"author":5,"featured_media":584569,"comment_status":"closed","ping_status":"closed","sticky":true,"template":"","format":"standard","meta":{"footnotes":""},"categories":[23,27],"tags":[],"class_list":["post-584565","post","type-post","status-publish","format-standard","has-post-thumbnail","hentry","category-internacional","category-portada"],"_links":{"self":[{"href":"https:\/\/diariodominicano.com\/index.php?rest_route=\/wp\/v2\/posts\/584565","targetHints":{"allow":["GET"]}}],"collection":[{"href":"https:\/\/diariodominicano.com\/index.php?rest_route=\/wp\/v2\/posts"}],"about":[{"href":"https:\/\/diariodominicano.com\/index.php?rest_route=\/wp\/v2\/types\/post"}],"author":[{"embeddable":true,"href":"https:\/\/diariodominicano.com\/index.php?rest_route=\/wp\/v2\/users\/5"}],"replies":[{"embeddable":true,"href":"https:\/\/diariodominicano.com\/index.php?rest_route=%2Fwp%2Fv2%2Fcomments&post=584565"}],"version-history":[{"count":1,"href":"https:\/\/diariodominicano.com\/index.php?rest_route=\/wp\/v2\/posts\/584565\/revisions"}],"predecessor-version":[{"id":584570,"href":"https:\/\/diariodominicano.com\/index.php?rest_route=\/wp\/v2\/posts\/584565\/revisions\/584570"}],"wp:featuredmedia":[{"embeddable":true,"href":"https:\/\/diariodominicano.com\/index.php?rest_route=\/wp\/v2\/media\/584569"}],"wp:attachment":[{"href":"https:\/\/diariodominicano.com\/index.php?rest_route=%2Fwp%2Fv2%2Fmedia&parent=584565"}],"wp:term":[{"taxonomy":"category","embeddable":true,"href":"https:\/\/diariodominicano.com\/index.php?rest_route=%2Fwp%2Fv2%2Fcategories&post=584565"},{"taxonomy":"post_tag","embeddable":true,"href":"https:\/\/diariodominicano.com\/index.php?rest_route=%2Fwp%2Fv2%2Ftags&post=584565"}],"curies":[{"name":"wp","href":"https:\/\/api.w.org\/{rel}","templated":true}]}}