{"id":584551,"date":"2024-12-20T12:50:04","date_gmt":"2024-12-20T16:50:04","guid":{"rendered":"https:\/\/diariodominicano.com\/?p=584551"},"modified":"2024-12-20T12:50:12","modified_gmt":"2024-12-20T16:50:12","slug":"pro-consumidor-intensifica-operativos-en-lechoneras-para-asegurar-la-calidad-y-seguridad-en-festividades-navidenas","status":"publish","type":"post","link":"https:\/\/diariodominicano.com\/?p=584551","title":{"rendered":"Pro Consumidor intensifica operativos en lechoneras para asegurar la calidad y seguridad en festividades navide\u00f1as"},"content":{"rendered":"\n<p>diariodominicano.com<\/p>\n\n\n\n<p><strong>Santo Domingo, R. D.,<\/strong>\u2002<strong>20 de diciembre, 2024. &#8211;\u00a0<\/strong>El director ejecutivo del Instituto Nacional de Protecci\u00f3n de los Derechos del Consumidor (Pro Consumidor), Eddy Alc\u00e1ntara, inform\u00f3 sobre la implementaci\u00f3n de operativos especiales para proteger a los consumidores durante las festividades navide\u00f1as.<\/p>\n\n\n\n<p>Alc\u00e1ntara asegur\u00f3 que, desde hace semanas, equipos de Inspecci\u00f3n y Vigilancia y Buenas Pr\u00e1cticas Comerciales han estado trabajando intensamente en diversas \u00e1reas comerciales, incluyendo lechoneras y vendedores de productos navide\u00f1os.<\/p>\n\n\n\n<p>El funcionario destac\u00f3 que uno de los principales enfoques de estos operativos es garantizar la inocuidad de los alimentos y salvaguardar los intereses econ\u00f3micos de los consumidores.<\/p>\n\n\n\n<p>\u00abEstamos vigilando que los productos est\u00e9n aptos para el consumo y se comercialicen en condiciones \u00f3ptimas para no afectar la salud de los ciudadanos,\u00bb explic\u00f3.<\/p>\n\n\n\n<p>Estos controles incluyen la inspecci\u00f3n de las condiciones de almacenamiento y manipulaci\u00f3n de los alimentos para asegurar que cumplen con las normativas de seguridad alimentaria.<\/p>\n\n\n\n<p>Asimismo, dijo que otro aspecto crucial de estas jornadas es la vigilancia de los precios para evitar timaciones y pr\u00e1cticas comerciales enga\u00f1osas a la poblaci\u00f3n consumidora.<\/p>\n\n\n\n<p>\u00abEstamos evitando que los productos sufran alteraciones de precios que no correspondan con las condiciones del mercado, impidiendo ofertas enga\u00f1osas,\u00bb se\u00f1al\u00f3 Alc\u00e1ntara.<\/p>\n\n\n\n<p>En ese orden, explic\u00f3 que el objetivo es prevenir que los comerciantes simulen descuentos falsos de bienes y servicios y esto pueda provocar un malestar econ\u00f3mico a los consumidores.<\/p>\n\n\n\n<p>Alc\u00e1ntara asegur\u00f3 que los operativos se mantendr\u00e1n activos durante toda la temporada navide\u00f1a, adapt\u00e1ndose a las necesidades espec\u00edficas de cada d\u00eda, dado que cada jornada presenta diferentes picos de comercializaci\u00f3n de productos.<\/p>\n\n\n\n<p>\u201cPro Consumidor se mantiene atento a cada detalle para garantizar que los consumidores puedan realizar sus compras navide\u00f1as con confianza,\u00bb concluy\u00f3.<\/p>\n\n\n\n<p>Estos operativos reflejan el compromiso de Pro Consumidor con la protecci\u00f3n de los derechos de los consumidores y la promoci\u00f3n de pr\u00e1cticas comerciales justas y seguras en la Rep\u00fablica Dominicana.<\/p>\n\n\n\n<p><strong><u>DIRECCI\u00d3N DE COMUNICACIONES<\/u><\/strong><strong><\/strong>&#8212;<\/p>\n\n\n\n<p><strong>Departamento de Comunicaciones<\/strong><\/p>\n\n\n\n<p><strong>Pro Consumidor.-<\/strong><\/p>\n","protected":false},"excerpt":{"rendered":"<p>diariodominicano.com Santo Domingo, R. D.,\u200220 de diciembre, 2024. &#8211;\u00a0El director ejecutivo del Instituto Nacional de Protecci\u00f3n de los Derechos del Consumidor (Pro Consumidor), Eddy Alc\u00e1ntara, inform\u00f3 sobre la implementaci\u00f3n de operativos especiales para proteger a los consumidores durante las festividades navide\u00f1as. Alc\u00e1ntara asegur\u00f3 que, desde hace semanas, equipos de Inspecci\u00f3n y Vigilancia y Buenas Pr\u00e1cticas [&hellip;]<\/p>\n","protected":false},"author":5,"featured_media":560253,"comment_status":"closed","ping_status":"closed","sticky":true,"template":"","format":"standard","meta":{"footnotes":""},"categories":[20,27],"tags":[],"class_list":["post-584551","post","type-post","status-publish","format-standard","has-post-thumbnail","hentry","category-dominicana-hoy","category-portada"],"_links":{"self":[{"href":"https:\/\/diariodominicano.com\/index.php?rest_route=\/wp\/v2\/posts\/584551","targetHints":{"allow":["GET"]}}],"collection":[{"href":"https:\/\/diariodominicano.com\/index.php?rest_route=\/wp\/v2\/posts"}],"about":[{"href":"https:\/\/diariodominicano.com\/index.php?rest_route=\/wp\/v2\/types\/post"}],"author":[{"embeddable":true,"href":"https:\/\/diariodominicano.com\/index.php?rest_route=\/wp\/v2\/users\/5"}],"replies":[{"embeddable":true,"href":"https:\/\/diariodominicano.com\/index.php?rest_route=%2Fwp%2Fv2%2Fcomments&post=584551"}],"version-history":[{"count":2,"href":"https:\/\/diariodominicano.com\/index.php?rest_route=\/wp\/v2\/posts\/584551\/revisions"}],"predecessor-version":[{"id":584617,"href":"https:\/\/diariodominicano.com\/index.php?rest_route=\/wp\/v2\/posts\/584551\/revisions\/584617"}],"wp:featuredmedia":[{"embeddable":true,"href":"https:\/\/diariodominicano.com\/index.php?rest_route=\/wp\/v2\/media\/560253"}],"wp:attachment":[{"href":"https:\/\/diariodominicano.com\/index.php?rest_route=%2Fwp%2Fv2%2Fmedia&parent=584551"}],"wp:term":[{"taxonomy":"category","embeddable":true,"href":"https:\/\/diariodominicano.com\/index.php?rest_route=%2Fwp%2Fv2%2Fcategories&post=584551"},{"taxonomy":"post_tag","embeddable":true,"href":"https:\/\/diariodominicano.com\/index.php?rest_route=%2Fwp%2Fv2%2Ftags&post=584551"}],"curies":[{"name":"wp","href":"https:\/\/api.w.org\/{rel}","templated":true}]}}