{"id":584548,"date":"2024-12-20T12:45:19","date_gmt":"2024-12-20T16:45:19","guid":{"rendered":"https:\/\/diariodominicano.com\/?p=584548"},"modified":"2024-12-20T12:45:31","modified_gmt":"2024-12-20T16:45:31","slug":"ocho-personas-mueren-en-accidente-de-un-barco-con-migrantes-en-grecia","status":"publish","type":"post","link":"https:\/\/diariodominicano.com\/?p=584548","title":{"rendered":"Ocho personas mueren en accidente de un barco con migrantes en Grecia"},"content":{"rendered":"\n<p>diariodominicano.com<\/p>\n\n\n\n<p>ATENAS, 20 dic (Xinhua) &#8212; Ocho personas perdieron la vida y 18 fueron rescatadas luego de que un barco que transportaba migrantes naufragara frente a la isla griega de Rodas, inform\u00f3 hoy fuentes oficiales. Seg\u00fan la Guardia Costera griega, ocho de las personas rescatadas resultaron heridas, incluida una en estado cr\u00edtico. La operaci\u00f3n de rescate a\u00fan est\u00e1 en marcha, ya que el n\u00famero exacto de personas a bordo en el momento del incidente a\u00fan no est\u00e1 claro. La informaci\u00f3n inicial de la Guardia Costera griega mostr\u00f3 que los migrantes cayeron al agua mientras el barco realizaba maniobras para evadir a los barcos de patrulla.<\/p>\n","protected":false},"excerpt":{"rendered":"<p>diariodominicano.com ATENAS, 20 dic (Xinhua) &#8212; Ocho personas perdieron la vida y 18 fueron rescatadas luego de que un barco que transportaba migrantes naufragara frente a la isla griega de Rodas, inform\u00f3 hoy fuentes oficiales. Seg\u00fan la Guardia Costera griega, ocho de las personas rescatadas resultaron heridas, incluida una en estado cr\u00edtico. La operaci\u00f3n de [&hellip;]<\/p>\n","protected":false},"author":5,"featured_media":584549,"comment_status":"closed","ping_status":"closed","sticky":true,"template":"","format":"standard","meta":{"footnotes":""},"categories":[23,27],"tags":[],"class_list":["post-584548","post","type-post","status-publish","format-standard","has-post-thumbnail","hentry","category-internacional","category-portada"],"_links":{"self":[{"href":"https:\/\/diariodominicano.com\/index.php?rest_route=\/wp\/v2\/posts\/584548","targetHints":{"allow":["GET"]}}],"collection":[{"href":"https:\/\/diariodominicano.com\/index.php?rest_route=\/wp\/v2\/posts"}],"about":[{"href":"https:\/\/diariodominicano.com\/index.php?rest_route=\/wp\/v2\/types\/post"}],"author":[{"embeddable":true,"href":"https:\/\/diariodominicano.com\/index.php?rest_route=\/wp\/v2\/users\/5"}],"replies":[{"embeddable":true,"href":"https:\/\/diariodominicano.com\/index.php?rest_route=%2Fwp%2Fv2%2Fcomments&post=584548"}],"version-history":[{"count":1,"href":"https:\/\/diariodominicano.com\/index.php?rest_route=\/wp\/v2\/posts\/584548\/revisions"}],"predecessor-version":[{"id":584550,"href":"https:\/\/diariodominicano.com\/index.php?rest_route=\/wp\/v2\/posts\/584548\/revisions\/584550"}],"wp:featuredmedia":[{"embeddable":true,"href":"https:\/\/diariodominicano.com\/index.php?rest_route=\/wp\/v2\/media\/584549"}],"wp:attachment":[{"href":"https:\/\/diariodominicano.com\/index.php?rest_route=%2Fwp%2Fv2%2Fmedia&parent=584548"}],"wp:term":[{"taxonomy":"category","embeddable":true,"href":"https:\/\/diariodominicano.com\/index.php?rest_route=%2Fwp%2Fv2%2Fcategories&post=584548"},{"taxonomy":"post_tag","embeddable":true,"href":"https:\/\/diariodominicano.com\/index.php?rest_route=%2Fwp%2Fv2%2Ftags&post=584548"}],"curies":[{"name":"wp","href":"https:\/\/api.w.org\/{rel}","templated":true}]}}