{"id":584543,"date":"2024-12-20T12:33:30","date_gmt":"2024-12-20T16:33:30","guid":{"rendered":"https:\/\/diariodominicano.com\/?p=584543"},"modified":"2024-12-20T12:36:39","modified_gmt":"2024-12-20T16:36:39","slug":"juan-ariel-jimenez-propone-en-ny-reestructurar-recursos-para-potenciar-la-inversion","status":"publish","type":"post","link":"https:\/\/diariodominicano.com\/?p=584543","title":{"rendered":"Juan Ariel Jim\u00e9nez propone en NY reestructurar recursos para potenciar la inversi\u00f3n"},"content":{"rendered":"\n<p>diariodominicano.com<\/p>\n\n\n\n<p><strong>Nueva York, EE.UU,<\/strong>\u2002<strong>20 de diciembre, 2022.-<\/strong>\u00a0En una disertaci\u00f3n que ofreci\u00f3 a la comunidad dominicana radicada en Brooklyn, el miembro del comit\u00e9 pol\u00edtico y vicepresidente del Partido de la Liberaci\u00f3n Dominicana (PLD), Juan Ariel Jim\u00e9nez, propuso reestructurar el uso de los recursos del Estado para potenciar la inversi\u00f3n en infraestructura y servicios b\u00e1sicos de calidad.<\/p>\n\n\n\n<p>El dirigente pol\u00edtico tambi\u00e9n expres\u00f3 la urgencia de despolitizar el Ministerio de Educaci\u00f3n y la carrera docente, junto con una profesionalizaci\u00f3n intensiva del cuerpo magisterial, como pilares para mejorar la calidad educativa, durante el conversatorio que sostuvo con el t\u00edtulo \u00abPresente y Futuro de la Rep\u00fablica Dominicana\u00bb.<\/p>\n\n\n\n<p>La exposici\u00f3n de Jim\u00e9nez fue celebrada en el centro de oraci\u00f3n y culto M.A.R.S. Ministry, en esta ciudad, con la asistencia de miembros de la di\u00e1spora dominicana, ciudadanos estadounidenses y miembros del PLD.<\/p>\n\n\n\n<p>Este encuentro cercano que sostuvo el vicepresidente del PLD con la comunidad dominicana forma parte de un conjunto de eventos similares en Nueva York y otras ciudades de Estados Unidos programados para el 2025. Durante este conversatorio, el economista y acad\u00e9mico abord\u00f3 la realidad econ\u00f3mica y social del pa\u00eds, destacando las debilidades del modelo econ\u00f3mico actual y las oportunidades para un mayor desarrollo, como el \u201cnearshoring\u201d y las nuevas tecnolog\u00edas.<\/p>\n\n\n\n<p>Jim\u00e9nez enfatiz\u00f3, adem\u00e1s, la necesidad de un cambio en la Rep\u00fablica Dominicana hacia un modelo econ\u00f3mico basado en la alta productividad en lugar de bajos salarios.<\/p>\n\n\n\n<p><strong>Pie de las fotos:<\/strong><\/p>\n\n\n\n<p>El economista y dirigente pol\u00edtico, Juan Ariel Jim\u00e9nez, durante su disertaci\u00f3n.<\/p>\n\n\n\n<p><strong>Enver L\u00f3pez Milander<\/strong><\/p>\n\n\n\n<p><\/p>\n","protected":false},"excerpt":{"rendered":"<p>diariodominicano.com Nueva York, EE.UU,\u200220 de diciembre, 2022.-\u00a0En una disertaci\u00f3n que ofreci\u00f3 a la comunidad dominicana radicada en Brooklyn, el miembro del comit\u00e9 pol\u00edtico y vicepresidente del Partido de la Liberaci\u00f3n Dominicana (PLD), Juan Ariel Jim\u00e9nez, propuso reestructurar el uso de los recursos del Estado para potenciar la inversi\u00f3n en infraestructura y servicios b\u00e1sicos de calidad. [&hellip;]<\/p>\n","protected":false},"author":5,"featured_media":584544,"comment_status":"closed","ping_status":"closed","sticky":true,"template":"","format":"standard","meta":{"footnotes":""},"categories":[20,27],"tags":[],"class_list":["post-584543","post","type-post","status-publish","format-standard","has-post-thumbnail","hentry","category-dominicana-hoy","category-portada"],"_links":{"self":[{"href":"https:\/\/diariodominicano.com\/index.php?rest_route=\/wp\/v2\/posts\/584543","targetHints":{"allow":["GET"]}}],"collection":[{"href":"https:\/\/diariodominicano.com\/index.php?rest_route=\/wp\/v2\/posts"}],"about":[{"href":"https:\/\/diariodominicano.com\/index.php?rest_route=\/wp\/v2\/types\/post"}],"author":[{"embeddable":true,"href":"https:\/\/diariodominicano.com\/index.php?rest_route=\/wp\/v2\/users\/5"}],"replies":[{"embeddable":true,"href":"https:\/\/diariodominicano.com\/index.php?rest_route=%2Fwp%2Fv2%2Fcomments&post=584543"}],"version-history":[{"count":2,"href":"https:\/\/diariodominicano.com\/index.php?rest_route=\/wp\/v2\/posts\/584543\/revisions"}],"predecessor-version":[{"id":584547,"href":"https:\/\/diariodominicano.com\/index.php?rest_route=\/wp\/v2\/posts\/584543\/revisions\/584547"}],"wp:featuredmedia":[{"embeddable":true,"href":"https:\/\/diariodominicano.com\/index.php?rest_route=\/wp\/v2\/media\/584544"}],"wp:attachment":[{"href":"https:\/\/diariodominicano.com\/index.php?rest_route=%2Fwp%2Fv2%2Fmedia&parent=584543"}],"wp:term":[{"taxonomy":"category","embeddable":true,"href":"https:\/\/diariodominicano.com\/index.php?rest_route=%2Fwp%2Fv2%2Fcategories&post=584543"},{"taxonomy":"post_tag","embeddable":true,"href":"https:\/\/diariodominicano.com\/index.php?rest_route=%2Fwp%2Fv2%2Ftags&post=584543"}],"curies":[{"name":"wp","href":"https:\/\/api.w.org\/{rel}","templated":true}]}}