{"id":584541,"date":"2024-12-20T12:22:22","date_gmt":"2024-12-20T16:22:22","guid":{"rendered":"https:\/\/diariodominicano.com\/?p=584541"},"modified":"2024-12-20T12:22:30","modified_gmt":"2024-12-20T16:22:30","slug":"gobierno-y-cmd-alcanzan-acuerdo-a-favor-profesionales-de-la-salud-que-debe-ser-firmado-antes-del-31-de-diciembre","status":"publish","type":"post","link":"https:\/\/diariodominicano.com\/?p=584541","title":{"rendered":"Gobierno y CMD alcanzan acuerdo a favor profesionales de la salud, que debe ser firmado antes del 31 de diciembre"},"content":{"rendered":"\n<p>diariodominicano.com<\/p>\n\n\n\n<p>Santo Domingo, R. D.,\u200220 de diciembre, 2024.- El Gobierno inform\u00f3 que alcanz\u00f3 un importante acuerdo con el\u00a0<strong>Colegio M\u00e9dico Dominicano<\/strong>(CMD), que responde a recientes demandas de los\u00a0<strong>profesionales de la salud<\/strong>, especialmente en\u00a0<strong>t\u00e9rminos salariales y de beneficios laborales,<\/strong>\u00a0que ser\u00e1 implementado a partir del\u00a0<strong>primero de enero<\/strong>\u00a0del pr\u00f3ximo a\u00f1o, si la entidad m\u00e9dica firma el acuerdo\u00a0<strong>antes del pr\u00f3ximo 31 de diciembre<\/strong>\u00a0de\u00a0este a\u00f1o.<\/p>\n\n\n\n<p>Asimismo&nbsp;<strong>16,000 m\u00e9dicos, enfermeras<\/strong>, otros profesionales de la salud y sus familias ser\u00e1n&nbsp;<strong>beneficiados directos e indirectos<\/strong>&nbsp;de este acuerdo.<\/p>\n\n\n\n<p>Esta informaci\u00f3n fue dada a conocer mediante un documento de la&nbsp;<strong>Presidencia de la Rep\u00fablica,&nbsp;<\/strong>en donde establece que el Gobierno reafirma su&nbsp;<strong>disposici\u00f3n al di\u00e1logo y su compromiso<\/strong>&nbsp;con el bienestar de todos los dominicanos, confiando en que el&nbsp;<strong>CMD<\/strong>&nbsp;proceder\u00e1 a la firma en el plazo estipulado para garantizar la ejecuci\u00f3n de este importante&nbsp;<strong>avance para el sector salud.<\/strong>&nbsp;&nbsp;<\/p>\n\n\n\n<p><em>\u201cEs fundamental destacar que la implementaci\u00f3n de las disposiciones acordadas depende de la firma oficial del Acuerdo por parte del Colegio M\u00e9dico Dominicano antes del pr\u00f3ximo 31 de diciembre de 2024. Este paso es imprescindible para que las medidas establecidas entren en vigor a partir del 1ro. de enero de 2025, beneficiando de manera directa a los m\u00e9dicos y fortaleciendo el sistema de salud del pa\u00eds\u201d<\/em>, explica el documento. &nbsp;<\/p>\n\n\n\n<p>Este acuerdo se ha pactado en el marco del&nbsp;<strong>di\u00e1logo colaborativo<\/strong>&nbsp;sostenido entre representantes del&nbsp;<strong>Gabinete de Salud<\/strong>&nbsp;y los representantes del&nbsp;<strong>Colegio M\u00e9dico Dominicano.<\/strong><\/p>\n\n\n\n<p><strong>En qu\u00e9 consiste el acuerdo<\/strong><\/p>\n\n\n\n<p>El Gobierno de la Rep\u00fablica Dominicana se compromete con el Colegio M\u00e9dico Dominicano en:<\/p>\n\n\n\n<p>1) Realizar un&nbsp;<strong>aumento salarial<\/strong>&nbsp;para los m\u00e9dicos en funciones asistenciales de un&nbsp;<strong>25 %<\/strong>, el cual ser\u00e1 aplicado de la siguiente forma:&nbsp;<strong>10 %<\/strong>&nbsp;en&nbsp;<strong>enero del 2025<\/strong>,&nbsp;<strong>10 %<\/strong>&nbsp;en&nbsp;<strong>julio del 2025<\/strong>&nbsp;sobre el aumento aplicado en el mes de enero, y&nbsp;<strong>5 %<\/strong>&nbsp;en&nbsp;<strong>enero del 2026<\/strong>, sobre el aumento aplicado en el mes de julio.<\/p>\n\n\n\n<p>El aumento aplica para los m\u00e9dicos del&nbsp;<strong>Servicio Nacional de Salud<\/strong>&nbsp;(SNS),&nbsp;<strong>Ministerio de Salud P\u00fablica, Hospitales de Autogesti\u00f3n, 911 y Conape<\/strong>, que se encuentren desempe\u00f1ando funciones asistenciales indistintamente a la cantidad de nombramientos como m\u00e9dico asistencial que ostente. Este aumento ser\u00e1 aplicado a la base del salario establecido&nbsp;<strong>por cargo desempe\u00f1ado.<\/strong><\/p>\n\n\n\n<p>P\u00e1rrafo: Las partes acuerdan que se crear\u00e1 una comisi\u00f3n conformada por el Ministro de Salud P\u00fablica, el Ministro de Trabajo, el Director de Presupuesto, el Director de Pensiones y Jubilaciones y Colegio M\u00e9dico Dominicano, a los fines de &nbsp;<strong>evaluar la propuesta<\/strong>&nbsp;del Colegio M\u00e9dico relativa a la&nbsp;<strong>compensaci\u00f3n salarial seg\u00fan la ley<\/strong>, de los m\u00e9dicos pensionados. Esta comisi\u00f3n se reunir\u00e1 entre el&nbsp;<strong>15 y 31 de enero<\/strong>&nbsp;del a\u00f1o&nbsp;<strong>2025<\/strong>.&nbsp;<\/p>\n\n\n\n<p>2) Continuar la construcci\u00f3n de los apartamentos de la&nbsp;<strong>Jacobo Majluta<\/strong>&nbsp;del residencial de los m\u00e9dicos.<\/p>\n\n\n\n<p>3) Realizar la&nbsp;<strong>nivelaci\u00f3n salarial<\/strong>&nbsp;de los m\u00e9dicos COVID de acuerdo con la escala salarial actual del SNS para m\u00e9dicos generales.<\/p>\n\n\n\n<p>4) Realizar la nivelaci\u00f3n salarial de los m\u00e9dicos del&nbsp;<strong>Ministerio de Salud P\u00fablica,<\/strong>&nbsp;cuyo cargo est\u00e9 vinculado con los programas de&nbsp;<strong>salud colectiva y servicios asistenciales.<\/strong><\/p>\n\n\n\n<p>5) Reconocer el derecho a una pensi\u00f3n bajo la&nbsp;<strong>Ley 414-98,&nbsp;<\/strong>cumpliendo con los par\u00e1metros que all\u00ed se se\u00f1alan, para los m\u00e9dicos asistenciales que trabajan en los &nbsp;hospitales de autogesti\u00f3n,&nbsp;<strong>hospitales Semma<\/strong>&nbsp;y los m\u00e9dicos que tengan derechos adquiridos para pensionarse al momento de la creaci\u00f3n de la ARL, hoy&nbsp;<strong>Idopril<\/strong>, con el \u00faltimo salario devengado y los incentivos que tengan aplicados reflejados en su n\u00f3mina, al momento de pensi\u00f3n tales como&nbsp;<strong>distancia, docencia y antig\u00fcedad,<\/strong>&nbsp;excluyendo los incentivos de productividad.&nbsp;<\/p>\n\n\n\n<p>6) &nbsp;Aumentar los Incentivos por distancia Zona Fronteriza de un&nbsp;<strong>20 % a un 30 %<\/strong>&nbsp;y los de distancia No Fronteriza&nbsp;<strong>de un 10 % a un 15 %<\/strong>. Este aumento se aplicar\u00e1 a partir del pago correspondiente al mes de&nbsp;<strong>enero de 2025.<\/strong><\/p>\n\n\n\n<p>7) Aumentar los Incentivos de los m\u00e9dicos en cargos de&nbsp;<strong>intensivistas<\/strong>&nbsp;de un&nbsp;<strong>10 % a un 20 %.<\/strong>&nbsp;Este aumento se aplicar\u00e1 a partir del pago correspondiente al mes de&nbsp;<strong>enero de 2025.<\/strong><\/p>\n\n\n\n<p>8) Aumentar los incentivos de los m\u00e9dicos en cargos de&nbsp;<strong>emergenci\u00f3logos<\/strong>&nbsp;de un&nbsp;<strong>10 % a un 20 %.&nbsp;<\/strong>Este aumento se aplicar\u00e1 a partir del pago correspondiente al mes de enero de 2025.<\/p>\n\n\n\n<p>9) Destinar&nbsp;<strong>25 millones de pesos<\/strong>&nbsp;anuales, al momento de la dispersi\u00f3n del presupuesto del Ministerio de Salud P\u00fablica, para el&nbsp;<strong>Instituto de Previsi\u00f3n y Protecci\u00f3n Social del CMD<\/strong>(IPPS), por lo que dicha instituci\u00f3n estar\u00e1 sujeta a&nbsp;<strong>auditor\u00edas y supervisi\u00f3n<\/strong>&nbsp;<strong>financiera<\/strong>&nbsp;por parte de los \u00f3rganos competentes, como la&nbsp;<strong>Contralor\u00eda General de la Rep\u00fablica y la C\u00e1mara de Cuentas<\/strong>; en cumplimiento con las disposiciones legales que rigen la materia, la cual indica que las personas f\u00edsicas o jur\u00eddicas privadas y las organizaciones no gubernamentales que recauden, reciban o administren fondos o recursos p\u00fablicos, o se beneficien de exenciones o cualquier otro privilegio, estar\u00e1n sujetas a la&nbsp;<strong>fiscalizaci\u00f3n de los fondos p\u00fablicos<\/strong>. La auditor\u00eda y supervisi\u00f3n a la que se hace referencia, solo tiene alcance sobre el monto destinado como donaci\u00f3n por&nbsp;<strong>parte del Estado.<\/strong><\/p>\n\n\n\n<p>10) Aplicar los&nbsp;<strong>incentivos por antig\u00fcedad<\/strong>&nbsp;al salario base, a los m\u00e9dicos con<strong>&nbsp;15 o m\u00e1s a\u00f1os<\/strong>&nbsp;en servicio cumplidos a la firma del presente acuerdo y que est\u00e9n laborando en el&nbsp;<strong>SNS<\/strong>. En caso de laborar en dos o m\u00e1s establecimientos, deber\u00e1 demostrar que en cada uno tiene 15 a\u00f1os trabajando&nbsp;<strong>de manera concomitante<\/strong>&nbsp;para aplicar al incentivo en ambos establecimientos de salud, sobre cada salario base.<\/p>\n\n\n\n<p>11) Aplicar los incentivos por antig\u00fcedad a los m\u00e9dicos con&nbsp;<strong>15 o m\u00e1s a\u00f1os<\/strong>&nbsp;en servicio que&nbsp;<strong>cumplan con los criterios<\/strong>&nbsp;a la firma del presente acuerdo en los&nbsp;<strong>hospitales de autogesti\u00f3n.<\/strong><\/p>\n\n\n\n<p>12) Disminuir el aporte a los&nbsp;<strong>planes especiales transitorios de<\/strong>&nbsp;servicios de salud de los m\u00e9dicos pensionados y jubilados de un&nbsp;<strong>6.4 % a un 3.2 %.<\/strong><\/p>\n\n\n\n<p>13) Garantizar el derecho de que los m\u00e9dicos a la hora de&nbsp;<strong>jubilarse y pensionarse&nbsp;<\/strong>puedan elegir entre la&nbsp;<strong>ARS estatal y la ARS CMD,<\/strong>&nbsp;siempre y cuando est\u00e9n en la ARS CMD al momento de pensionarse.&nbsp;<strong>Decreto 644-24.<\/strong><\/p>\n\n\n\n<p>&nbsp;14)&nbsp;<strong>La mejor\u00eda de varios hospitales<\/strong>: Complejo Luis E Aybar, Emergencia del Padre Billini, La Romana, San Crist\u00f3bal, Azua, entre otros hospitales.<\/p>\n\n\n\n<p><strong>El CMD se compromete a:<\/strong><\/p>\n\n\n\n<p>1) Incentivar el\u00a0<strong>cumplimiento de las jornadas laborales<\/strong>establecidas mediante los convenios, en todas las instituciones antes mencionadas. \u00a0De igual forma, no se opondr\u00e1 al\u00a0<strong>monitoreo con medios electr\u00f3nicos<\/strong>\u00a0<strong>u otras v\u00edas<\/strong>\u00a0para la verificaci\u00f3n del cumplimiento de las jornadas laborales establecidas.<\/p>\n\n\n\n<p>Fuente: Direcci\u00f3n de Estrategia y Comunicaci\u00f3n<\/p>\n\n\n\n<p>Ministerio Administrativo de la Presidencia de la Rep\u00fablica Dominicana<\/p>\n","protected":false},"excerpt":{"rendered":"<p>diariodominicano.com Santo Domingo, R. D.,\u200220 de diciembre, 2024.- El Gobierno inform\u00f3 que alcanz\u00f3 un importante acuerdo con el\u00a0Colegio M\u00e9dico Dominicano(CMD), que responde a recientes demandas de los\u00a0profesionales de la salud, especialmente en\u00a0t\u00e9rminos salariales y de beneficios laborales,\u00a0que ser\u00e1 implementado a partir del\u00a0primero de enero\u00a0del pr\u00f3ximo a\u00f1o, si la entidad m\u00e9dica firma el acuerdo\u00a0antes del pr\u00f3ximo [&hellip;]<\/p>\n","protected":false},"author":5,"featured_media":372397,"comment_status":"closed","ping_status":"closed","sticky":true,"template":"","format":"standard","meta":{"footnotes":""},"categories":[20,27],"tags":[],"class_list":["post-584541","post","type-post","status-publish","format-standard","has-post-thumbnail","hentry","category-dominicana-hoy","category-portada"],"_links":{"self":[{"href":"https:\/\/diariodominicano.com\/index.php?rest_route=\/wp\/v2\/posts\/584541","targetHints":{"allow":["GET"]}}],"collection":[{"href":"https:\/\/diariodominicano.com\/index.php?rest_route=\/wp\/v2\/posts"}],"about":[{"href":"https:\/\/diariodominicano.com\/index.php?rest_route=\/wp\/v2\/types\/post"}],"author":[{"embeddable":true,"href":"https:\/\/diariodominicano.com\/index.php?rest_route=\/wp\/v2\/users\/5"}],"replies":[{"embeddable":true,"href":"https:\/\/diariodominicano.com\/index.php?rest_route=%2Fwp%2Fv2%2Fcomments&post=584541"}],"version-history":[{"count":1,"href":"https:\/\/diariodominicano.com\/index.php?rest_route=\/wp\/v2\/posts\/584541\/revisions"}],"predecessor-version":[{"id":584542,"href":"https:\/\/diariodominicano.com\/index.php?rest_route=\/wp\/v2\/posts\/584541\/revisions\/584542"}],"wp:featuredmedia":[{"embeddable":true,"href":"https:\/\/diariodominicano.com\/index.php?rest_route=\/wp\/v2\/media\/372397"}],"wp:attachment":[{"href":"https:\/\/diariodominicano.com\/index.php?rest_route=%2Fwp%2Fv2%2Fmedia&parent=584541"}],"wp:term":[{"taxonomy":"category","embeddable":true,"href":"https:\/\/diariodominicano.com\/index.php?rest_route=%2Fwp%2Fv2%2Fcategories&post=584541"},{"taxonomy":"post_tag","embeddable":true,"href":"https:\/\/diariodominicano.com\/index.php?rest_route=%2Fwp%2Fv2%2Ftags&post=584541"}],"curies":[{"name":"wp","href":"https:\/\/api.w.org\/{rel}","templated":true}]}}