{"id":584526,"date":"2024-12-20T09:56:35","date_gmt":"2024-12-20T13:56:35","guid":{"rendered":"https:\/\/diariodominicano.com\/?p=584526"},"modified":"2024-12-20T09:56:45","modified_gmt":"2024-12-20T13:56:45","slug":"congresista-espaillat-insta-al-presidente-biden-conmutar-penas-40-presos-en-corredor-de-la-muerte","status":"publish","type":"post","link":"https:\/\/diariodominicano.com\/?p=584526","title":{"rendered":"Congresista Espaillat insta al presidente Biden conmutar penas 40 presos en Corredor de la Muerte"},"content":{"rendered":"\n<p><strong>Por Ram\u00f3n Mercedes<\/strong><\/p>\n\n\n\n<p><strong>NUEVA YORK.-<\/strong>&nbsp;El congresista dem\u00f3crata de origen dominicano en los Estados Unidos, Adriano Espaillat (D-13), envi\u00f3 una carta instando al presidente Joe Biden a conmutar las sentencias de las 40 personas que actualmente se encuentran bajo custodia federal en el corredor de la muerte.<\/p>\n\n\n\n<p>\u00abM\u00e1s de la mitad de los 40 reclusos son negros o latinos y se vieron afectados por los problemas sist\u00e9micos que siguen plagando nuestro pa\u00eds, incluidos los prejuicios raciales, los recursos legales inadecuados y las tasas de arrestos y sentencias desproporcionadas para las comunidades minoritarias.<\/p>\n\n\n\n<p>Y m\u00e1s hist\u00f3ricos desaf\u00edos, como la falta de tecnolog\u00eda y pr\u00e1cticas forenses en el momento de la sentencia del detenido, indica el congresista.<\/p>\n\n\n\n<p>Varios de los reclusos que se encuentran en el corredor de la muerte federal hoy fueron condenados y sentenciados hace d\u00e9cadas por jurados que eran exclusivamente blancos, a pesar de la amplia disponibilidad de jurados de comunidades negras, latinas y asi\u00e1ticas\u00bb, afirma en la carta.<\/p>\n\n\n\n<p>\u00abDurante los \u00faltimos 50 a\u00f1os, tanto las comunidades negras como las latinas han estado sobrerrepresentadas entre la poblaci\u00f3n condenada a muerte a nivel federal en comparaci\u00f3n con su proporci\u00f3n en la poblaci\u00f3n nacional&#8230; y la pena de muerte representa la forma de sentencia m\u00e1s inhumana y destructiva.<\/p>\n\n\n\n<p>\u00abPor las razones descritas anteriormente, enfatizamos la necesidad urgente de utilizar su autoridad constitucional para conmutar la pena de muerte a las 40 personas que actualmente se encuentran en el corredor de la muerte a nivel federal.<\/p>\n\n\n\n<p>Tomar esta medida es esencial para defender la integridad moral y el sistema de justicia de nuestra naci\u00f3n\u00bb, precisa Espaillat.<\/p>\n\n\n\n<p>El congresista contin\u00faa su llamado a abolir la pena de muerte, que representa la forma m\u00e1s inhumana y destructiva de sentencia y tiene un impacto dispar en las comunidades afroamericanas y latinas.<\/p>\n","protected":false},"excerpt":{"rendered":"<p>Por Ram\u00f3n Mercedes NUEVA YORK.-&nbsp;El congresista dem\u00f3crata de origen dominicano en los Estados Unidos, Adriano Espaillat (D-13), envi\u00f3 una carta instando al presidente Joe Biden a conmutar las sentencias de las 40 personas que actualmente se encuentran bajo custodia federal en el corredor de la muerte. \u00abM\u00e1s de la mitad de los 40 reclusos son [&hellip;]<\/p>\n","protected":false},"author":28,"featured_media":584527,"comment_status":"closed","ping_status":"closed","sticky":true,"template":"","format":"standard","meta":{"footnotes":""},"categories":[23,22,27],"tags":[],"class_list":["post-584526","post","type-post","status-publish","format-standard","has-post-thumbnail","hentry","category-internacional","category-politica","category-portada"],"_links":{"self":[{"href":"https:\/\/diariodominicano.com\/index.php?rest_route=\/wp\/v2\/posts\/584526","targetHints":{"allow":["GET"]}}],"collection":[{"href":"https:\/\/diariodominicano.com\/index.php?rest_route=\/wp\/v2\/posts"}],"about":[{"href":"https:\/\/diariodominicano.com\/index.php?rest_route=\/wp\/v2\/types\/post"}],"author":[{"embeddable":true,"href":"https:\/\/diariodominicano.com\/index.php?rest_route=\/wp\/v2\/users\/28"}],"replies":[{"embeddable":true,"href":"https:\/\/diariodominicano.com\/index.php?rest_route=%2Fwp%2Fv2%2Fcomments&post=584526"}],"version-history":[{"count":1,"href":"https:\/\/diariodominicano.com\/index.php?rest_route=\/wp\/v2\/posts\/584526\/revisions"}],"predecessor-version":[{"id":584528,"href":"https:\/\/diariodominicano.com\/index.php?rest_route=\/wp\/v2\/posts\/584526\/revisions\/584528"}],"wp:featuredmedia":[{"embeddable":true,"href":"https:\/\/diariodominicano.com\/index.php?rest_route=\/wp\/v2\/media\/584527"}],"wp:attachment":[{"href":"https:\/\/diariodominicano.com\/index.php?rest_route=%2Fwp%2Fv2%2Fmedia&parent=584526"}],"wp:term":[{"taxonomy":"category","embeddable":true,"href":"https:\/\/diariodominicano.com\/index.php?rest_route=%2Fwp%2Fv2%2Fcategories&post=584526"},{"taxonomy":"post_tag","embeddable":true,"href":"https:\/\/diariodominicano.com\/index.php?rest_route=%2Fwp%2Fv2%2Ftags&post=584526"}],"curies":[{"name":"wp","href":"https:\/\/api.w.org\/{rel}","templated":true}]}}