{"id":584490,"date":"2024-12-20T01:56:56","date_gmt":"2024-12-20T05:56:56","guid":{"rendered":"https:\/\/diariodominicano.com\/?p=584490"},"modified":"2024-12-20T03:39:47","modified_gmt":"2024-12-20T07:39:47","slug":"el-presidente-abinader-almuerza-con-miembros-de-la-armada-y-la-fuerza-aerea-de-la-republica-dominicana","status":"publish","type":"post","link":"https:\/\/diariodominicano.com\/?p=584490","title":{"rendered":"El Presidente Abinader almuerza con miembros de la Armada y la Fuerza A\u00e9rea de la Rep\u00fablica Dominicana"},"content":{"rendered":"\n<p>19 de Diciembre 2024 | 16:13 <\/p>\n\n\n\n<p>Santo Domingo, RD.\u2013&nbsp;<strong>El presidente Luis Abinader<\/strong>&nbsp;encabez\u00f3\u2002el  viernes&nbsp;<strong>dos almuerzos navide\u00f1os con miembros de la Armada y de la Fuerza A\u00e9rea<\/strong>&nbsp;de la Rep\u00fablica Dominicana, a quienes les expres\u00f3 su&nbsp;<strong>agradecimiento<\/strong>&nbsp;por su dedicaci\u00f3n cada d\u00eda en favor de la&nbsp;<strong>defensa <\/strong>de Rep\u00fablica Dominicana.<\/p>\n\n\n\n<p>Durante el primer almuerzo, realizado en el Club Naval para Alistados, el mandatario manifest\u00f3 que estaba nuevamente compartiendo con los miembros de la Armada de la Rep\u00fablica Dominicana para&nbsp;<strong>reiterar su compromiso con las Fuerzas Armadas del pa\u00eds.<\/strong><\/p>\n\n\n\n<p>El jefe de Estado estuvo acompa\u00f1ado del ministro de Defensa, teniente general&nbsp;<strong>Carlos Antonio Fern\u00e1ndez Onofre<\/strong>, y tambi\u00e9n, les dio las gracias por la dedicaci\u00f3n cada d\u00eda en favor de la defensa de la Rep\u00fablica Dominicana.<\/p>\n\n\n\n<p><img loading=\"lazy\" decoding=\"async\" src=\"https:\/\/presidencia.gob.do\/sites\/default\/files\/inline-images\/WhatsApp%20Image%202024-12-19%20at%2016.06.01%20%287%29_0.jpeg\" width=\"3331\" height=\"1890\">Resalt\u00f3 nuevamente la labor de defensa realizada por la Armada de Rep\u00fablica Dominicana para proteger al pa\u00eds del&nbsp;<strong>narcotr\u00e1fico<\/strong>&nbsp;y de la&nbsp;<strong>inmigraci\u00f3n irregular<\/strong>, as\u00ed como para mantener la&nbsp;<strong>seguridad ciudadana<\/strong>&nbsp;en t\u00e9rminos generales. Afirm\u00f3 que fortaleciendo las Fuerzas Armadas&nbsp;<em>\u00abse esta fortaleciendo nuestra patria y estamos fortaleciendo tambi\u00e9n nuestra naci\u00f3n\u00bb.<\/em><\/p>\n\n\n\n<p>Mientras en que en el almuerzo con miembros de la Fuerza A\u00e9rea Dominicana, el presidente Luis Abinader reafirm\u00f3 el compromiso de su gesti\u00f3n para continuar fortaleciendo&nbsp;<strong>las condiciones de vida y equipamiento de los hombres y mujeres<\/strong>&nbsp;que dedican su vida a a defensa de naci\u00f3n.&nbsp;<\/p>\n\n\n\n<p>El mandatario destac\u00f3 el valor y dedicaci\u00f3n de los miembros de la instituci\u00f3n quienes, d\u00eda tras d\u00eda, ponen&nbsp;<strong>su vida al servicio de la patria<\/strong>&nbsp;para garantizar&nbsp;<strong>la integridad y seguridad nacional<\/strong>.<em>&nbsp;\u201cAgradecerles a ustedes su trabajo, su dedicaci\u00f3n, poner su vida en posesi\u00f3n de la patria, como lo hacen cada d\u00eda, para salvaguardarla por cielo y mantener la integridad y la seguridad nacional\u201d,<\/em>&nbsp;manifest\u00f3 el mandatario.&nbsp;<\/p>\n\n\n\n<p><strong>Valora visi\u00f3n estrat\u00e9gica del presidente Abinader<\/strong><\/p>\n\n\n\n<figure class=\"wp-block-image\"><img decoding=\"async\" src=\"https:\/\/presidencia.gob.do\/sites\/default\/files\/inline-images\/WhatsApp%20Image%202024-12-19%20at%2016.06.01.jpeg\" alt=\"\"\/><\/figure>\n\n\n\n<p>De su lado, el comandante de la Armada de Rep\u00fablica Dominicana, vicealmirante&nbsp;<strong>Agust\u00edn Alberto Morillo Rodr\u00edguez<\/strong>, indic\u00f3 que la presencia del presidente en este almuerzo navide\u00f1o no solo&nbsp;<strong>honra a la honorable instituci\u00f3n<\/strong>, sino tambi\u00e9n fortalece el esp\u00edritu el compromiso de quienes d\u00eda a d\u00eda dedican sus vidas al&nbsp;<strong>servicio de la patria desde el mar<\/strong>.<\/p>\n\n\n\n<p><em>\u00abSu visi\u00f3n estrat\u00e9gica inquebrantable respalda los cimientos sobre los cuales estamos construyendo una Armada m\u00e1s moderna, robusta y alineada con los desaf\u00edos de nuestros tiempos\u00bb,<\/em>&nbsp;expres\u00f3 Morillo.<\/p>\n\n\n\n<p><strong>Agradece su respaldo y liderazgo<\/strong><\/p>\n\n\n\n<figure class=\"wp-block-image\"><img decoding=\"async\" src=\"https:\/\/presidencia.gob.do\/sites\/default\/files\/inline-images\/WhatsApp%20Image%202024-12-19%20at%2016.06.01%20%285%29.jpeg\" alt=\"\"\/><\/figure>\n\n\n\n<p>De su lado, el comandante de la Fuerza A\u00e9rea de la Rep\u00fablica Dominicana, mayor general piloto&nbsp;<strong>Floreal Su\u00e1rez Mart\u00ednez<\/strong>, agradeci\u00f3 al presidente Luis Abinader por su&nbsp;<strong>constante apoyo y liderazgo,<\/strong>&nbsp;que han fortalecido la instituci\u00f3n militar y mejorado la&nbsp;<strong>calidad de vida de sus miembros y sus familias.<\/strong><\/p>\n\n\n\n<p>Destac\u00f3 que las&nbsp;<strong>pol\u00edticas p\u00fablicas<\/strong>&nbsp;implementadas bajo la direcci\u00f3n del presidente Abinader han generado&nbsp;<strong>oportunidades de desarrollo<\/strong>&nbsp;para quienes dedican sus vidas a la defensa y seguridad de la naci\u00f3n.<\/p>\n\n\n\n<p>El jefe de Estado fue recibido con los honores militares de estilo y salva de 21 ca\u00f1onazos como&nbsp;<strong>autoridad suprema<\/strong>&nbsp;de las Fuerzas Armadas y la Polic\u00eda Nacional, por parte de los miembros de la instituci\u00f3n.<\/p>\n\n\n\n<p><strong>Mandatario visita Hogar de Ancianos San Francisco de As\u00eds<\/strong><\/p>\n\n\n\n<figure class=\"wp-block-image\"><img decoding=\"async\" src=\"https:\/\/presidencia.gob.do\/sites\/default\/files\/inline-images\/WhatsApp%20Image%202024-12-19%20at%2016.05.59%20%281%29.jpeg\" alt=\"\"\/><\/figure>\n\n\n\n<p>M\u00e1s temprano, el mandatario realiz\u00f3 una&nbsp;<strong>visita al Hogar de Ancianos San Francisco de As\u00eds<\/strong>, donde reafirm\u00f3 su compromiso de seguir trabajando y mejorando la&nbsp;<strong>calidad de vida de los envejecientes<\/strong>&nbsp;del pa\u00eds.<\/p>\n\n\n\n<p>Durante el recorrido a las instalaciones del lugar, ubicado en el kil\u00f3metro 12 de la carretera S\u00e1nchez y donde residen&nbsp;<strong>192 adultos mayores<\/strong>, el gobernante comparti\u00f3 con los envejecientes y mostr\u00f3 su apoyo y admiraci\u00f3n hacia el&nbsp;<strong>noble trabajo de servicio<\/strong>&nbsp;que realizan la&nbsp;<strong>Congregaci\u00f3n de las Hermanitas de los Ancianos Desamparados.<\/strong><\/p>\n\n\n\n<p>En nombre de la entidad extern\u00f3 su agradecimiento la directora,&nbsp;<strong>sor Eugenia L\u00f3pez Rodr\u00edguez,<\/strong>&nbsp;quien valor\u00f3 la visita del mandatario al tiempo de se\u00f1alar que<strong>&nbsp;su misi\u00f3n es trabajar para todos los dominicanos pero en especial para los m\u00e1s pobres.<\/strong><\/p>\n\n\n\n<p>Estuvieron presentes, el contralmirante&nbsp;<strong>Juan Bienvenido Cris\u00f3stomo Mart\u00ednez<\/strong>, subcomandante de la Armada; el contralmirante&nbsp;<strong>Pedro Lalane Peguero<\/strong>, inspector general de la Armada; el contralmirante&nbsp;<strong>Jos\u00e9 Roberto Mu\u00f1oz Monci\u00f3n<\/strong>, comandante de la Base Naval 27 de Febrero; el contralmirante&nbsp;<strong>Helio Manuel Cruz Camacho<\/strong>, comandante de la Base Naval de Infanter\u00eda \u00abManuel Ram\u00f3n Montes Arache\u00bb, y el contralmirante&nbsp;<strong>Juan C\u00e1ndido Pe\u00f1a Ogando<\/strong>, director nacional de Pesca.<\/p>\n\n\n\n<p>#Luis Abinader\u2003\u2003\u2003#<strong>Agust\u00edn Alberto Morillo Rodr\u00edguez<\/strong>\u2003\u2003\u2002#Armada<\/p>\n","protected":false},"excerpt":{"rendered":"<p>19 de Diciembre 2024 | 16:13 Santo Domingo, RD.\u2013&nbsp;El presidente Luis Abinader&nbsp;encabez\u00f3\u2002el viernes&nbsp;dos almuerzos navide\u00f1os con miembros de la Armada y de la Fuerza A\u00e9rea&nbsp;de la Rep\u00fablica Dominicana, a quienes les expres\u00f3 su&nbsp;agradecimiento&nbsp;por su dedicaci\u00f3n cada d\u00eda en favor de la&nbsp;defensa de Rep\u00fablica Dominicana. Durante el primer almuerzo, realizado en el Club Naval para Alistados, [&hellip;]<\/p>\n","protected":false},"author":28,"featured_media":584491,"comment_status":"closed","ping_status":"closed","sticky":true,"template":"","format":"standard","meta":{"footnotes":""},"categories":[36,20,27],"tags":[],"class_list":["post-584490","post","type-post","status-publish","format-standard","has-post-thumbnail","hentry","category-hombresmujeresycosas","category-dominicana-hoy","category-portada"],"_links":{"self":[{"href":"https:\/\/diariodominicano.com\/index.php?rest_route=\/wp\/v2\/posts\/584490","targetHints":{"allow":["GET"]}}],"collection":[{"href":"https:\/\/diariodominicano.com\/index.php?rest_route=\/wp\/v2\/posts"}],"about":[{"href":"https:\/\/diariodominicano.com\/index.php?rest_route=\/wp\/v2\/types\/post"}],"author":[{"embeddable":true,"href":"https:\/\/diariodominicano.com\/index.php?rest_route=\/wp\/v2\/users\/28"}],"replies":[{"embeddable":true,"href":"https:\/\/diariodominicano.com\/index.php?rest_route=%2Fwp%2Fv2%2Fcomments&post=584490"}],"version-history":[{"count":3,"href":"https:\/\/diariodominicano.com\/index.php?rest_route=\/wp\/v2\/posts\/584490\/revisions"}],"predecessor-version":[{"id":584517,"href":"https:\/\/diariodominicano.com\/index.php?rest_route=\/wp\/v2\/posts\/584490\/revisions\/584517"}],"wp:featuredmedia":[{"embeddable":true,"href":"https:\/\/diariodominicano.com\/index.php?rest_route=\/wp\/v2\/media\/584491"}],"wp:attachment":[{"href":"https:\/\/diariodominicano.com\/index.php?rest_route=%2Fwp%2Fv2%2Fmedia&parent=584490"}],"wp:term":[{"taxonomy":"category","embeddable":true,"href":"https:\/\/diariodominicano.com\/index.php?rest_route=%2Fwp%2Fv2%2Fcategories&post=584490"},{"taxonomy":"post_tag","embeddable":true,"href":"https:\/\/diariodominicano.com\/index.php?rest_route=%2Fwp%2Fv2%2Ftags&post=584490"}],"curies":[{"name":"wp","href":"https:\/\/api.w.org\/{rel}","templated":true}]}}