{"id":584466,"date":"2024-12-20T01:26:23","date_gmt":"2024-12-20T05:26:23","guid":{"rendered":"https:\/\/diariodominicano.com\/?p=584466"},"modified":"2024-12-20T01:26:28","modified_gmt":"2024-12-20T05:26:28","slug":"con-biden-el-nivel-mas-alto-de-deportaciones-en-eeuu-desde-2014","status":"publish","type":"post","link":"https:\/\/diariodominicano.com\/?p=584466","title":{"rendered":"Con Biden el nivel m\u00e1s alto de deportaciones en EEUU desde 2014"},"content":{"rendered":"\n<p>Washington, 19 dic (Prensa Latina) El Servicio de Inmigraci\u00f3n y Control de Aduanas (ICE, por sus siglas en ingl\u00e9s) deport\u00f3 271 mil 484 inmigrantes el pasado a\u00f1o fiscal, lo que marca hoy el nivel m\u00e1s alto de expulsiones desde 2014 en Estados Unidos.<\/p>\n\n\n\n<ul class=\"wp-block-list\">\n<li><a href=\"https:\/\/www.prensa-latina.cu\/2024\/12\/19\/\"><time>diciembre 19, 2024 | 22:11<\/time><\/a><\/li>\n<\/ul>\n\n\n\n<ul class=\"wp-block-list\">\n<li><a href=\"https:\/\/www.prensa-latina.cu\/2024\/12\/19\/con-biden-el-nivel-mas-alto-de-deportaciones-en-eeuu-desde-2014\/#\"><\/a><\/li>\n\n\n\n<li><a href=\"https:\/\/www.prensa-latina.cu\/2024\/12\/19\/con-biden-el-nivel-mas-alto-de-deportaciones-en-eeuu-desde-2014\/#\"><\/a><\/li>\n\n\n\n<li><a href=\"https:\/\/www.prensa-latina.cu\/2024\/12\/19\/con-biden-el-nivel-mas-alto-de-deportaciones-en-eeuu-desde-2014\/#\"><\/a><\/li>\n\n\n\n<li><a href=\"https:\/\/www.prensa-latina.cu\/2024\/12\/19\/con-biden-el-nivel-mas-alto-de-deportaciones-en-eeuu-desde-2014\/#\"><\/a><\/li>\n<\/ul>\n\n\n\n<p>Si bien el presidente electo Donald Trump hizo de las deportaciones masivas un elemento prioritario de su pr\u00f3xima administraci\u00f3n y culp\u00f3 al dem\u00f3crata Joe Biden de la crisis en la frontera sur, un informe anual revel\u00f3 que el actual gobierno llev\u00f3 a cabo una cantidad significativa de estas el a\u00f1o fiscal anterior.<\/p>\n\n\n\n<p>La cifra super\u00f3 los dos a\u00f1os anteriores de la presidencia de Biden, y se centr\u00f3 principalmente en amenazas a la seguridad p\u00fablica y la seguridad nacional, reportan medios locales.<\/p>\n\n\n\n<p>Muchas de esas deportaciones fueron de personas que cruzaron de forma irregular la frontera entre Estados Unidos y M\u00e9xico.<\/p>\n\n\n\n<p>El ICE indic\u00f3 que deport\u00f3 a personas a casi 200 pa\u00edses en el periodo que abarc\u00f3 del 1 de octubre de 2023 al 30 de septiembre de este a\u00f1o.<\/p>\n\n\n\n<p>rc\/dfm<\/p>\n\n\n\n<ul class=\"wp-block-list\">\n<li>#<a href=\"https:\/\/www.prensa-latina.cu\/etiqueta\/deportaciones\/\">deportaciones<\/a><\/li>\n<\/ul>\n","protected":false},"excerpt":{"rendered":"<p>Washington, 19 dic (Prensa Latina) El Servicio de Inmigraci\u00f3n y Control de Aduanas (ICE, por sus siglas en ingl\u00e9s) deport\u00f3 271 mil 484 inmigrantes el pasado a\u00f1o fiscal, lo que marca hoy el nivel m\u00e1s alto de expulsiones desde 2014 en Estados Unidos. Si bien el presidente electo Donald Trump hizo de las deportaciones masivas [&hellip;]<\/p>\n","protected":false},"author":28,"featured_media":584467,"comment_status":"closed","ping_status":"closed","sticky":true,"template":"","format":"standard","meta":{"footnotes":""},"categories":[36,23],"tags":[],"class_list":["post-584466","post","type-post","status-publish","format-standard","has-post-thumbnail","hentry","category-hombresmujeresycosas","category-internacional"],"_links":{"self":[{"href":"https:\/\/diariodominicano.com\/index.php?rest_route=\/wp\/v2\/posts\/584466","targetHints":{"allow":["GET"]}}],"collection":[{"href":"https:\/\/diariodominicano.com\/index.php?rest_route=\/wp\/v2\/posts"}],"about":[{"href":"https:\/\/diariodominicano.com\/index.php?rest_route=\/wp\/v2\/types\/post"}],"author":[{"embeddable":true,"href":"https:\/\/diariodominicano.com\/index.php?rest_route=\/wp\/v2\/users\/28"}],"replies":[{"embeddable":true,"href":"https:\/\/diariodominicano.com\/index.php?rest_route=%2Fwp%2Fv2%2Fcomments&post=584466"}],"version-history":[{"count":1,"href":"https:\/\/diariodominicano.com\/index.php?rest_route=\/wp\/v2\/posts\/584466\/revisions"}],"predecessor-version":[{"id":584468,"href":"https:\/\/diariodominicano.com\/index.php?rest_route=\/wp\/v2\/posts\/584466\/revisions\/584468"}],"wp:featuredmedia":[{"embeddable":true,"href":"https:\/\/diariodominicano.com\/index.php?rest_route=\/wp\/v2\/media\/584467"}],"wp:attachment":[{"href":"https:\/\/diariodominicano.com\/index.php?rest_route=%2Fwp%2Fv2%2Fmedia&parent=584466"}],"wp:term":[{"taxonomy":"category","embeddable":true,"href":"https:\/\/diariodominicano.com\/index.php?rest_route=%2Fwp%2Fv2%2Fcategories&post=584466"},{"taxonomy":"post_tag","embeddable":true,"href":"https:\/\/diariodominicano.com\/index.php?rest_route=%2Fwp%2Fv2%2Ftags&post=584466"}],"curies":[{"name":"wp","href":"https:\/\/api.w.org\/{rel}","templated":true}]}}