{"id":584460,"date":"2024-12-20T01:21:53","date_gmt":"2024-12-20T05:21:53","guid":{"rendered":"https:\/\/diariodominicano.com\/?p=584460"},"modified":"2024-12-20T01:21:57","modified_gmt":"2024-12-20T05:21:57","slug":"cuba-exigira-cese-de-politica-de-maxima-presion-de-eeuu","status":"publish","type":"post","link":"https:\/\/diariodominicano.com\/?p=584460","title":{"rendered":"Cuba exigir\u00e1 cese de pol\u00edtica de m\u00e1xima presi\u00f3n de EEUU"},"content":{"rendered":"\n<p>La Habana, 20 dic (Prensa Latina) Miles de cubanos exigir\u00e1n hoy, en esta capital, el levantamiento del bloqueo de Estados Unidos y la exclusi\u00f3n de la isla de la lista del Departamento de Estado de pa\u00edses que supuestamente patrocinan el terrorismo.<\/p>\n\n\n\n<ul class=\"wp-block-list\">\n<li><a href=\"https:\/\/www.prensa-latina.cu\/2024\/12\/20\/\"><time>diciembre 20, 2024 | 00:03<\/time><\/a><\/li>\n<\/ul>\n\n\n\n<ul class=\"wp-block-list\">\n<li><a href=\"https:\/\/www.prensa-latina.cu\/2024\/12\/20\/cuba-exigira-cese-de-politica-de-maxima-presion-de-eeuu\/#\"><\/a><\/li>\n\n\n\n<li><a href=\"https:\/\/www.prensa-latina.cu\/2024\/12\/20\/cuba-exigira-cese-de-politica-de-maxima-presion-de-eeuu\/#\"><\/a><\/li>\n\n\n\n<li><a href=\"https:\/\/www.prensa-latina.cu\/2024\/12\/20\/cuba-exigira-cese-de-politica-de-maxima-presion-de-eeuu\/#\"><\/a><\/li>\n\n\n\n<li><a href=\"https:\/\/www.prensa-latina.cu\/2024\/12\/20\/cuba-exigira-cese-de-politica-de-maxima-presion-de-eeuu\/#\"><\/a><\/li>\n<\/ul>\n\n\n\n<p>La movilizaci\u00f3n en el Malec\u00f3n habanero denunciar\u00e1 frente a la Embajada de Estados Unidos el mantenimiento de la pol\u00edtica de m\u00e1xima presi\u00f3n contra esta naci\u00f3n antillana, con efectos da\u00f1inos sobre la calidad de vida del pueblo y el desarrollo del pa\u00eds.<\/p>\n\n\n\n<p>A 30 d\u00edas de que el mandatario dem\u00f3crata estadounidense Joe Biden abandone la Casa Blanca, se mantienen vigentes y en aplicaci\u00f3n la casi totalidad de las medidas de coerci\u00f3n econ\u00f3mica draconianas impuestas por el gobierno del republicano Donald Trump (2017-2021).<\/p>\n\n\n\n<p>Frente a esta realidad, la poblaci\u00f3n capitalina, en nombre del pueblo cubano, patentizar\u00e1 su respaldo al rumbo socialista del proceso revolucionario de la isla.<\/p>\n\n\n\n<p>Expresar\u00e1, asimismo, la voluntad de defender el derecho a la soberan\u00eda, autodeterminaci\u00f3n y a la no injerencia en los asuntos internos de la naci\u00f3n antillana.<\/p>\n\n\n\n<p>El presidente cubano convoc\u00f3 al desfile durante su intervenci\u00f3n en la sesi\u00f3n de clausura del IX Pleno del Comit\u00e9 Central del Partido Comunista de Cuba, realizada el pasado 13 de diciembre en esta capital.<\/p>\n\n\n\n<p>rc\/evm<\/p>\n\n\n\n<ul class=\"wp-block-list\">\n<li>#<a href=\"https:\/\/www.prensa-latina.cu\/etiqueta\/bloqueo\/\">bloqueo<\/a>\u00a0#<a href=\"https:\/\/www.prensa-latina.cu\/etiqueta\/cuba\/\">cuba<\/a>\u00a0#<a href=\"https:\/\/www.prensa-latina.cu\/etiqueta\/lista\/\">lista<\/a>\u00a0#<a href=\"https:\/\/www.prensa-latina.cu\/etiqueta\/marcha\/\">marcha<\/a>\u00a0#<a href=\"https:\/\/www.prensa-latina.cu\/etiqueta\/terrorista\/\">terrorista<\/a><\/li>\n<\/ul>\n","protected":false},"excerpt":{"rendered":"<p>La Habana, 20 dic (Prensa Latina) Miles de cubanos exigir\u00e1n hoy, en esta capital, el levantamiento del bloqueo de Estados Unidos y la exclusi\u00f3n de la isla de la lista del Departamento de Estado de pa\u00edses que supuestamente patrocinan el terrorismo. La movilizaci\u00f3n en el Malec\u00f3n habanero denunciar\u00e1 frente a la Embajada de Estados Unidos [&hellip;]<\/p>\n","protected":false},"author":28,"featured_media":584461,"comment_status":"closed","ping_status":"closed","sticky":true,"template":"","format":"standard","meta":{"footnotes":""},"categories":[23],"tags":[],"class_list":["post-584460","post","type-post","status-publish","format-standard","has-post-thumbnail","hentry","category-internacional"],"_links":{"self":[{"href":"https:\/\/diariodominicano.com\/index.php?rest_route=\/wp\/v2\/posts\/584460","targetHints":{"allow":["GET"]}}],"collection":[{"href":"https:\/\/diariodominicano.com\/index.php?rest_route=\/wp\/v2\/posts"}],"about":[{"href":"https:\/\/diariodominicano.com\/index.php?rest_route=\/wp\/v2\/types\/post"}],"author":[{"embeddable":true,"href":"https:\/\/diariodominicano.com\/index.php?rest_route=\/wp\/v2\/users\/28"}],"replies":[{"embeddable":true,"href":"https:\/\/diariodominicano.com\/index.php?rest_route=%2Fwp%2Fv2%2Fcomments&post=584460"}],"version-history":[{"count":1,"href":"https:\/\/diariodominicano.com\/index.php?rest_route=\/wp\/v2\/posts\/584460\/revisions"}],"predecessor-version":[{"id":584462,"href":"https:\/\/diariodominicano.com\/index.php?rest_route=\/wp\/v2\/posts\/584460\/revisions\/584462"}],"wp:featuredmedia":[{"embeddable":true,"href":"https:\/\/diariodominicano.com\/index.php?rest_route=\/wp\/v2\/media\/584461"}],"wp:attachment":[{"href":"https:\/\/diariodominicano.com\/index.php?rest_route=%2Fwp%2Fv2%2Fmedia&parent=584460"}],"wp:term":[{"taxonomy":"category","embeddable":true,"href":"https:\/\/diariodominicano.com\/index.php?rest_route=%2Fwp%2Fv2%2Fcategories&post=584460"},{"taxonomy":"post_tag","embeddable":true,"href":"https:\/\/diariodominicano.com\/index.php?rest_route=%2Fwp%2Fv2%2Ftags&post=584460"}],"curies":[{"name":"wp","href":"https:\/\/api.w.org\/{rel}","templated":true}]}}