{"id":584457,"date":"2024-12-20T01:19:15","date_gmt":"2024-12-20T05:19:15","guid":{"rendered":"https:\/\/diariodominicano.com\/?p=584457"},"modified":"2024-12-20T01:19:19","modified_gmt":"2024-12-20T05:19:19","slug":"hombre-de-oklahoma-muere-por-inyeccion-letal-en-ultima-ejecucion-de-2024-en-eeuu","status":"publish","type":"post","link":"https:\/\/diariodominicano.com\/?p=584457","title":{"rendered":"Hombre de Oklahoma muere por inyecci\u00f3n letal en \u00faltima ejecuci\u00f3n de 2024 en EEUU"},"content":{"rendered":"\n<p>ARCHIVO &#8211; Kevin Ray Underwood llega a la sala del tribunal para su sentencia formal en Purcell, Oklahoma, el 3 de abril de 2008.<\/p>\n\n\n\n<p>diciembre 19, 2024<\/p>\n\n\n\n<ul class=\"wp-block-list\">\n<li><a href=\"https:\/\/www.vozdeamerica.com\/author\/associated-press\/v_kyr\">Associated Press<\/a><\/li>\n<\/ul>\n\n\n\n<ul class=\"wp-block-list\">\n<li><a href=\"https:\/\/facebook.com\/sharer.php?u=https%3a%2f%2fwww.vozdeamerica.com%2fa%2fhombre-oklahoma-muere-inyeccion-letal-%2f7907635.html\" target=\"_blank\" rel=\"noreferrer noopener\"><\/a><\/li>\n\n\n\n<li><a href=\"https:\/\/twitter.com\/share?url=https%3a%2f%2fwww.vozdeamerica.com%2fa%2fhombre-oklahoma-muere-inyeccion-letal-%2f7907635.html&amp;text=Hombre+de+Oklahoma+muere+por+inyecci%c3%b3n+letal+en+%c3%baltima+ejecuci%c3%b3n+de+2024+en+EEUU\" target=\"_blank\" rel=\"noreferrer noopener\"><\/a><\/li>\n\n\n\n<li><\/li>\n\n\n\n<li><a href=\"mailto:?body=https%3a%2f%2fwww.vozdeamerica.com%2fa%2fhombre-oklahoma-muere-inyeccion-letal-%2f7907635.html&amp;subject=Hombre%20de%20Oklahoma%20muere%20por%20inyecci%C3%B3n%20letal%20en%20%C3%BAltima%20ejecuci%C3%B3n%20de%202024%20en%20EEUU\"><\/a><\/li>\n<\/ul>\n\n\n\n<p><a href=\"https:\/\/www.vozdeamerica.com\/a\/hombre-oklahoma-muere-inyeccion-letal-\/7907635.html#comments\">&nbsp;Vea comentarios<\/a><\/p>\n\n\n\n<p>Ejecutan por medio de inyecci\u00f3n letal a hombre de Oklahoma que mat\u00f3 a una ni\u00f1a como parte de una fantas\u00eda can\u00edbal en 2006. Se trata de Kevin Ray Underwood. Las autoridades anunciaron que es la \u00faltima ejecuci\u00f3n de 2024 en EEUU.<\/p>\n\n\n\n<p>OKLAHOMA CITY, EEUU \u2014&nbsp;<\/p>\n\n\n\n<p>Un hombre de Oklahoma que mat\u00f3 a una ni\u00f1a de 10 a\u00f1os como parte de una fantas\u00eda can\u00edbal muri\u00f3 por inyecci\u00f3n letal el jueves, en la que fue la 25ta y \u00faltima ejecuci\u00f3n del a\u00f1o en el pa\u00eds.<\/p>\n\n\n\n<p>Kevin Ray Underwood fue declarado muerto a las 10:14 de la ma\u00f1ana en la Penitenciar\u00eda del Estado de Oklahoma en McAlester. Fue la cuarta ejecuci\u00f3n del a\u00f1o en Oklahoma, y ocurri\u00f3 en el 45to cumplea\u00f1os de Underwood.<\/p>\n\n\n\n<p>Oklahoma utiliza un proceso de inyecci\u00f3n letal de tres f\u00e1rmacos que comienza con el sedante midazolam, seguido de un segundo f\u00e1rmaco que paraliza al recluso y un tercero que detiene su coraz\u00f3n.<\/p>\n\n\n\n<p>Atado a una camilla dentro de la c\u00e1mara de ejecuci\u00f3n, Underwood se disculp\u00f3 con la familia de Jamie y con su propia familia \u201cpor todas las cosas terribles que hice\u201d.<\/p>\n\n\n\n<p>\u201cLa decisi\u00f3n de ejecutarme en mi cumplea\u00f1os y seis d\u00edas antes de Navidad fue algo innecesariamente cruel de hacerle a mi familia\u201d, dijo Underwood, \u201cpero estoy muy arrepentido por lo que hice y desear\u00eda poder retractarme\u201d.<\/p>\n\n\n\n<p>Underwood mir\u00f3 a los miembros de su equipo legal y a su familia, incluida su madre, cuando comenz\u00f3 la ejecuci\u00f3n a las 10:04 de la ma\u00f1ana. Su respiraci\u00f3n se entrecort\u00f3 ligeramente y sus ojos se cerraron unos minutos despu\u00e9s. Un m\u00e9dico entr\u00f3 en la c\u00e1mara de ejecuci\u00f3n a las 10:09 de la ma\u00f1ana, lo sacudi\u00f3 unas cuantas veces y lo declar\u00f3 inconsciente. Fue declarado muerto cinco minutos despu\u00e9s.<\/p>\n\n\n\n<p><a href=\"https:\/\/www.vozdeamerica.com\/a\/se-preve-la-ejecucion-de-5-reos-en-una-semana-en-eeuu-la-mayor-cifra-en-decadas\/7798604.html\"><\/a><\/p>\n\n\n\n<p><a href=\"https:\/\/www.vozdeamerica.com\/a\/se-preve-la-ejecucion-de-5-reos-en-una-semana-en-eeuu-la-mayor-cifra-en-decadas\/7798604.html\">Tambi\u00e9n lea<\/a><\/p>\n\n\n\n<h4 class=\"wp-block-heading\"><a href=\"https:\/\/www.vozdeamerica.com\/a\/se-preve-la-ejecucion-de-5-reos-en-una-semana-en-eeuu-la-mayor-cifra-en-decadas\/7798604.html\">Se prev\u00e9 la ejecuci\u00f3n de 5 reos en una semana en EEUU; la mayor cifra en d\u00e9cadas<\/a><\/h4>\n\n\n\n<p>Underwood, un extrabajador de supermercado, fue condenado a muerte por matar a Jamie Rose Bolin en 2006. Underwood admiti\u00f3 haber atra\u00eddo a Jamie a su apartamento y haberla golpeado en la cabeza con una tabla de cortar antes de asfixiarla y agredirla sexualmente. Le dijo a los investigadores que casi decapit\u00f3 a Jamie en su ba\u00f1era antes de abandonar sus planes de com\u00e9rsela.<\/p>\n\n\n\n<p>La hermana de Jamie, Lori Pate, quien estuvo entre varios familiares que presenciaron la ejecuci\u00f3n, agradeci\u00f3 a los fiscales por ayudar a guiar a su familia a trav\u00e9s del proceso de casi 18 a\u00f1os desde la muerte de Jamie hasta la ejecuci\u00f3n de Underwood.<\/p>\n\n\n\n<p>\u201cEsto no nos devuelve a nuestra Jamie, pero s\u00ed permite que el espacio en nuestros corazones se enfoque en ella y permita que comience el proceso de sanaci\u00f3n\u201d, dijo Pate.<\/p>\n\n\n\n<p>Durante una audiencia la semana pasada, tres miembros de la Junta de Indultos y Libertad Condicional del estado votaron un\u00e1nimemente en contra de recomendar la clemencia.<\/p>\n\n\n\n<p>Los abogados de Underwood argumentaron que no merec\u00eda la muerte debido a su largo historial de abusos y serios problemas de salud mental que inclu\u00edan autismo, trastorno obsesivo-compulsivo, trastorno bipolar y de p\u00e1nico, trastorno de estr\u00e9s postraum\u00e1tico, trastorno de personalidad esquizot\u00edpica y varias parafilias sexuales.<\/p>\n\n\n\n<p>Los fiscales argumentaron que muchas personas sufren de enfermedades mentales, pero eso no justifica hacer da\u00f1o a los ni\u00f1os.<\/p>\n\n\n\n<p>En una solicitud de \u00faltimo minuto para obtener una suspensi\u00f3n de la ejecuci\u00f3n de la Corte Suprema de Estados Unidos, los abogados de Underwood argumentaron que merec\u00eda una audiencia ante los cinco miembros de la junta y que el panel viol\u00f3 la ley estatal y los derechos de Underwood al reprogramar la audiencia en el \u00faltimo minuto despu\u00e9s de que dos miembros de la junta renunciaran. La corte rechaz\u00f3 esa petici\u00f3n la ma\u00f1ana del jueves.<\/p>\n","protected":false},"excerpt":{"rendered":"<p>ARCHIVO &#8211; Kevin Ray Underwood llega a la sala del tribunal para su sentencia formal en Purcell, Oklahoma, el 3 de abril de 2008. diciembre 19, 2024 &nbsp;Vea comentarios Ejecutan por medio de inyecci\u00f3n letal a hombre de Oklahoma que mat\u00f3 a una ni\u00f1a como parte de una fantas\u00eda can\u00edbal en 2006. Se trata de [&hellip;]<\/p>\n","protected":false},"author":28,"featured_media":584458,"comment_status":"closed","ping_status":"closed","sticky":true,"template":"","format":"standard","meta":{"footnotes":""},"categories":[23],"tags":[],"class_list":["post-584457","post","type-post","status-publish","format-standard","has-post-thumbnail","hentry","category-internacional"],"_links":{"self":[{"href":"https:\/\/diariodominicano.com\/index.php?rest_route=\/wp\/v2\/posts\/584457","targetHints":{"allow":["GET"]}}],"collection":[{"href":"https:\/\/diariodominicano.com\/index.php?rest_route=\/wp\/v2\/posts"}],"about":[{"href":"https:\/\/diariodominicano.com\/index.php?rest_route=\/wp\/v2\/types\/post"}],"author":[{"embeddable":true,"href":"https:\/\/diariodominicano.com\/index.php?rest_route=\/wp\/v2\/users\/28"}],"replies":[{"embeddable":true,"href":"https:\/\/diariodominicano.com\/index.php?rest_route=%2Fwp%2Fv2%2Fcomments&post=584457"}],"version-history":[{"count":1,"href":"https:\/\/diariodominicano.com\/index.php?rest_route=\/wp\/v2\/posts\/584457\/revisions"}],"predecessor-version":[{"id":584459,"href":"https:\/\/diariodominicano.com\/index.php?rest_route=\/wp\/v2\/posts\/584457\/revisions\/584459"}],"wp:featuredmedia":[{"embeddable":true,"href":"https:\/\/diariodominicano.com\/index.php?rest_route=\/wp\/v2\/media\/584458"}],"wp:attachment":[{"href":"https:\/\/diariodominicano.com\/index.php?rest_route=%2Fwp%2Fv2%2Fmedia&parent=584457"}],"wp:term":[{"taxonomy":"category","embeddable":true,"href":"https:\/\/diariodominicano.com\/index.php?rest_route=%2Fwp%2Fv2%2Fcategories&post=584457"},{"taxonomy":"post_tag","embeddable":true,"href":"https:\/\/diariodominicano.com\/index.php?rest_route=%2Fwp%2Fv2%2Ftags&post=584457"}],"curies":[{"name":"wp","href":"https:\/\/api.w.org\/{rel}","templated":true}]}}