{"id":584449,"date":"2024-12-20T01:13:11","date_gmt":"2024-12-20T05:13:11","guid":{"rendered":"https:\/\/diariodominicano.com\/?p=584449"},"modified":"2024-12-20T01:13:15","modified_gmt":"2024-12-20T05:13:15","slug":"presidente-chileno-pide-mas-humildad-a-su-homologo-argentino-milei-tras-nuevo-roce-diplomatico","status":"publish","type":"post","link":"https:\/\/diariodominicano.com\/?p=584449","title":{"rendered":"Presidente chileno pide \u00abm\u00e1s humildad\u00bb a su hom\u00f3logo argentino Milei tras nuevo roce diplom\u00e1tico"},"content":{"rendered":"\n<p>ARCHIVO &#8211; El presidente Gabriel Boric asiste a la inauguraci\u00f3n del Encuentro Nacional de Empresarios en Santiago, Chile, el 25 de abril de 2024.<\/p>\n\n\n\n<p>diciembre 19, 2024<\/p>\n\n\n\n<ul class=\"wp-block-list\">\n<li><a href=\"https:\/\/www.vozdeamerica.com\/author\/associated-press\/v_kyr\">Associated Press<\/a><\/li>\n<\/ul>\n\n\n\n<ul class=\"wp-block-list\">\n<li><a href=\"https:\/\/facebook.com\/sharer.php?u=https%3a%2f%2fwww.vozdeamerica.com%2fa%2fpresidente-chileno-pide-humildad-homologo-argentino-nuevo-roce-diplomatico-milei-%2f7908024.html\" target=\"_blank\" rel=\"noreferrer noopener\"><\/a><\/li>\n\n\n\n<li><a href=\"https:\/\/twitter.com\/share?url=https%3a%2f%2fwww.vozdeamerica.com%2fa%2fpresidente-chileno-pide-humildad-homologo-argentino-nuevo-roce-diplomatico-milei-%2f7908024.html&amp;text=Presidente+chileno+pide+%22m%c3%a1s+humildad%22+a+su+hom%c3%b3logo+argentino+Milei+tras+nuevo+roce+diplom%c3%a1tico\" target=\"_blank\" rel=\"noreferrer noopener\"><\/a><\/li>\n\n\n\n<li><\/li>\n\n\n\n<li><a href=\"mailto:?body=https%3a%2f%2fwww.vozdeamerica.com%2fa%2fpresidente-chileno-pide-humildad-homologo-argentino-nuevo-roce-diplomatico-milei-%2f7908024.html&amp;subject=Presidente%20chileno%20pide%20%22m%C3%A1s%20humildad%22%20a%20su%20hom%C3%B3logo%20argentino%20Milei%20tras%20nuevo%20roce%20diplom%C3%A1tico\"><\/a><\/li>\n<\/ul>\n\n\n\n<p><a href=\"https:\/\/www.vozdeamerica.com\/a\/presidente-chileno-pide-humildad-homologo-argentino-nuevo-roce-diplomatico-milei-\/7908024.html#comments\">&nbsp;Vea comentarios<\/a><\/p>\n\n\n\n<p>Gabriel Boric pidi\u00f3 \u00abun poquito m\u00e1s de humildad\u00bb a su hom\u00f3logo argentino Javier Milei, quien respald\u00f3 las cr\u00edticas de su ministro de Econom\u00eda Luis Caputo al presidente chileno. Lo llam\u00f3 un \u201dcomunista\u00bb que est\u00e1 por \u201chundir\u201d al pa\u00eds.<\/p>\n\n\n\n<p>BUENOS AIRES \u2014&nbsp;<\/p>\n\n\n\n<p>El presidente de Chile, Gabriel Boric, le pidi\u00f3 el jueves un \u201cpoquito m\u00e1s de humildad\u201d a su hom\u00f3logo argentino, Javier Milei, quien ha sumado una nueva pol\u00e9mica con pa\u00edses vecinos despu\u00e9s de que su ministro de Econom\u00eda, Luis Caputo, calificara a Boric como un \u201dcomunista\u00bb que est\u00e1 por \u201chundir\u201d al pa\u00eds.<\/p>\n\n\n\n<p>Boric mand\u00f3 \u201cun peque\u00f1o mensaje para el otro lado de la cordillera\u201d y asegur\u00f3 que Argentina es un \u201cpa\u00eds hermano\u201d, cuyos 5.000 kil\u00f3metros de frontera que comparten \u201cvan a seguir all\u00ed\u201d cuando ambos mandatarios ya no est\u00e9n.<\/p>\n\n\n\n<p>\u00abHay que tener un poquitio m\u00e1s de humildad, porque nosotros los presidentes pasamos, pero los pueblos y las instituciones quedan\u201d, dijo Boric durante un acto oficial en la sure\u00f1a regi\u00f3n de \u00d1uble, en el que mencion\u00f3 nominalmente a Milei.<\/p>\n\n\n\n<p>La respuesta del jefe de Estado chileno representa una escalada en los cruces entre los dos pa\u00edses tras una pol\u00e9mica iniciada por el titular de Econom\u00eda argentino el martes, cuando afirm\u00f3 en una entrevista local que Chile est\u00e1 \u00abpr\u00e1cticamente\u00bb gobernado por \u00abun comunista que los est\u00e1 por hundir\u201d, al opinar sobre los rumbos de la pol\u00edtica econ\u00f3mica que ha tomado el pa\u00eds ant\u00e1rtico en los \u00faltimos a\u00f1os.<\/p>\n\n\n\n<p>Un d\u00eda despu\u00e9s, el gobierno chileno entreg\u00f3 una carta de protesta al embajador de Argentina en el pa\u00eds, Jorge Faurie, en la que expres\u00f3 su rechazo a las \u201cinapropiadas e inexactas declaraciones\u201d de Caputo.<\/p>\n\n\n\n<p><a href=\"https:\/\/www.vozdeamerica.com\/a\/una-propuesta-de-impuestos-para-los-superricos-marca-comienzo-de-la-cumbre-del-g20\/7867453.html\"><\/a><\/p>\n\n\n\n<p><a href=\"https:\/\/www.vozdeamerica.com\/a\/una-propuesta-de-impuestos-para-los-superricos-marca-comienzo-de-la-cumbre-del-g20\/7867453.html\">Tambi\u00e9n lea<\/a><\/p>\n\n\n\n<h4 class=\"wp-block-heading\"><a href=\"https:\/\/www.vozdeamerica.com\/a\/una-propuesta-de-impuestos-para-los-superricos-marca-comienzo-de-la-cumbre-del-g20\/7867453.html\">Una propuesta de impuesto global a los \u201csuperricos\u201d marca inicio de Cumbre del G20<\/a><\/h4>\n\n\n\n<p>Pero las fricciones se tensaron m\u00e1s el jueves, cuando Milei, un ultraderechista que se define como \u201clibertario\u201d, en lugar de amainar el ambiente, apoy\u00f3 a su ministro a trav\u00e9s de las redes sociales. \u201cPoniendo zurdos en su lugar\u201d, escribi\u00f3 el mandatario en X al compartir una publicaci\u00f3n cr\u00edtica a Boric.<\/p>\n\n\n\n<p>En respuesta, Boric afirm\u00f3 que no se referir\u00eda \u201ccon adjetivos ni insultos hacia el presidente de Argentina como \u00e9l est\u00e1 acostumbrado a hacerlo\u201d.<\/p>\n\n\n\n<p>\u201cAc\u00e1 en Chile somos emp\u00e1ticos con qui\u00e9n sufre hambre, con qui\u00e9n sufre violencia, con qui\u00e9n sufre discriminaci\u00f3n en cualquiera de sus formas\u201d, dijo. \u201cAc\u00e1 en Chile hemos optado por la humanidad, no importa sus ideas, sus creencias, no importa si tiene diferencias conmigo o no\u201d.<\/p>\n\n\n\n<p>Se trata del \u00faltimo episodio de la convulsa relaci\u00f3n de Milei con los l\u00edderes latinoamericanos desde que lleg\u00f3 a la Presidencia argentina hace un a\u00f1o. Aislado pol\u00edtica e ideologicamente, el mandatario acumula una serie de roces y cr\u00edticas a sus pares de la regi\u00f3n.<\/p>\n\n\n\n<p>En marzo, Colombia orden\u00f3 la expulsi\u00f3n de un grupo de diplom\u00e1ticos argentinos despu\u00e9s de que Milei llamara \u201casesino terrorista\u201d al presidente de ese pa\u00eds, Gustavo Petro. Meses despu\u00e9s, carg\u00f3 contra el mandatario brasile\u00f1o, Luiz In\u00e1cio Lula da Silva, a quien calific\u00f3 como \u00abcorrupto y comunista\u00bb.<\/p>\n\n\n\n<p>El argentino igualmente ha mantenido choques pol\u00edticos personales que derivaron en conflictos diplom\u00e1ticos con, entre otros, el expresidente de M\u00e9xico, Andr\u00e9s Manuel Lopez Obrador; el jefe del gobierno espa\u00f1ol, Pedro S\u00e1nchez, y el gobernante venezolano Nicol\u00e1s Maduro, a quien calific\u00f3 como un \u201cdictador criminal\u201d hace tan solo un d\u00eda.<\/p>\n\n\n\n<p>Desde que lleg\u00f3 al poder, el 10 de diciembre de 2023, Milei se ha desmarcado de los l\u00edderes regionales y ha adoptado una pol\u00edtica separatista, que ha generado cr\u00edticas de sus pares, en especial entre los socios del Mercosur, conformado por Brasil, Argentina, Paraguay, Uruguay, y la reci\u00e9n incorporada Bolivia.<\/p>\n\n\n\n<p>A inicios de mes, durante la cumbre de l\u00edderes del bloque regional, en la que Argentina asumi\u00f3 su presidencia pro tempore, el mandatario calific\u00f3 la alianza como una \u201cprisi\u00f3n\u201d y fue tajante al afirmar que \u201cel Mercosur y sus restricciones han sido un escollo para el progreso de los argentinos\u201d, ya que, a su juicio, da m\u00e1s problemas que soluciones, en unas declaraciones que profundizaron el malestar vivido entre los miembros del bloque.<\/p>\n","protected":false},"excerpt":{"rendered":"<p>ARCHIVO &#8211; El presidente Gabriel Boric asiste a la inauguraci\u00f3n del Encuentro Nacional de Empresarios en Santiago, Chile, el 25 de abril de 2024. diciembre 19, 2024 &nbsp;Vea comentarios Gabriel Boric pidi\u00f3 \u00abun poquito m\u00e1s de humildad\u00bb a su hom\u00f3logo argentino Javier Milei, quien respald\u00f3 las cr\u00edticas de su ministro de Econom\u00eda Luis Caputo al [&hellip;]<\/p>\n","protected":false},"author":28,"featured_media":584450,"comment_status":"closed","ping_status":"closed","sticky":true,"template":"","format":"standard","meta":{"footnotes":""},"categories":[23],"tags":[],"class_list":["post-584449","post","type-post","status-publish","format-standard","has-post-thumbnail","hentry","category-internacional"],"_links":{"self":[{"href":"https:\/\/diariodominicano.com\/index.php?rest_route=\/wp\/v2\/posts\/584449","targetHints":{"allow":["GET"]}}],"collection":[{"href":"https:\/\/diariodominicano.com\/index.php?rest_route=\/wp\/v2\/posts"}],"about":[{"href":"https:\/\/diariodominicano.com\/index.php?rest_route=\/wp\/v2\/types\/post"}],"author":[{"embeddable":true,"href":"https:\/\/diariodominicano.com\/index.php?rest_route=\/wp\/v2\/users\/28"}],"replies":[{"embeddable":true,"href":"https:\/\/diariodominicano.com\/index.php?rest_route=%2Fwp%2Fv2%2Fcomments&post=584449"}],"version-history":[{"count":1,"href":"https:\/\/diariodominicano.com\/index.php?rest_route=\/wp\/v2\/posts\/584449\/revisions"}],"predecessor-version":[{"id":584451,"href":"https:\/\/diariodominicano.com\/index.php?rest_route=\/wp\/v2\/posts\/584449\/revisions\/584451"}],"wp:featuredmedia":[{"embeddable":true,"href":"https:\/\/diariodominicano.com\/index.php?rest_route=\/wp\/v2\/media\/584450"}],"wp:attachment":[{"href":"https:\/\/diariodominicano.com\/index.php?rest_route=%2Fwp%2Fv2%2Fmedia&parent=584449"}],"wp:term":[{"taxonomy":"category","embeddable":true,"href":"https:\/\/diariodominicano.com\/index.php?rest_route=%2Fwp%2Fv2%2Fcategories&post=584449"},{"taxonomy":"post_tag","embeddable":true,"href":"https:\/\/diariodominicano.com\/index.php?rest_route=%2Fwp%2Fv2%2Ftags&post=584449"}],"curies":[{"name":"wp","href":"https:\/\/api.w.org\/{rel}","templated":true}]}}