{"id":584446,"date":"2024-12-20T01:10:53","date_gmt":"2024-12-20T05:10:53","guid":{"rendered":"https:\/\/diariodominicano.com\/?p=584446"},"modified":"2024-12-20T01:10:58","modified_gmt":"2024-12-20T05:10:58","slug":"biden-visitara-al-papa-francisco-en-su-ultima-gira-presidencial-internacional","status":"publish","type":"post","link":"https:\/\/diariodominicano.com\/?p=584446","title":{"rendered":"Biden visitar\u00e1 al papa Francisco en su \u00faltima gira presidencial internacional"},"content":{"rendered":"\n<p>diciembre 19, 2024<\/p>\n\n\n\n<p>El papa Francisco participa en una audiencia a los peregrinos de Santiago de Compostela en la Bas\u00edlica de San Pedro en el Vaticano el 19 de diciembre de 2024.<\/p>\n\n\n\n<ul class=\"wp-block-list\">\n<li><a href=\"https:\/\/www.vozdeamerica.com\/author\/voz-de-america-redaccion\/p_kym\">Voz de Am\u00e9rica &#8211; Redacci\u00f3n<\/a><\/li>\n<\/ul>\n\n\n\n<ul class=\"wp-block-list\">\n<li><a href=\"https:\/\/facebook.com\/sharer.php?u=https%3a%2f%2fwww.vozdeamerica.com%2fa%2fbiden-visitara-al-papa-francisco-en-su-ultima-gira-presidencial-internacional%2f7907717.html\" target=\"_blank\" rel=\"noreferrer noopener\"><\/a><\/li>\n\n\n\n<li><a href=\"https:\/\/twitter.com\/share?url=https%3a%2f%2fwww.vozdeamerica.com%2fa%2fbiden-visitara-al-papa-francisco-en-su-ultima-gira-presidencial-internacional%2f7907717.html&amp;text=Biden+visitar%c3%a1+al+papa+Francisco+en+su+%c3%baltima+gira+presidencial+internacional\" target=\"_blank\" rel=\"noreferrer noopener\"><\/a><\/li>\n\n\n\n<li><\/li>\n\n\n\n<li><a href=\"mailto:?body=https%3a%2f%2fwww.vozdeamerica.com%2fa%2fbiden-visitara-al-papa-francisco-en-su-ultima-gira-presidencial-internacional%2f7907717.html&amp;subject=Biden%20visitar%C3%A1%20al%20papa%20Francisco%20en%20su%20%C3%BAltima%20gira%20presidencial%20internacional\"><\/a><\/li>\n<\/ul>\n\n\n\n<p><a href=\"https:\/\/www.vozdeamerica.com\/a\/biden-visitara-al-papa-francisco-en-su-ultima-gira-presidencial-internacional\/7907717.html#comments\">&nbsp;Vea comentarios<\/a><\/p>\n\n\n\n<p>En lo que ser\u00eda su \u00faltimo viaje internacional como presidente, Joe Biden viajar\u00e1 a Italia la segunda semana de enero para reunirse con el papa Francisco y con las autoridades de ese pa\u00eds.<\/p>\n\n\n\n<p>El presidente de Estados Unidos, Joe Biden, visitar\u00e1 el Vaticano para reunirse con el papa Francisco el pr\u00f3ximo mes, en lo que ser\u00eda su \u00faltimo viaje internacional como mandatario.<\/p>\n\n\n\n<p>La oficina de prensa de la Casa Blanca precis\u00f3 que Biden viajar\u00e1 a Roma, del 9 al 12 de enero para reunirse por separado con el m\u00e1ximo representante de la Iglesia Cat\u00f3lica, el presidente de Italia, Sergio Mattarella, y la primera ministra de Italia, Giorgia Meloni.<\/p>\n\n\n\n<p>\u00abEl 10 de enero, el presidente Biden tendr\u00e1 una audiencia con el papa y hablar\u00e1 sobre los esfuerzos para promover la paz en todo el mundo\u00bb, dijo la Casa Blanca.<\/p>\n\n\n\n<p>Precis\u00f3 que tambi\u00e9n se reunir\u00e1 con los l\u00edderes de Italia para destacar la fortaleza de la relaci\u00f3n entre Estados Unidos e Italia, agradecer a la primera ministra Meloni por su firme liderazgo del G7 durante el a\u00f1o pasado y hablar sobre los importantes desaf\u00edos que enfrenta el mundo.<\/p>\n\n\n\n<p>Biden, un cat\u00f3lico practicante, se reuni\u00f3 en privado con el papa Francisco a principios de este a\u00f1o mientras se encontraba en Italia para la reuni\u00f3n de l\u00edderes del Grupo de los Siete.<\/p>\n\n\n\n<p>Tambi\u00e9n se reuni\u00f3 con Francisco en el Vaticano en 2021, cuando sostuvieron una conversaci\u00f3n amplia sobre el cambio clim\u00e1tico, la pobreza y la pandemia de coronavirus. Su c\u00e1lida conversaci\u00f3n tambi\u00e9n abord\u00f3 la p\u00e9rdida del hijo adulto del presidente, Beau, que muri\u00f3 de c\u00e1ncer en 2015, e incluy\u00f3 bromas sobre envejecer bien.<\/p>\n\n\n\n<p>El apoyo de Biden a los derechos al aborto y al matrimonio entre personas del mismo sexo lo ha puesto en desacuerdo con muchos obispos estadounidenses, algunos de los cuales han sugerido que se le deber\u00eda negar la comuni\u00f3n.<\/p>\n\n\n\n<p>Pero tras la reuni\u00f3n en el Vaticano en 2021, Biden dijo que Francisco lo llam\u00f3 un \u201cbuen cat\u00f3lico\u201d que deber\u00eda seguir recibiendo la comuni\u00f3n.<\/p>\n\n\n\n<p>La presidencia de Biden culminar\u00e1 el 20 de enero, cuando Donald Trump inaugure su mandato.<\/p>\n","protected":false},"excerpt":{"rendered":"<p>diciembre 19, 2024 El papa Francisco participa en una audiencia a los peregrinos de Santiago de Compostela en la Bas\u00edlica de San Pedro en el Vaticano el 19 de diciembre de 2024. &nbsp;Vea comentarios En lo que ser\u00eda su \u00faltimo viaje internacional como presidente, Joe Biden viajar\u00e1 a Italia la segunda semana de enero para [&hellip;]<\/p>\n","protected":false},"author":28,"featured_media":584447,"comment_status":"closed","ping_status":"closed","sticky":true,"template":"","format":"standard","meta":{"footnotes":""},"categories":[23],"tags":[],"class_list":["post-584446","post","type-post","status-publish","format-standard","has-post-thumbnail","hentry","category-internacional"],"_links":{"self":[{"href":"https:\/\/diariodominicano.com\/index.php?rest_route=\/wp\/v2\/posts\/584446","targetHints":{"allow":["GET"]}}],"collection":[{"href":"https:\/\/diariodominicano.com\/index.php?rest_route=\/wp\/v2\/posts"}],"about":[{"href":"https:\/\/diariodominicano.com\/index.php?rest_route=\/wp\/v2\/types\/post"}],"author":[{"embeddable":true,"href":"https:\/\/diariodominicano.com\/index.php?rest_route=\/wp\/v2\/users\/28"}],"replies":[{"embeddable":true,"href":"https:\/\/diariodominicano.com\/index.php?rest_route=%2Fwp%2Fv2%2Fcomments&post=584446"}],"version-history":[{"count":1,"href":"https:\/\/diariodominicano.com\/index.php?rest_route=\/wp\/v2\/posts\/584446\/revisions"}],"predecessor-version":[{"id":584448,"href":"https:\/\/diariodominicano.com\/index.php?rest_route=\/wp\/v2\/posts\/584446\/revisions\/584448"}],"wp:featuredmedia":[{"embeddable":true,"href":"https:\/\/diariodominicano.com\/index.php?rest_route=\/wp\/v2\/media\/584447"}],"wp:attachment":[{"href":"https:\/\/diariodominicano.com\/index.php?rest_route=%2Fwp%2Fv2%2Fmedia&parent=584446"}],"wp:term":[{"taxonomy":"category","embeddable":true,"href":"https:\/\/diariodominicano.com\/index.php?rest_route=%2Fwp%2Fv2%2Fcategories&post=584446"},{"taxonomy":"post_tag","embeddable":true,"href":"https:\/\/diariodominicano.com\/index.php?rest_route=%2Fwp%2Fv2%2Ftags&post=584446"}],"curies":[{"name":"wp","href":"https:\/\/api.w.org\/{rel}","templated":true}]}}