{"id":584356,"date":"2024-12-19T22:36:37","date_gmt":"2024-12-20T02:36:37","guid":{"rendered":"https:\/\/diariodominicano.com\/?p=584356"},"modified":"2024-12-19T22:38:57","modified_gmt":"2024-12-20T02:38:57","slug":"especialista-cuestiona-sentencia-del-tribunal-constitucional","status":"publish","type":"post","link":"https:\/\/diariodominicano.com\/?p=584356","title":{"rendered":"Especialista cuestiona sentencia del Tribunal Constitucional"},"content":{"rendered":"\n<p>Destac\u00f3 que el fortalecimiento democr\u00e1tico exige no solo decisiones judiciales claras, sino tambi\u00e9n capacidad institucional para implementarlas con eficacia<\/p>\n\n\n\n<p>El presidente de la Fundaci\u00f3n Justicia y Desarrollo Local (FUJUDEL), Pablo Vicente expres\u00f3 su preocupaci\u00f3n respecto a la implementaci\u00f3n efectiva de la sentencia TC\/0788\/24 emitida por el Tribunal Constitucional, que declar\u00f3 inconstitucionales los art\u00edculos 156 y 157 de la Ley 20-23, Org\u00e1nica del R\u00e9gimen Electoral.<\/p>\n\n\n\n<p>Aunque el fallo constituye un avance importante para el fortalecimiento del derecho a la participaci\u00f3n pol\u00edtica, Vicente subray\u00f3 que su aplicaci\u00f3n plantea retos significativos para la Junta Central Electoral (JCE). \u201cLa sentencia manda&nbsp; que se redise\u00f1e por completo el esquema regulatorio de las candidaturas independientes, lo que representa un desaf\u00edo tanto t\u00e9cnico como log\u00edstico para un \u00f3rgano que ya enfrenta m\u00faltiples responsabilidades en la organizaci\u00f3n de los procesos electorales\u201d, afirm\u00f3.<\/p>\n\n\n\n<p>Entre las preocupaciones planteadas por el especialista en asuntos electorales y presidente de FUJUDEL se encuentran cuestiones fundamentales como:<\/p>\n\n\n\n<p>La Cuota de g\u00e9nero: el especialista se pregunta \u00bfC\u00f3mo garantizar\u00e1 la JCE la equidad de g\u00e9nero en un escenario con mayor diversidad de candidaturas?<\/p>\n\n\n\n<p>En relaci\u00f3n con la distribuci\u00f3n de recursos: se cuestion\u00f3 \u00bfC\u00f3mo se administrar\u00e1n los fondos p\u00fablicos que actualmente se asignan a partidos pol\u00edticos frente a un posible incremento de candidatos independientes?<\/p>\n\n\n\n<p>Referente al Dise\u00f1o y elaboraci\u00f3n de la boleta electoral: plantea \u00bfC\u00f3mo se dise\u00f1ar\u00e1 y elaborar\u00e1 una boleta electoral que refleje la diversidad de candidaturas, sin afectar la claridad para los votantes?<\/p>\n\n\n\n<p>Con relaci\u00f3n a la Alianzas pol\u00edticas: el especialista llama la atenci\u00f3n sobre \u00bfC\u00f3mo se regular\u00e1n las coaliciones y acuerdos entre partidos, movimientos y candidatos independientes para evitar conflictos y garantizar la transparencia?<\/p>\n\n\n\n<p>Un elemento que preocupa a Pablo Vicente es lo relativo al m\u00e9todo de asignaci\u00f3n de posiciones: \u00bfQu\u00e9 medidas adoptar\u00e1 la JCE para evitar una fragmentaci\u00f3n significativa del voto? Adem\u00e1s, \u00bfc\u00f3mo se determinar\u00e1n las posiciones en la asignaci\u00f3n de esca\u00f1os o cargos utilizando el m\u00e9todo D\u2019Hondt, considerando un incremento potencial de candidaturas independientes?<\/p>\n\n\n\n<p>Pablo Vicente plantea que con esta sentencia es necesario pensar desde ya en el voto automatizado por la complejidad del proceso electoral en el que estar\u00edamos inmerso en el pr\u00f3ximo torneo electoral.<\/p>\n\n\n\n<p>Vicente hizo un llamado a los legisladores, la JCE y la sociedad civil a colaborar en un marco normativo que garantice transparencia, equidad y sostenibilidad. \u201cEl fortalecimiento democr\u00e1tico exige no solo decisiones judiciales claras, sino tambi\u00e9n capacidad institucional para implementarlas con eficacia\u201d, afirm\u00f3.<\/p>\n\n\n\n<p>Pablo Vicente<\/p>\n\n\n\n<p>Pablo Vicente ()<\/p>\n\n\n\n<p><a href=\"mailto:elcomunitario@gmail.com\" target=\"_blank\" rel=\"noreferrer noopener\">elcomunitario@gmail.com<\/a><\/p>\n\n\n\n<p>#sentencia del Tribunal Constitucional\u2003\u2003\u2003\u2003\u2003\u2002#Pablo Vicente<\/p>\n","protected":false},"excerpt":{"rendered":"<p>Destac\u00f3 que el fortalecimiento democr\u00e1tico exige no solo decisiones judiciales claras, sino tambi\u00e9n capacidad institucional para implementarlas con eficacia El presidente de la Fundaci\u00f3n Justicia y Desarrollo Local (FUJUDEL), Pablo Vicente expres\u00f3 su preocupaci\u00f3n respecto a la implementaci\u00f3n efectiva de la sentencia TC\/0788\/24 emitida por el Tribunal Constitucional, que declar\u00f3 inconstitucionales los art\u00edculos 156 y [&hellip;]<\/p>\n","protected":false},"author":28,"featured_media":482909,"comment_status":"closed","ping_status":"closed","sticky":true,"template":"","format":"standard","meta":{"footnotes":""},"categories":[36,22,27],"tags":[],"class_list":["post-584356","post","type-post","status-publish","format-standard","has-post-thumbnail","hentry","category-hombresmujeresycosas","category-politica","category-portada"],"_links":{"self":[{"href":"https:\/\/diariodominicano.com\/index.php?rest_route=\/wp\/v2\/posts\/584356","targetHints":{"allow":["GET"]}}],"collection":[{"href":"https:\/\/diariodominicano.com\/index.php?rest_route=\/wp\/v2\/posts"}],"about":[{"href":"https:\/\/diariodominicano.com\/index.php?rest_route=\/wp\/v2\/types\/post"}],"author":[{"embeddable":true,"href":"https:\/\/diariodominicano.com\/index.php?rest_route=\/wp\/v2\/users\/28"}],"replies":[{"embeddable":true,"href":"https:\/\/diariodominicano.com\/index.php?rest_route=%2Fwp%2Fv2%2Fcomments&post=584356"}],"version-history":[{"count":2,"href":"https:\/\/diariodominicano.com\/index.php?rest_route=\/wp\/v2\/posts\/584356\/revisions"}],"predecessor-version":[{"id":584359,"href":"https:\/\/diariodominicano.com\/index.php?rest_route=\/wp\/v2\/posts\/584356\/revisions\/584359"}],"wp:featuredmedia":[{"embeddable":true,"href":"https:\/\/diariodominicano.com\/index.php?rest_route=\/wp\/v2\/media\/482909"}],"wp:attachment":[{"href":"https:\/\/diariodominicano.com\/index.php?rest_route=%2Fwp%2Fv2%2Fmedia&parent=584356"}],"wp:term":[{"taxonomy":"category","embeddable":true,"href":"https:\/\/diariodominicano.com\/index.php?rest_route=%2Fwp%2Fv2%2Fcategories&post=584356"},{"taxonomy":"post_tag","embeddable":true,"href":"https:\/\/diariodominicano.com\/index.php?rest_route=%2Fwp%2Fv2%2Ftags&post=584356"}],"curies":[{"name":"wp","href":"https:\/\/api.w.org\/{rel}","templated":true}]}}