{"id":584313,"date":"2024-12-19T20:07:24","date_gmt":"2024-12-20T00:07:24","guid":{"rendered":"https:\/\/diariodominicano.com\/?p=584313"},"modified":"2026-01-06T00:25:32","modified_gmt":"2026-01-06T04:25:32","slug":"embajada-de-ee-uu-y-minpre-firman-carta-de-implementacion-para-expansion-del-sistema-nacional-de-videovigilancia-del-911","status":"publish","type":"post","link":"https:\/\/diariodominicano.com\/?p=584313","title":{"rendered":"La Embajada de los Estados Unidos y el Ministerio de la Presidencia firman carta de proyecto de US$12 millones para mejorar el sistema de videovigilancia del 911"},"content":{"rendered":"\n<figure class=\"wp-block-image\"><a href=\"https:\/\/e.america.gov\/t\/i-l-ftkyduy-jtiiilkjir-r\/\" target=\"_blank\" rel=\"noreferrer noopener\"><img decoding=\"async\" src=\"https:\/\/ci3.googleusercontent.com\/meips\/ADKq_NYweZFZtpN388eEYLRmefoTEZqS43Hhw-y89YDEX0d5QiLRmK7R3oBP2UryKQAbO4V-OKHDk7YWx4l_15AAjo0dXdkPmPxe_H73L3Jj7WTzAftEejcioPEGO27zl_OC8F33R9NHPNebssVmAsGxdvrhCiUehyc2auKI4Q=s0-d-e1-ft#https:\/\/i2.cmail19.com\/ei\/i\/73\/698\/390\/052017\/csfinal\/Image_20241219_122858_349-9900000000079e3c.jpeg\" alt=\"\"\/><\/a><\/figure>\n\n\n\n<p><a href=\"https:\/\/e.america.gov\/t\/i-l-ftkyduy-jtiiilkjir-y\/\" target=\"_blank\" rel=\"noreferrer noopener\">FOTOS<\/a><\/p>\n\n\n\n<p><strong>Santo Domingo, D.N. \u2013&nbsp;<\/strong>El Gobierno de los Estados Unidos, a trav\u00e9s de la Oficina Internacional de Antinarc\u00f3ticos y Cumplimiento de la Ley de la Embajada de los Estados Unidos (INL por sus siglas en ingl\u00e9s), firm\u00f3 junto al Ministerio de la Presidencia una carta de proyecto para donar equipos al Sistema Nacional de Atenci\u00f3n a Emergencias y Seguridad 911. <\/p>\n\n\n\n<p>La donaci\u00f3n, valorada en US$12 millones, incluye nuevas c\u00e1maras, equipos de red y servidores de proveedores confiables y seguros, con el objetivo de fortalecer la videovigilancia y proteger la infraestructura cr\u00edtica en la Rep\u00fablica Dominicana.&nbsp;<\/p>\n\n\n\n<figure class=\"wp-block-image size-full\"><img loading=\"lazy\" decoding=\"async\" width=\"704\" height=\"469\" src=\"https:\/\/diariodominicano.com\/wp-content\/uploads\/2024\/12\/imagen_2024-12-20_002944609.png\" alt=\"\" class=\"wp-image-584433\" srcset=\"https:\/\/diariodominicano.com\/wp-content\/uploads\/2024\/12\/imagen_2024-12-20_002944609.png 704w, https:\/\/diariodominicano.com\/wp-content\/uploads\/2024\/12\/imagen_2024-12-20_002944609-300x200.png 300w\" sizes=\"auto, (max-width: 704px) 100vw, 704px\" \/><\/figure>\n\n\n\n<p>La carta de proyecto que contempla la donaci\u00f3n y las responsabilidades de ambas partes fue firmada el jueves en las instalaciones del 911 por la encargada de Negocios de la Embajada de los Estados Unidos en Santo Domingo, Patricia Aguilera, y el ministro de la Presidencia de la Rep\u00fablica Dominicana, Jos\u00e9 Ignacio Paliza. &nbsp;&nbsp;<\/p>\n\n\n\n<figure class=\"wp-block-image size-full\"><img loading=\"lazy\" decoding=\"async\" width=\"704\" height=\"469\" src=\"https:\/\/diariodominicano.com\/wp-content\/uploads\/2024\/12\/imagen_2024-12-20_002354062.png\" alt=\"\" class=\"wp-image-584431\" srcset=\"https:\/\/diariodominicano.com\/wp-content\/uploads\/2024\/12\/imagen_2024-12-20_002354062.png 704w, https:\/\/diariodominicano.com\/wp-content\/uploads\/2024\/12\/imagen_2024-12-20_002354062-300x200.png 300w\" sizes=\"auto, (max-width: 704px) 100vw, 704px\" \/><\/figure>\n\n\n\n<p>Los representantes de ambas instituciones destacaron la importancia del proyecto para expandir la cobertura de c\u00e1maras en ubicaciones estrat\u00e9gicas, fortalecer la red de c\u00e1maras con equipos confiables y aumentar las capacidades del sistema mediante el uso de herramientas de inteligencia artificial. Asimismo, subrayaron que el proyecto prioriza la integridad y seguridad del 911, al igual que la protecci\u00f3n de los datos sensibles de los ciudadanos dominicanos.&nbsp;<\/p>\n\n\n\n<p>Desde 2014, el Gobierno de los Estados Unidos ha destinado m\u00e1s de US$30 millones Sistema Nacional de Atenci\u00f3n a Emergencias y Seguridad 911, incluyendo mejoras al centro de llamadas, c\u00e1maras de vigilancia, la pared de video (Video Wall) y la incorporaci\u00f3n de nuevos servidores. Esta colaboraci\u00f3n t\u00e9cnica se enmarca en la Iniciativa de Seguridad de la Cuenca del Caribe (CBSI), que busca combatir el tr\u00e1fico il\u00edcito, incrementar la seguridad ciudadana y promover la justicia social.&nbsp;<\/p>\n\n\n\n<p>\u201cEl Sistema Nacional de Atenci\u00f3n a Emergencias y Seguridad 911 es avanzado y constituye un referente de lo que se puede lograr por medio de la estrecha colaboraci\u00f3n que existe entre ambos pa\u00edses\u201d expres\u00f3 la Sra. Aguilera, tras indicar que este apoyo garantiza que sus operadores dispongan de una red m\u00e1s r\u00e1pida y segura para salvar vidas, junto con un sistema de videovigilancia robusto y eficiente para fortalecer la seguridad ciudadana.&nbsp;<\/p>\n\n\n\n<figure class=\"wp-block-image size-full\"><img loading=\"lazy\" decoding=\"async\" width=\"704\" height=\"469\" src=\"https:\/\/diariodominicano.com\/wp-content\/uploads\/2024\/12\/imagen_2024-12-20_001959931.png\" alt=\"\" class=\"wp-image-584429\" srcset=\"https:\/\/diariodominicano.com\/wp-content\/uploads\/2024\/12\/imagen_2024-12-20_001959931.png 704w, https:\/\/diariodominicano.com\/wp-content\/uploads\/2024\/12\/imagen_2024-12-20_001959931-300x200.png 300w\" sizes=\"auto, (max-width: 704px) 100vw, 704px\" \/><\/figure>\n\n\n\n<p>En la actividad estuvieron presentes, por parte del Sistema 911, el coronel piloto Rodolfo Rijo G\u00f3mez, director ejecutivo; Harold Jim\u00e9nez Polanco, subdirector; y Rafael Santana, director jur\u00eddico. Desde la Embajada de los Estados Unidos participaron Patricia Aguilera, encargada de Negocios; Rebecca M\u00e1rquez y Paul Butki, directora de INL y director adjunto, respectivamente; y Reyna Ram\u00edrez, asistente de proyectos de esta oficina. Del Ministerio de la Presidencia asistieron Jos\u00e9 Ignacio Paliza, ministro de la Presidencia; Roger Pujols, viceministro; y Jos\u00e9 Ismael G\u00f3mez, director de Gabinete.&nbsp;<\/p>\n\n\n\n<p>Santo Domingo Press<\/p>\n\n\n\n<p>Santo Domingo Press (De tus contactos de Google)<\/p>\n\n\n\n<p><a target=\"_blank\" href=\"mailto:SantoDomingoPress@state.gov\" rel=\"noreferrer noopener\">SantoDomingoPress@state.go<\/a><\/p>\n\n\n\n<p><strong>Diariodominicano.com\u2002publica a continuaci\u00f3n la informaci\u00f3n dada por el Ministerio de la Presidencia de la Rep\u00fablica Dominicana sobre el acto de firma: <\/strong><\/p>\n\n\n\n<p><strong>Embajada de EE. UU. y MINPRE firman Carta de Implementaci\u00f3n para expansi\u00f3n del Sistema Nacional de Videovigilancia del 911, destac\u00f3\u2002el Ministerio de la Presidencia en una nota informativa.<\/strong><\/p>\n\n\n\n<p>El Ministerio de la Presidencia inform\u00f3 que el El proyecto busca fortalecer la seguridad p\u00fablica en la Rep\u00fablica Dominicana mediante la instalaci\u00f3n de nuevas c\u00e1maras de videovigilancia y equipos relacionados.<\/p>\n\n\n\n<p><strong>19 de diciembre de 2024, Santo Domingo.-&nbsp;<\/strong>En las instalaciones del Sistema Nacional de Atenci\u00f3n a Emergencias y Seguridad 911, se firm\u00f3 la Carta de Implementaci\u00f3n del Proyecto Conjunto de expansi\u00f3n del Sistema Nacional de Videovigilancia del 911 entre el Ministerio de la Presidencia (MINPRE) y el Gobierno de los Estados Unidos, a trav\u00e9s de la Oficina de Asuntos Internacionales de Narc\u00f3ticos y Aplicaci\u00f3n de la Ley (INL) de su Embajada en Santo Domingo.<\/p>\n\n\n\n<figure class=\"wp-block-gallery has-nested-images columns-default is-cropped wp-block-gallery-1 is-layout-flex wp-block-gallery-is-layout-flex\">\n<figure class=\"wp-block-image size-large\"><img loading=\"lazy\" decoding=\"async\" width=\"1024\" height=\"682\" data-id=\"584348\" src=\"https:\/\/diariodominicano.com\/wp-content\/uploads\/2024\/12\/Embajada-de-EE.-UU.-y-MINPRE-firman-Carta-de-Implementacion-para-expansion-Sistema-Nacional-de-Videovigilancia-911-1024x682.jpeg\" alt=\"\" class=\"wp-image-584348\" srcset=\"https:\/\/diariodominicano.com\/wp-content\/uploads\/2024\/12\/Embajada-de-EE.-UU.-y-MINPRE-firman-Carta-de-Implementacion-para-expansion-Sistema-Nacional-de-Videovigilancia-911-1024x682.jpeg 1024w, https:\/\/diariodominicano.com\/wp-content\/uploads\/2024\/12\/Embajada-de-EE.-UU.-y-MINPRE-firman-Carta-de-Implementacion-para-expansion-Sistema-Nacional-de-Videovigilancia-911-300x200.jpeg 300w, https:\/\/diariodominicano.com\/wp-content\/uploads\/2024\/12\/Embajada-de-EE.-UU.-y-MINPRE-firman-Carta-de-Implementacion-para-expansion-Sistema-Nacional-de-Videovigilancia-911-768x512.jpeg 768w, https:\/\/diariodominicano.com\/wp-content\/uploads\/2024\/12\/Embajada-de-EE.-UU.-y-MINPRE-firman-Carta-de-Implementacion-para-expansion-Sistema-Nacional-de-Videovigilancia-911-1536x1024.jpeg 1536w, https:\/\/diariodominicano.com\/wp-content\/uploads\/2024\/12\/Embajada-de-EE.-UU.-y-MINPRE-firman-Carta-de-Implementacion-para-expansion-Sistema-Nacional-de-Videovigilancia-911-2048x1365.jpeg 2048w, https:\/\/diariodominicano.com\/wp-content\/uploads\/2024\/12\/Embajada-de-EE.-UU.-y-MINPRE-firman-Carta-de-Implementacion-para-expansion-Sistema-Nacional-de-Videovigilancia-911-816x544.jpeg 816w\" sizes=\"auto, (max-width: 1024px) 100vw, 1024px\" \/><\/figure>\n<\/figure>\n\n\n\n<p>Enmarcado en la Iniciativa de Seguridad de la Cuenca del Caribe, el proyecto busca fortalecer la seguridad p\u00fablica en la Rep\u00fablica Dominicana mediante la instalaci\u00f3n de nuevas c\u00e1maras de videovigilancia y equipos relacionados, que ser\u00e1n distribuidos estrat\u00e9gicamente en todo el pa\u00eds.<\/p>\n\n\n\n<figure class=\"wp-block-gallery has-nested-images columns-default is-cropped wp-block-gallery-2 is-layout-flex wp-block-gallery-is-layout-flex\">\n<figure class=\"wp-block-image size-large\"><img loading=\"lazy\" decoding=\"async\" width=\"1024\" height=\"682\" data-id=\"584345\" src=\"https:\/\/diariodominicano.com\/wp-content\/uploads\/2024\/12\/Embajada-de-EE.-UU.-y-MINPRE-firman-Carta-de-Implementacion-para-expansion-del-Sistema-Nacional-de-Videovigilancia-911-1-1024x682.jpeg\" alt=\"\" class=\"wp-image-584345\" srcset=\"https:\/\/diariodominicano.com\/wp-content\/uploads\/2024\/12\/Embajada-de-EE.-UU.-y-MINPRE-firman-Carta-de-Implementacion-para-expansion-del-Sistema-Nacional-de-Videovigilancia-911-1-1024x682.jpeg 1024w, https:\/\/diariodominicano.com\/wp-content\/uploads\/2024\/12\/Embajada-de-EE.-UU.-y-MINPRE-firman-Carta-de-Implementacion-para-expansion-del-Sistema-Nacional-de-Videovigilancia-911-1-300x200.jpeg 300w, https:\/\/diariodominicano.com\/wp-content\/uploads\/2024\/12\/Embajada-de-EE.-UU.-y-MINPRE-firman-Carta-de-Implementacion-para-expansion-del-Sistema-Nacional-de-Videovigilancia-911-1-768x512.jpeg 768w, https:\/\/diariodominicano.com\/wp-content\/uploads\/2024\/12\/Embajada-de-EE.-UU.-y-MINPRE-firman-Carta-de-Implementacion-para-expansion-del-Sistema-Nacional-de-Videovigilancia-911-1-1536x1024.jpeg 1536w, https:\/\/diariodominicano.com\/wp-content\/uploads\/2024\/12\/Embajada-de-EE.-UU.-y-MINPRE-firman-Carta-de-Implementacion-para-expansion-del-Sistema-Nacional-de-Videovigilancia-911-1-2048x1365.jpeg 2048w, https:\/\/diariodominicano.com\/wp-content\/uploads\/2024\/12\/Embajada-de-EE.-UU.-y-MINPRE-firman-Carta-de-Implementacion-para-expansion-del-Sistema-Nacional-de-Videovigilancia-911-1-816x544.jpeg 816w\" sizes=\"auto, (max-width: 1024px) 100vw, 1024px\" \/><\/figure>\n<\/figure>\n\n\n\n<p>El acto de firma estuvo encabezado por el ministro de la Presidencia y presidente del Consejo del Sistema 911, Jos\u00e9 Ignacio Paliza; la encargada de Negocios de la Embajada de los EE. UU., Patricia Aguilera; y el director ejecutivo del 911, coronel piloto, Randolfo Rijo G\u00f3mez, ERD.<\/p>\n\n\n\n<figure class=\"wp-block-gallery has-nested-images columns-default is-cropped wp-block-gallery-3 is-layout-flex wp-block-gallery-is-layout-flex\">\n<figure class=\"wp-block-image size-large\"><img loading=\"lazy\" decoding=\"async\" width=\"1024\" height=\"682\" data-id=\"584347\" src=\"https:\/\/diariodominicano.com\/wp-content\/uploads\/2024\/12\/Embajada-de-EE.-UU.-y-MINPRE-firman-Carta-Implementacion-para-expansion-del-Sistema-Nacional-de-Videovigilancia-911-1024x682.jpeg\" alt=\"\" class=\"wp-image-584347\" srcset=\"https:\/\/diariodominicano.com\/wp-content\/uploads\/2024\/12\/Embajada-de-EE.-UU.-y-MINPRE-firman-Carta-Implementacion-para-expansion-del-Sistema-Nacional-de-Videovigilancia-911-1024x682.jpeg 1024w, https:\/\/diariodominicano.com\/wp-content\/uploads\/2024\/12\/Embajada-de-EE.-UU.-y-MINPRE-firman-Carta-Implementacion-para-expansion-del-Sistema-Nacional-de-Videovigilancia-911-300x200.jpeg 300w, https:\/\/diariodominicano.com\/wp-content\/uploads\/2024\/12\/Embajada-de-EE.-UU.-y-MINPRE-firman-Carta-Implementacion-para-expansion-del-Sistema-Nacional-de-Videovigilancia-911-768x512.jpeg 768w, https:\/\/diariodominicano.com\/wp-content\/uploads\/2024\/12\/Embajada-de-EE.-UU.-y-MINPRE-firman-Carta-Implementacion-para-expansion-del-Sistema-Nacional-de-Videovigilancia-911-1536x1024.jpeg 1536w, https:\/\/diariodominicano.com\/wp-content\/uploads\/2024\/12\/Embajada-de-EE.-UU.-y-MINPRE-firman-Carta-Implementacion-para-expansion-del-Sistema-Nacional-de-Videovigilancia-911-2048x1365.jpeg 2048w, https:\/\/diariodominicano.com\/wp-content\/uploads\/2024\/12\/Embajada-de-EE.-UU.-y-MINPRE-firman-Carta-Implementacion-para-expansion-del-Sistema-Nacional-de-Videovigilancia-911-816x544.jpeg 816w\" sizes=\"auto, (max-width: 1024px) 100vw, 1024px\" \/><\/figure>\n<\/figure>\n\n\n\n<p>El ministro Paliza destac\u00f3 la relevancia de este proyecto como parte de los esfuerzos conjuntos para combatir la criminalidad y mejorar la respuesta ante emergencias, lo que contribuir\u00e1 a un entorno m\u00e1s seguro para los ciudadanos dominicanos.<\/p>\n\n\n\n<figure class=\"wp-block-gallery has-nested-images columns-default is-cropped wp-block-gallery-4 is-layout-flex wp-block-gallery-is-layout-flex\">\n<figure class=\"wp-block-image size-large\"><img loading=\"lazy\" decoding=\"async\" width=\"1024\" height=\"682\" data-id=\"584346\" src=\"https:\/\/diariodominicano.com\/wp-content\/uploads\/2024\/12\/Embajada-de-EE.-UU.-y-MINPRE-firman-Carta-de-Implementacion-para-expansion-del-Sistema-Nacional-Videovigilancia-911-1024x682.jpeg\" alt=\"\" class=\"wp-image-584346\" srcset=\"https:\/\/diariodominicano.com\/wp-content\/uploads\/2024\/12\/Embajada-de-EE.-UU.-y-MINPRE-firman-Carta-de-Implementacion-para-expansion-del-Sistema-Nacional-Videovigilancia-911-1024x682.jpeg 1024w, https:\/\/diariodominicano.com\/wp-content\/uploads\/2024\/12\/Embajada-de-EE.-UU.-y-MINPRE-firman-Carta-de-Implementacion-para-expansion-del-Sistema-Nacional-Videovigilancia-911-300x200.jpeg 300w, https:\/\/diariodominicano.com\/wp-content\/uploads\/2024\/12\/Embajada-de-EE.-UU.-y-MINPRE-firman-Carta-de-Implementacion-para-expansion-del-Sistema-Nacional-Videovigilancia-911-768x512.jpeg 768w, https:\/\/diariodominicano.com\/wp-content\/uploads\/2024\/12\/Embajada-de-EE.-UU.-y-MINPRE-firman-Carta-de-Implementacion-para-expansion-del-Sistema-Nacional-Videovigilancia-911-1536x1024.jpeg 1536w, https:\/\/diariodominicano.com\/wp-content\/uploads\/2024\/12\/Embajada-de-EE.-UU.-y-MINPRE-firman-Carta-de-Implementacion-para-expansion-del-Sistema-Nacional-Videovigilancia-911-2048x1365.jpeg 2048w, https:\/\/diariodominicano.com\/wp-content\/uploads\/2024\/12\/Embajada-de-EE.-UU.-y-MINPRE-firman-Carta-de-Implementacion-para-expansion-del-Sistema-Nacional-Videovigilancia-911-816x544.jpeg 816w\" sizes=\"auto, (max-width: 1024px) 100vw, 1024px\" \/><\/figure>\n<\/figure>\n\n\n\n<p>\u201cEl prop\u00f3sito principal del Sistema 911 en todos los \u00e1mbitos es salvar vidas. Con el apoyo del presidente de la Rep\u00fablica, Luis Abinader y la colaboraci\u00f3n del gobierno norteamericano, aspiramos a duplicar la cantidad de c\u00e1maras instaladas en todo el pa\u00eds y priorizar la extensi\u00f3n del sistema de videovigilancia hacia las provincias fronterizas, fortaleciendo as\u00ed la seguridad nacional\u201d, subray\u00f3 Paliza.<\/p>\n\n\n\n<p>Por su parte, Rijo G\u00f3mez agradeci\u00f3 el apoyo constante de Estados Unidos en el fortalecimiento del Sistema 911.&nbsp; \u201cGracias a esta cooperaci\u00f3n, hemos logrado avances significativos en nuestra capacidad operativa y en la implementaci\u00f3n de tecnolog\u00edas que optimizan la atenci\u00f3n a emergencias\u201d, expres\u00f3.<\/p>\n\n\n\n<p>La directora de la oficina Internacional de Asuntos Antinarc\u00f3ticos y Aplicaci\u00f3n de la Ley (INL), Rebecca M\u00e1rquez, resalt\u00f3 que \u201cel 911 destaca como un referente en la regi\u00f3n, siendo un ejemplo para otros pa\u00edses que buscan replicar sus mejores pr\u00e1cticas y sistemas con tecnolog\u00eda de vanguardia. Este proyecto evidencia la s\u00f3lida cooperaci\u00f3n bilateral en temas de seguridad, con el objetivo com\u00fan de mejorar la calidad de vida de los ciudadanos dominicanos y de los norteamericanos que visitan el pa\u00eds\u201d.<\/p>\n\n\n\n<p>En el encuentro tambi\u00e9n participaron por la Embajada de EE. UU. el subdirector de INL, Paul Butki. Por parte del MINPRE, estuvo presente el director de Gabinete, Jos\u00e9 Ismael G\u00f3mez. Por el 911, particip\u00f3 el subdirector, coronel piloto, Harold Jim\u00e9nez Polanco, ERD, y el director Jur\u00eddico, Rafael Santana.<\/p>\n\n\n\n<p>Con esta firma, el Gobierno de la Rep\u00fablica Dominicana reitera su compromiso de modernizar su infraestructura de seguridad p\u00fablica, mientras que el Gobierno de los EE. UU. contin\u00faa apoyando los esfuerzos para garantizar la seguridad en el pa\u00eds.<\/p>\n\n\n\n<p><strong>Direcci\u00f3n de Comunicaciones<\/strong>&nbsp;| Contacto:&nbsp;<a href=\"mailto:prensa@911.gob.do\" target=\"_blank\" rel=\"noreferrer noopener\">prensa@911.gob.do<\/a><\/p>\n\n\n\n<p>#911\u2003\u2003\u2003\u2003\u2003\u2003\u2003\u2002#Embajada de EE. UU<\/p>\n","protected":false},"excerpt":{"rendered":"<p>FOTOS Santo Domingo, D.N. \u2013&nbsp;El Gobierno de los Estados Unidos, a trav\u00e9s de la Oficina Internacional de Antinarc\u00f3ticos y Cumplimiento de la Ley de la Embajada de los Estados Unidos (INL por sus siglas en ingl\u00e9s), firm\u00f3 junto al Ministerio de la Presidencia una carta de proyecto para donar equipos al Sistema Nacional de Atenci\u00f3n [&hellip;]<\/p>\n","protected":false},"author":7,"featured_media":584344,"comment_status":"open","ping_status":"closed","sticky":true,"template":"","format":"standard","meta":{"footnotes":""},"categories":[36,20,27],"tags":[1223,3942,1222],"class_list":["post-584313","post","type-post","status-publish","format-standard","has-post-thumbnail","hentry","category-hombresmujeresycosas","category-dominicana-hoy","category-portada","tag-1223","tag-embajada-de-ee-uu","tag-minpre"],"_links":{"self":[{"href":"https:\/\/diariodominicano.com\/index.php?rest_route=\/wp\/v2\/posts\/584313","targetHints":{"allow":["GET"]}}],"collection":[{"href":"https:\/\/diariodominicano.com\/index.php?rest_route=\/wp\/v2\/posts"}],"about":[{"href":"https:\/\/diariodominicano.com\/index.php?rest_route=\/wp\/v2\/types\/post"}],"author":[{"embeddable":true,"href":"https:\/\/diariodominicano.com\/index.php?rest_route=\/wp\/v2\/users\/7"}],"replies":[{"embeddable":true,"href":"https:\/\/diariodominicano.com\/index.php?rest_route=%2Fwp%2Fv2%2Fcomments&post=584313"}],"version-history":[{"count":8,"href":"https:\/\/diariodominicano.com\/index.php?rest_route=\/wp\/v2\/posts\/584313\/revisions"}],"predecessor-version":[{"id":584434,"href":"https:\/\/diariodominicano.com\/index.php?rest_route=\/wp\/v2\/posts\/584313\/revisions\/584434"}],"wp:featuredmedia":[{"embeddable":true,"href":"https:\/\/diariodominicano.com\/index.php?rest_route=\/wp\/v2\/media\/584344"}],"wp:attachment":[{"href":"https:\/\/diariodominicano.com\/index.php?rest_route=%2Fwp%2Fv2%2Fmedia&parent=584313"}],"wp:term":[{"taxonomy":"category","embeddable":true,"href":"https:\/\/diariodominicano.com\/index.php?rest_route=%2Fwp%2Fv2%2Fcategories&post=584313"},{"taxonomy":"post_tag","embeddable":true,"href":"https:\/\/diariodominicano.com\/index.php?rest_route=%2Fwp%2Fv2%2Ftags&post=584313"}],"curies":[{"name":"wp","href":"https:\/\/api.w.org\/{rel}","templated":true}]}}