{"id":584311,"date":"2024-12-19T19:45:37","date_gmt":"2024-12-19T23:45:37","guid":{"rendered":"https:\/\/diariodominicano.com\/?p=584311"},"modified":"2024-12-19T19:45:39","modified_gmt":"2024-12-19T23:45:39","slug":"industrias-san-miguel-y-el-ministerio-de-educacion-firman-convenio-para-la-construccion-de-un-nuevo-plantel-educativo-en-santiago-rodriguez","status":"publish","type":"post","link":"https:\/\/diariodominicano.com\/?p=584311","title":{"rendered":"Industrias San Miguel y el Ministerio de Educaci\u00f3n firman convenio para la construcci\u00f3n de un nuevo plantel educativo en Santiago Rodr\u00edguez\u00a0"},"content":{"rendered":"\n<p><em>El nuevo recinto escolar contar\u00e1 con 12 aulas equipadas con altos est\u00e1ndares, espacios recreativos y \u00e1reas administrativas,<\/em> garantizando una experiencia educativa integral.&nbsp;<\/p>\n\n\n\n<p><strong>Santo Domingo, 19 de diciembre de 2024: <\/strong>Como parte de su compromiso con el desarrollo educativo y el bienestar de la comunidad donde opera, Industrias San Miguel (ISM) y el Ministerio de Educaci\u00f3n (MINERD) firmaron un convenio para la construcci\u00f3n de un nuevo recinto escolar en Santiago Rodr\u00edguez.<\/p>\n\n\n\n<figure class=\"wp-block-gallery has-nested-images columns-default is-cropped wp-block-gallery-1 is-layout-flex wp-block-gallery-is-layout-flex\">\n<figure class=\"wp-block-image size-large\"><img loading=\"lazy\" decoding=\"async\" width=\"1024\" height=\"756\" data-id=\"584335\" src=\"https:\/\/diariodominicano.com\/wp-content\/uploads\/2024\/12\/Milagros-Gomez-Oscar-Amargos-Mario-Medina-y-Zislo-Janampa-1024x756.jpg\" alt=\"\" class=\"wp-image-584335\" srcset=\"https:\/\/diariodominicano.com\/wp-content\/uploads\/2024\/12\/Milagros-Gomez-Oscar-Amargos-Mario-Medina-y-Zislo-Janampa-1024x756.jpg 1024w, https:\/\/diariodominicano.com\/wp-content\/uploads\/2024\/12\/Milagros-Gomez-Oscar-Amargos-Mario-Medina-y-Zislo-Janampa-300x222.jpg 300w, https:\/\/diariodominicano.com\/wp-content\/uploads\/2024\/12\/Milagros-Gomez-Oscar-Amargos-Mario-Medina-y-Zislo-Janampa-768x567.jpg 768w, https:\/\/diariodominicano.com\/wp-content\/uploads\/2024\/12\/Milagros-Gomez-Oscar-Amargos-Mario-Medina-y-Zislo-Janampa-816x603.jpg 816w, https:\/\/diariodominicano.com\/wp-content\/uploads\/2024\/12\/Milagros-Gomez-Oscar-Amargos-Mario-Medina-y-Zislo-Janampa.jpg 1489w\" sizes=\"auto, (max-width: 1024px) 100vw, 1024px\" \/><figcaption class=\"wp-element-caption\">Milagros G\u00f3mez, Oscar Amarg\u00f3s, Mario Medina y Zislo Janampa <\/figcaption><\/figure>\n<\/figure>\n\n\n\n<p>El convenio establece que <strong>Industrias San Miguel<\/strong> ser\u00e1 responsable de la construcci\u00f3n del plantel educativo El Caimito en un terreno que la compa\u00f1\u00eda hab\u00eda donado al<strong> MINERD<\/strong>, con el prop\u00f3sito de desarrollar esta infraestructura escolar.&nbsp;<\/p>\n\n\n\n<p>El acto, que incluy\u00f3 tanto la firma de la alianza como primer picazo de la obra, fue encabezado por el Viceministro de Supervisi\u00f3n de la Calidad Educativa del MINERD, Oscar Amarg\u00f3s, y el gerente de Asuntos Corporativos y Sostenibilidad de Industrias San Miguel, Sr.\u00a0 Mario Medina, quienes expresaron su satisfacci\u00f3n por el inicio de este ambicioso proyecto que marcar\u00e1 un hito importante para el desarrollo de Santiago Rodr\u00edguez.<\/p>\n\n\n\n<figure class=\"wp-block-gallery has-nested-images columns-default is-cropped wp-block-gallery-2 is-layout-flex wp-block-gallery-is-layout-flex\">\n<figure class=\"wp-block-image size-large\"><img loading=\"lazy\" decoding=\"async\" width=\"1024\" height=\"683\" data-id=\"584336\" src=\"https:\/\/diariodominicano.com\/wp-content\/uploads\/2024\/12\/Oscar-Amargos-y-Mario-Medina-1024x683.jpg\" alt=\"\" class=\"wp-image-584336\" srcset=\"https:\/\/diariodominicano.com\/wp-content\/uploads\/2024\/12\/Oscar-Amargos-y-Mario-Medina-1024x683.jpg 1024w, https:\/\/diariodominicano.com\/wp-content\/uploads\/2024\/12\/Oscar-Amargos-y-Mario-Medina-300x200.jpg 300w, https:\/\/diariodominicano.com\/wp-content\/uploads\/2024\/12\/Oscar-Amargos-y-Mario-Medina-768x512.jpg 768w, https:\/\/diariodominicano.com\/wp-content\/uploads\/2024\/12\/Oscar-Amargos-y-Mario-Medina-816x544.jpg 816w, https:\/\/diariodominicano.com\/wp-content\/uploads\/2024\/12\/Oscar-Amargos-y-Mario-Medina.jpg 1500w\" sizes=\"auto, (max-width: 1024px) 100vw, 1024px\" \/><figcaption class=\"wp-element-caption\">Oscar Amarg\u00f3s y Mario Medina <\/figcaption><\/figure>\n<\/figure>\n\n\n\n<p>En la ceremonia tambi\u00e9n estuvieron presentes los se\u00f1ores Erodis D\u00edaz director ejecutivo del Consejo de Desarrollo Fronterizo, Milagros G\u00f3mez, directora del distrito 09-03 del Ministerio de Educaci\u00f3n, y el Sr. Manuel Taveras presidente de Asociaci\u00f3n Dominicana de Empresas Fronterizas (ADEFRO), quienes aplaudieron la iniciativa.\u00a0<\/p>\n\n\n\n<figure class=\"wp-block-gallery has-nested-images columns-default is-cropped wp-block-gallery-3 is-layout-flex wp-block-gallery-is-layout-flex\">\n<figure class=\"wp-block-image size-large\"><img loading=\"lazy\" decoding=\"async\" width=\"1024\" height=\"492\" data-id=\"584339\" src=\"https:\/\/diariodominicano.com\/wp-content\/uploads\/2024\/12\/Industrias-San-Miguel-y-el-Ministerio-de-Educacion-firman-1024x492.jpg\" alt=\"\" class=\"wp-image-584339\" srcset=\"https:\/\/diariodominicano.com\/wp-content\/uploads\/2024\/12\/Industrias-San-Miguel-y-el-Ministerio-de-Educacion-firman-1024x492.jpg 1024w, https:\/\/diariodominicano.com\/wp-content\/uploads\/2024\/12\/Industrias-San-Miguel-y-el-Ministerio-de-Educacion-firman-300x144.jpg 300w, https:\/\/diariodominicano.com\/wp-content\/uploads\/2024\/12\/Industrias-San-Miguel-y-el-Ministerio-de-Educacion-firman-768x369.jpg 768w, https:\/\/diariodominicano.com\/wp-content\/uploads\/2024\/12\/Industrias-San-Miguel-y-el-Ministerio-de-Educacion-firman-1536x738.jpg 1536w, https:\/\/diariodominicano.com\/wp-content\/uploads\/2024\/12\/Industrias-San-Miguel-y-el-Ministerio-de-Educacion-firman-816x392.jpg 816w, https:\/\/diariodominicano.com\/wp-content\/uploads\/2024\/12\/Industrias-San-Miguel-y-el-Ministerio-de-Educacion-firman.jpg 1847w\" sizes=\"auto, (max-width: 1024px) 100vw, 1024px\" \/><\/figure>\n<\/figure>\n\n\n\n<p>El viceministro expres\u00f3 que la construcci\u00f3n de este nuevo centro educativo es una muestra m\u00e1s del compromiso de Industrias San Miguel con el desarrollo de las comunidades. <em>\u201cEste proyecto no solo mejorar\u00e1 la infraestructura educativa, sino que tambi\u00e9n brindar\u00e1 a nuestros j\u00f3venes las condiciones necesarias para un aprendizaje de calidad. Agradecemos a ISM por su apoyo continuo y por su visi\u00f3n en favor del desarrollo educativo de nuestra regi\u00f3n\u201d.&nbsp;<\/em><\/p>\n\n\n\n<p><em>Por su parte, <\/em>Mario Medina, declar\u00f3: <em>\u201cEn Industrias San Miguel, siempre hemos estado comprometidos con el bienestar de la comunidad y la educaci\u00f3n de nuestra gente. Este proyecto es una muestra m\u00e1s de nuestro firme apoyo a la educaci\u00f3n en Santiago Rodr\u00edguez. A lo largo de los a\u00f1os, hemos trabajado de la mano con las autoridades y la comunidad para brindar oportunidades de crecimiento y desarrollo a nuestros ni\u00f1os y j\u00f3venes. Este esfuerzo conjunto entre el sector p\u00fablico y privado es un ejemplo claro de c\u00f3mo podemos generar un cambio real y positivo, construyendo un futuro mejor para todos\u201d<\/em>.<\/p>\n\n\n\n<p>Este proyecto, contar\u00e1 con una infraestructura moderna, dise\u00f1ada para proporcionar un entorno de aprendizaje c\u00f3modo, seguro y tecnol\u00f3gico. Incluir\u00e1 un total de 12 aulas, equipadas con los m\u00e1s altos est\u00e1ndares, adem\u00e1s de espacios dedicados a las \u00e1reas administrativas, bibliotecas y enfermer\u00eda, garantizando una experiencia educativa integral.<\/p>\n\n\n\n<p>El recinto no solo servir\u00e1 como un espacio de aprendizaje, sino tambi\u00e9n como un punto de encuentro para la comunidad, contribuyendo al desarrollo social y econ\u00f3mico de la regi\u00f3n.<\/p>\n\n\n\n<p>La construcci\u00f3n del plantel educativo El Caimito est\u00e1 prevista para concluir en el a\u00f1o 2025, lo que permitir\u00e1 que los estudiantes accedan a una educaci\u00f3n moderna y de calidad, al inicio del a\u00f1o escolar 2025-2026.&nbsp;&nbsp;Yanibel Luna <a href=\"mailto:yanibel.luna@llyc.global\">yanibel.luna@llyc.global<\/a><\/p>\n","protected":false},"excerpt":{"rendered":"<p>El nuevo recinto escolar contar\u00e1 con 12 aulas equipadas con altos est\u00e1ndares, espacios recreativos y \u00e1reas administrativas, garantizando una experiencia educativa integral.&nbsp; Santo Domingo, 19 de diciembre de 2024: Como parte de su compromiso con el desarrollo educativo y el bienestar de la comunidad donde opera, Industrias San Miguel (ISM) y el Ministerio de Educaci\u00f3n [&hellip;]<\/p>\n","protected":false},"author":7,"featured_media":584334,"comment_status":"closed","ping_status":"closed","sticky":false,"template":"","format":"standard","meta":{"footnotes":""},"categories":[17],"tags":[1218,615],"class_list":["post-584311","post","type-post","status-publish","format-standard","has-post-thumbnail","hentry","category-deportes","tag-industrias-san-miguel","tag-ministerio-de-educacion"],"_links":{"self":[{"href":"https:\/\/diariodominicano.com\/index.php?rest_route=\/wp\/v2\/posts\/584311","targetHints":{"allow":["GET"]}}],"collection":[{"href":"https:\/\/diariodominicano.com\/index.php?rest_route=\/wp\/v2\/posts"}],"about":[{"href":"https:\/\/diariodominicano.com\/index.php?rest_route=\/wp\/v2\/types\/post"}],"author":[{"embeddable":true,"href":"https:\/\/diariodominicano.com\/index.php?rest_route=\/wp\/v2\/users\/7"}],"replies":[{"embeddable":true,"href":"https:\/\/diariodominicano.com\/index.php?rest_route=%2Fwp%2Fv2%2Fcomments&post=584311"}],"version-history":[{"count":1,"href":"https:\/\/diariodominicano.com\/index.php?rest_route=\/wp\/v2\/posts\/584311\/revisions"}],"predecessor-version":[{"id":584340,"href":"https:\/\/diariodominicano.com\/index.php?rest_route=\/wp\/v2\/posts\/584311\/revisions\/584340"}],"wp:featuredmedia":[{"embeddable":true,"href":"https:\/\/diariodominicano.com\/index.php?rest_route=\/wp\/v2\/media\/584334"}],"wp:attachment":[{"href":"https:\/\/diariodominicano.com\/index.php?rest_route=%2Fwp%2Fv2%2Fmedia&parent=584311"}],"wp:term":[{"taxonomy":"category","embeddable":true,"href":"https:\/\/diariodominicano.com\/index.php?rest_route=%2Fwp%2Fv2%2Fcategories&post=584311"},{"taxonomy":"post_tag","embeddable":true,"href":"https:\/\/diariodominicano.com\/index.php?rest_route=%2Fwp%2Fv2%2Ftags&post=584311"}],"curies":[{"name":"wp","href":"https:\/\/api.w.org\/{rel}","templated":true}]}}