{"id":584279,"date":"2024-12-19T13:32:21","date_gmt":"2024-12-19T17:32:21","guid":{"rendered":"https:\/\/diariodominicano.com\/?p=584279"},"modified":"2024-12-19T13:32:30","modified_gmt":"2024-12-19T17:32:30","slug":"putin-dice-que-rusia-esta-dispuesta-a-un-acuerdo-con-trump-sobre-ucrania","status":"publish","type":"post","link":"https:\/\/diariodominicano.com\/?p=584279","title":{"rendered":"Putin dice que Rusia est\u00e1 dispuesta a un acuerdo con Trump sobre Ucrania"},"content":{"rendered":"\n<p>El presidente ruso, Vladimir Putin, habla durante su conferencia de prensa anual televisada de fin de a\u00f1o y su llamada telef\u00f3nica celebrada en Mosc\u00fa, Rusia, el 19 de diciembre de 2024.<\/p>\n\n\n\n<p>diciembre 19, 2024<\/p>\n\n\n\n<ul class=\"wp-block-list\">\n<li><a href=\"https:\/\/www.vozdeamerica.com\/author\/reuters\/riv_i\">Reuters<\/a><\/li>\n<\/ul>\n\n\n\n<ul class=\"wp-block-list\">\n<li><a href=\"https:\/\/facebook.com\/sharer.php?u=https%3a%2f%2fwww.vozdeamerica.com%2fa%2fputin-dice-rusia-esta-dispuesta-acuerdo-trump-ucrania%2f7907073.html\" target=\"_blank\" rel=\"noreferrer noopener\"><\/a><\/li>\n\n\n\n<li><a href=\"https:\/\/twitter.com\/share?url=https%3a%2f%2fwww.vozdeamerica.com%2fa%2fputin-dice-rusia-esta-dispuesta-acuerdo-trump-ucrania%2f7907073.html&amp;text=Putin+dice+que+Rusia+est%c3%a1+dispuesta+a+un+acuerdo+con+Trump+sobre+Ucrania\" target=\"_blank\" rel=\"noreferrer noopener\"><\/a><\/li>\n\n\n\n<li><\/li>\n\n\n\n<li><a href=\"mailto:?body=https%3a%2f%2fwww.vozdeamerica.com%2fa%2fputin-dice-rusia-esta-dispuesta-acuerdo-trump-ucrania%2f7907073.html&amp;subject=Putin%20dice%20que%20Rusia%20est%C3%A1%20dispuesta%20a%20un%20acuerdo%20con%20Trump%20sobre%20Ucrania\"><\/a><\/li>\n<\/ul>\n\n\n\n<p><a href=\"https:\/\/www.vozdeamerica.com\/a\/putin-dice-rusia-esta-dispuesta-acuerdo-trump-ucrania\/7907073.html#comments\">&nbsp;Vea comentarios<\/a><\/p>\n\n\n\n<p>El presidente de Rusia, Vlad\u00edmir Putin, expres\u00f3 su disposici\u00f3n a alcanzar un acuerdo sobre Ucrania en conversaciones posibles con el presidente electo de Estados Unidos, Donald Trump, con el fin de poner fin al conflicto, sin establecer condiciones previas para comenzar dichas negociaciones.<\/p>\n\n\n\n<p>MOSC\u00da \u2014&nbsp;<\/p>\n\n\n\n<p>El presidente ruso, Vladimir Putin, dijo el jueves que estaba dispuesto a llegar a un compromiso sobre Ucrania en posibles conversaciones con el presidente electo de Estados Unidos, Donald Trump, para&nbsp;<strong><em><a href=\"https:\/\/www.vozdeamerica.com\/a\/zelenskyy-dice-que-es-necesaria-decision-para-poner-fin-a-la-guerra\/7895800.html\" target=\"_blank\" rel=\"noreferrer noopener\">poner fin a la guerra&nbsp;<\/a><\/em><\/strong>y que no pon\u00eda condiciones para iniciarlas.<\/p>\n\n\n\n<p>Trump, autoproclamado maestro de los acuerdos y autor en 1987 del libro \u00abTrump: the Art of the Deal\u00bb, ha prometido poner fin r\u00e1pidamente al conflicto, pero a\u00fan no ha dado detalles sobre c\u00f3mo podr\u00eda lograrlo.<\/p>\n\n\n\n<p>Putin, en la sesi\u00f3n anual de preguntas y respuestas con periodistas rusos, dijo a uno de un canal de noticias estadounidense que estaba dispuesto a reunirse con Trump, con quien dijo que no hab\u00eda hablado en a\u00f1os.<\/p>\n\n\n\n<p>A la pregunta por lo que podr\u00eda ofrecer a Trump, Putin rechaz\u00f3 la afirmaci\u00f3n de que Rusia se encontraba en una posici\u00f3n d\u00e9bil, y dijo que se hab\u00eda hecho mucho m\u00e1s fuerte desde que orden\u00f3 la&nbsp;<strong><em><a href=\"https:\/\/www.vozdeamerica.com\/conflicto-ucrania-noticias\" target=\"_blank\" rel=\"noreferrer noopener\">entrada de tropas en Ucrania en 2022.<\/a><\/em><\/strong><\/p>\n\n\n\n<p>\u00abSiempre hemos dicho que estamos listos para negociaciones y compromisos\u00bb, dijo Putin, tras afirmar que las fuerzas rusas, avanzando por todo el frente, se encaminaban hacia la consecuci\u00f3n de sus objetivos principales en Ucrania.<\/p>\n\n\n\n<p>\u00abPronto se acabar\u00e1n los ucranianos que quieran luchar, en mi opini\u00f3n, pronto no quedar\u00e1 nadie que quiera luchar. Estamos preparados, pero la otra parte tiene que estar preparada tanto para las negociaciones como para los compromisos\u00bb.<\/p>\n\n\n\n<p><a href=\"https:\/\/www.vozdeamerica.com\/a\/putin-inicia-conferencia-prensa-anual-acto--reafirmar-autoridad-\/7906790.html\"><\/a><\/p>\n\n\n\n<p><a href=\"https:\/\/www.vozdeamerica.com\/a\/putin-inicia-conferencia-prensa-anual-acto--reafirmar-autoridad-\/7906790.html\">Tambi\u00e9n lea<\/a><\/p>\n\n\n\n<h4 class=\"wp-block-heading\"><a href=\"https:\/\/www.vozdeamerica.com\/a\/putin-inicia-conferencia-prensa-anual-acto--reafirmar-autoridad-\/7906790.html\">Putin inicia su conferencia de prensa anual, un acto que utiliza para reafirmar su autoridad<\/a><\/h4>\n\n\n\n<p>Reuters inform\u00f3 el mes pasado de que Putin estaba abierto a discutir un acuerdo de alto el fuego en Ucrania con Trump, pero descart\u00f3 hacer concesiones territoriales importantes e insisti\u00f3 en que Kiev abandone sus ambiciones de entrar en la OTAN.<\/p>\n\n\n\n<p>Putin dijo el jueves que Rusia no ten\u00eda condiciones para iniciar conversaciones con Ucrania y que estaba dispuesta a negociar con cualquiera, incluido el presidente Volod\u00edmir Zelenski.<\/p>\n\n\n\n<p>Sin embargo, Putin dijo que cualquier acuerdo solo podr\u00eda firmarse con las autoridades leg\u00edtimas de Ucrania, que por ahora el Kremlin considera que son solo el Parlamento ucraniano.<\/p>\n\n\n\n<p>Zelenski, cuyo mandato ha expirado t\u00e9cnicamente pero que ha retrasado las elecciones a causa de la guerra, tendr\u00eda que ser reelegido para que Mosc\u00fa le considerara firmante leg\u00edtimo de cualquier acuerdo, dijo Putin.<\/p>\n\n\n\n<p>Las conversaciones deber\u00edan tomar como punto de partida un acuerdo preliminar alcanzado entre los negociadores rusos y ucranianos en las primeras semanas de la guerra en las conversaciones de Estambul, que nunca lleg\u00f3 a aplicarse, a\u00f1adi\u00f3.<\/p>\n\n\n\n<p>Algunos pol\u00edticos ucranianos consideran ese proyecto de acuerdo como una capitulaci\u00f3n que habr\u00eda neutralizado las ambiciones militares y pol\u00edticas de Ucrania.<\/p>\n","protected":false},"excerpt":{"rendered":"<p>El presidente ruso, Vladimir Putin, habla durante su conferencia de prensa anual televisada de fin de a\u00f1o y su llamada telef\u00f3nica celebrada en Mosc\u00fa, Rusia, el 19 de diciembre de 2024. diciembre 19, 2024 &nbsp;Vea comentarios El presidente de Rusia, Vlad\u00edmir Putin, expres\u00f3 su disposici\u00f3n a alcanzar un acuerdo sobre Ucrania en conversaciones posibles con [&hellip;]<\/p>\n","protected":false},"author":28,"featured_media":584280,"comment_status":"closed","ping_status":"closed","sticky":true,"template":"","format":"standard","meta":{"footnotes":""},"categories":[23,27],"tags":[],"class_list":["post-584279","post","type-post","status-publish","format-standard","has-post-thumbnail","hentry","category-internacional","category-portada"],"_links":{"self":[{"href":"https:\/\/diariodominicano.com\/index.php?rest_route=\/wp\/v2\/posts\/584279","targetHints":{"allow":["GET"]}}],"collection":[{"href":"https:\/\/diariodominicano.com\/index.php?rest_route=\/wp\/v2\/posts"}],"about":[{"href":"https:\/\/diariodominicano.com\/index.php?rest_route=\/wp\/v2\/types\/post"}],"author":[{"embeddable":true,"href":"https:\/\/diariodominicano.com\/index.php?rest_route=\/wp\/v2\/users\/28"}],"replies":[{"embeddable":true,"href":"https:\/\/diariodominicano.com\/index.php?rest_route=%2Fwp%2Fv2%2Fcomments&post=584279"}],"version-history":[{"count":1,"href":"https:\/\/diariodominicano.com\/index.php?rest_route=\/wp\/v2\/posts\/584279\/revisions"}],"predecessor-version":[{"id":584281,"href":"https:\/\/diariodominicano.com\/index.php?rest_route=\/wp\/v2\/posts\/584279\/revisions\/584281"}],"wp:featuredmedia":[{"embeddable":true,"href":"https:\/\/diariodominicano.com\/index.php?rest_route=\/wp\/v2\/media\/584280"}],"wp:attachment":[{"href":"https:\/\/diariodominicano.com\/index.php?rest_route=%2Fwp%2Fv2%2Fmedia&parent=584279"}],"wp:term":[{"taxonomy":"category","embeddable":true,"href":"https:\/\/diariodominicano.com\/index.php?rest_route=%2Fwp%2Fv2%2Fcategories&post=584279"},{"taxonomy":"post_tag","embeddable":true,"href":"https:\/\/diariodominicano.com\/index.php?rest_route=%2Fwp%2Fv2%2Ftags&post=584279"}],"curies":[{"name":"wp","href":"https:\/\/api.w.org\/{rel}","templated":true}]}}