{"id":584236,"date":"2024-12-19T08:41:01","date_gmt":"2024-12-19T12:41:01","guid":{"rendered":"https:\/\/diariodominicano.com\/?p=584236"},"modified":"2024-12-19T08:41:10","modified_gmt":"2024-12-19T12:41:10","slug":"misil-del-grupo-huti-de-yemen-impacta-una-escuela-israeli","status":"publish","type":"post","link":"https:\/\/diariodominicano.com\/?p=584236","title":{"rendered":"Misil del grupo hut\u00ed de Yemen impacta una escuela israel\u00ed"},"content":{"rendered":"\n<p>diariodominicano.com<\/p>\n\n\n\n<p>JERUSAL\u00c9N, 19 dic (Xinhua) &#8212; Un misil lanzado por las fuerzas hut\u00edes de Yemen impact\u00f3 hoy una escuela en el centro de Israel, causando da\u00f1os significativos, seg\u00fan fuentes oficiales israel\u00edes. El misil, identificado por los hut\u00edes como un misil hipers\u00f3nico \u00abPalestina-2\u00bb, activ\u00f3 las sirenas de ataque a\u00e9reo en todo el centro de Israel durante la noche. El ej\u00e9rcito israel\u00ed inform\u00f3 inicialmente que hab\u00eda interceptado el misil, pero m\u00e1s tarde aclar\u00f3 que s\u00f3lo fue interceptado parcialmente y que impact\u00f3 en la escuela en Ramat Gan, un suburbio de Tel Aviv. Una investigaci\u00f3n inicial de la Fuerza A\u00e9rea israel\u00ed indic\u00f3 que la ojiva del misil explot\u00f3 al impactar con la escuela, causando da\u00f1os. El alcalde de Ramat Gan, Carmel Shama, dijo a los reporteros que la escuela hab\u00eda sido cerrada debido a los da\u00f1os. \u00abLa estructura principal de la escuela necesita ser destruida y ser\u00e1 reconstruida\u00bb, dijo. El ataque con misiles desde Yemen sigui\u00f3 a una ofensiva a\u00e9rea israel\u00ed dirigida a los principales puertos de Yemen y la capital, San\u00e1. Los medios locales informaron que al menos nueve personas murieron en los ataques israel\u00edes. Tambi\u00e9n el jueves, un avi\u00f3n no tripulado lanzado desde la Franja de Gaza activ\u00f3 las sirenas de ataque a\u00e9reo en las comunidades israel\u00edes cercanas antes de ser derribado por la Fuerza A\u00e9rea israel\u00ed.<\/p>\n","protected":false},"excerpt":{"rendered":"<p>diariodominicano.com JERUSAL\u00c9N, 19 dic (Xinhua) &#8212; Un misil lanzado por las fuerzas hut\u00edes de Yemen impact\u00f3 hoy una escuela en el centro de Israel, causando da\u00f1os significativos, seg\u00fan fuentes oficiales israel\u00edes. El misil, identificado por los hut\u00edes como un misil hipers\u00f3nico \u00abPalestina-2\u00bb, activ\u00f3 las sirenas de ataque a\u00e9reo en todo el centro de Israel durante [&hellip;]<\/p>\n","protected":false},"author":5,"featured_media":584237,"comment_status":"closed","ping_status":"closed","sticky":true,"template":"","format":"standard","meta":{"footnotes":""},"categories":[23,27],"tags":[],"class_list":["post-584236","post","type-post","status-publish","format-standard","has-post-thumbnail","hentry","category-internacional","category-portada"],"_links":{"self":[{"href":"https:\/\/diariodominicano.com\/index.php?rest_route=\/wp\/v2\/posts\/584236","targetHints":{"allow":["GET"]}}],"collection":[{"href":"https:\/\/diariodominicano.com\/index.php?rest_route=\/wp\/v2\/posts"}],"about":[{"href":"https:\/\/diariodominicano.com\/index.php?rest_route=\/wp\/v2\/types\/post"}],"author":[{"embeddable":true,"href":"https:\/\/diariodominicano.com\/index.php?rest_route=\/wp\/v2\/users\/5"}],"replies":[{"embeddable":true,"href":"https:\/\/diariodominicano.com\/index.php?rest_route=%2Fwp%2Fv2%2Fcomments&post=584236"}],"version-history":[{"count":1,"href":"https:\/\/diariodominicano.com\/index.php?rest_route=\/wp\/v2\/posts\/584236\/revisions"}],"predecessor-version":[{"id":584238,"href":"https:\/\/diariodominicano.com\/index.php?rest_route=\/wp\/v2\/posts\/584236\/revisions\/584238"}],"wp:featuredmedia":[{"embeddable":true,"href":"https:\/\/diariodominicano.com\/index.php?rest_route=\/wp\/v2\/media\/584237"}],"wp:attachment":[{"href":"https:\/\/diariodominicano.com\/index.php?rest_route=%2Fwp%2Fv2%2Fmedia&parent=584236"}],"wp:term":[{"taxonomy":"category","embeddable":true,"href":"https:\/\/diariodominicano.com\/index.php?rest_route=%2Fwp%2Fv2%2Fcategories&post=584236"},{"taxonomy":"post_tag","embeddable":true,"href":"https:\/\/diariodominicano.com\/index.php?rest_route=%2Fwp%2Fv2%2Ftags&post=584236"}],"curies":[{"name":"wp","href":"https:\/\/api.w.org\/{rel}","templated":true}]}}