{"id":584229,"date":"2024-12-19T07:53:54","date_gmt":"2024-12-19T11:53:54","guid":{"rendered":"https:\/\/diariodominicano.com\/?p=584229"},"modified":"2024-12-19T07:54:03","modified_gmt":"2024-12-19T11:54:03","slug":"blinken-admite-el-fracaso-de-los-esfuerzos-estadounidenses-durante-decadas-para-cambiar-el-regimen-de-iran","status":"publish","type":"post","link":"https:\/\/diariodominicano.com\/?p=584229","title":{"rendered":"Blinken admite el fracaso de los esfuerzos estadounidenses durante d\u00e9cadas para cambiar el r\u00e9gimen de Ir\u00e1n"},"content":{"rendered":"\n<p>diariodominicano.com<\/p>\n\n\n\n<p>WASHINGTON, 19 dic (Xinhua) &#8212; El secretario del Estado estadounidense, Antony Blinken, admiti\u00f3 p\u00fablicamente el mi\u00e9rcoles que los esfuerzos de su pa\u00eds durante los \u00faltimos 20 a\u00f1os para procurar un cambio de r\u00e9gimen en Ir\u00e1n no tuvieron mucho \u00e9xito. \u00abCreo que si nos fijamos en los \u00faltimos 20 a\u00f1os, nuestros experimentos en el cambio de r\u00e9gimen no han sido exactamente \u00e9xitos resonantes\u00bb, dijo Blinken al intervenir en una sesi\u00f3n de debate en el Consejo de Relaciones Exteriores en Nueva York. El secretario atribuy\u00f3 ese fracaso, en primer lugar, a la inexistencia de relaciones diplom\u00e1ticas entre Washington y Teher\u00e1n desde abril de 1980, cuando el entonces presidente de Estados Unidos, Jimmy Carter, rompi\u00f3 los lazos con Ir\u00e1n tras la crisis de rehenes en la Embajada estadounidense. en Teher\u00e1n en 1979. \u00abAs\u00ed que desde mi perspectiva, primero, la din\u00e1mica interna de Ir\u00e1n es complicada. Y en muchos sentidos no somos necesariamente la mejor fuente de una visi\u00f3n clara al respecto, precisamente porque, por Por supuesto, no tenemos relaciones diplom\u00e1ticas; nos hemos desvinculado\u201d, resalt\u00f3 Blinken. El secretario de Estado considera que \u00abeso es dif\u00edcil de dise\u00f1ar desde el exterior\u00bb. \u00abE inevitablemente acabas teniendo consecuencias imprevistas\u00bb, a\u00f1adi\u00f3. \u00abYo ser\u00eda muy cauteloso al tratar de dise\u00f1ar algo desde el exterior\u00bb, se\u00f1al\u00f3 el secretario al concluir su larga y cuidadosamente redactada respuesta a una pregunta del p\u00fablico sobre si Estados Unidos deber\u00eda adoptar una pol\u00edtica de cambio de r\u00e9gimen en Ir\u00e1n.<\/p>\n","protected":false},"excerpt":{"rendered":"<p>diariodominicano.com WASHINGTON, 19 dic (Xinhua) &#8212; El secretario del Estado estadounidense, Antony Blinken, admiti\u00f3 p\u00fablicamente el mi\u00e9rcoles que los esfuerzos de su pa\u00eds durante los \u00faltimos 20 a\u00f1os para procurar un cambio de r\u00e9gimen en Ir\u00e1n no tuvieron mucho \u00e9xito. \u00abCreo que si nos fijamos en los \u00faltimos 20 a\u00f1os, nuestros experimentos en el cambio [&hellip;]<\/p>\n","protected":false},"author":5,"featured_media":466108,"comment_status":"closed","ping_status":"closed","sticky":true,"template":"","format":"standard","meta":{"footnotes":""},"categories":[23,27],"tags":[],"class_list":["post-584229","post","type-post","status-publish","format-standard","has-post-thumbnail","hentry","category-internacional","category-portada"],"_links":{"self":[{"href":"https:\/\/diariodominicano.com\/index.php?rest_route=\/wp\/v2\/posts\/584229","targetHints":{"allow":["GET"]}}],"collection":[{"href":"https:\/\/diariodominicano.com\/index.php?rest_route=\/wp\/v2\/posts"}],"about":[{"href":"https:\/\/diariodominicano.com\/index.php?rest_route=\/wp\/v2\/types\/post"}],"author":[{"embeddable":true,"href":"https:\/\/diariodominicano.com\/index.php?rest_route=\/wp\/v2\/users\/5"}],"replies":[{"embeddable":true,"href":"https:\/\/diariodominicano.com\/index.php?rest_route=%2Fwp%2Fv2%2Fcomments&post=584229"}],"version-history":[{"count":1,"href":"https:\/\/diariodominicano.com\/index.php?rest_route=\/wp\/v2\/posts\/584229\/revisions"}],"predecessor-version":[{"id":584230,"href":"https:\/\/diariodominicano.com\/index.php?rest_route=\/wp\/v2\/posts\/584229\/revisions\/584230"}],"wp:featuredmedia":[{"embeddable":true,"href":"https:\/\/diariodominicano.com\/index.php?rest_route=\/wp\/v2\/media\/466108"}],"wp:attachment":[{"href":"https:\/\/diariodominicano.com\/index.php?rest_route=%2Fwp%2Fv2%2Fmedia&parent=584229"}],"wp:term":[{"taxonomy":"category","embeddable":true,"href":"https:\/\/diariodominicano.com\/index.php?rest_route=%2Fwp%2Fv2%2Fcategories&post=584229"},{"taxonomy":"post_tag","embeddable":true,"href":"https:\/\/diariodominicano.com\/index.php?rest_route=%2Fwp%2Fv2%2Ftags&post=584229"}],"curies":[{"name":"wp","href":"https:\/\/api.w.org\/{rel}","templated":true}]}}