{"id":584226,"date":"2024-12-19T03:05:03","date_gmt":"2024-12-19T07:05:03","guid":{"rendered":"https:\/\/diariodominicano.com\/?p=584226"},"modified":"2024-12-19T03:05:10","modified_gmt":"2024-12-19T07:05:10","slug":"condecoran-a-mijain-lopez-como-heroe-de-la-republica-de-cuba","status":"publish","type":"post","link":"https:\/\/diariodominicano.com\/?p=584226","title":{"rendered":"Condecoran a Mija\u00edn L\u00f3pez como H\u00e9roe de la Rep\u00fablica de Cuba"},"content":{"rendered":"\n<p>La Habana, 18 dic (Prensa Latina) El General de Ej\u00e9rcito Ra\u00fal Castro condecor\u00f3 con el t\u00edtulo honor\u00edfico de H\u00e9roe de la Rep\u00fablica de Cuba al cinco veces campe\u00f3n ol\u00edmpico de lucha grecorromana, Mija\u00edn L\u00f3pez, inform\u00f3 hoy la televisi\u00f3n nacional.<\/p>\n\n\n\n<ul class=\"wp-block-list\">\n<li><a href=\"https:\/\/www.prensa-latina.cu\/2024\/12\/18\/\"><time>diciembre 18, 2024 | 15:19<\/time><\/a><\/li>\n<\/ul>\n\n\n\n<ul class=\"wp-block-list\">\n<li><a href=\"https:\/\/www.prensa-latina.cu\/2024\/12\/18\/condecoran-a-mijain-lopez-como-heroe-de-la-republica-de-cuba\/#\"><\/a><\/li>\n\n\n\n<li><a href=\"https:\/\/www.prensa-latina.cu\/2024\/12\/18\/condecoran-a-mijain-lopez-como-heroe-de-la-republica-de-cuba\/#\"><\/a><\/li>\n\n\n\n<li><a href=\"https:\/\/www.prensa-latina.cu\/2024\/12\/18\/condecoran-a-mijain-lopez-como-heroe-de-la-republica-de-cuba\/#\"><\/a><\/li>\n\n\n\n<li><a href=\"https:\/\/www.prensa-latina.cu\/2024\/12\/18\/condecoran-a-mijain-lopez-como-heroe-de-la-republica-de-cuba\/#\"><\/a><\/li>\n<\/ul>\n\n\n\n<p>En la ceremonia, encabezada adem\u00e1s por el presidente Miguel D\u00edaz-Canel, fueron distinguidas como Hero\u00ednas del Trabajo la reina indiscutible, por m\u00e1s de una d\u00e9cada, del movimiento paral\u00edmpico internacional, Omara Durand, y Gladys Bejerano, quien dirigi\u00f3 durante los \u00faltimos 15 a\u00f1os la Contralor\u00eda General de la Rep\u00fablica.<\/p>\n\n\n\n<p>El vicepresidente cubano Salvador Vald\u00e9s Mesa destac\u00f3 en el encuentro los excepcionales resultados en el deporte de L\u00f3pez y, sobre todo, su compromiso con su pueblo, con Fidel Castro, Ra\u00fal Castro y la Revoluci\u00f3n, de la cual es fruto.<\/p>\n\n\n\n<p>Asimismo, el secretario general de la Central de Trabajadores de Cuba, Ulises Guilarte, se refiri\u00f3 a los m\u00e9ritos de Durand y Bejerano: M\u00e1s que ganar medallas en 100, 200 y 400 metros sobre una pista, subray\u00f3, lo m\u00e1s cautivador de Omara ha sido su sencillez, su fidelidad, y su amor a la familia y a Cuba, de la que hoy es s\u00edmbolo de entrega y sacrificio.<\/p>\n\n\n\n<p>De Bejerano apunt\u00f3 que es una de las expresiones m\u00e1s vivas de que la disciplina y el rigor en el trabajo, as\u00ed como la fidelidad a la Revoluci\u00f3n, son atributos imprescindibles para defender la sociedad socialista que se construye en Cuba.<\/p>\n\n\n\n<p>arc\/evm<\/p>\n\n\n\n<ul class=\"wp-block-list\">\n<li>#<a href=\"https:\/\/www.prensa-latina.cu\/etiqueta\/cuba\/\">cuba<\/a><\/li>\n<\/ul>\n","protected":false},"excerpt":{"rendered":"<p>La Habana, 18 dic (Prensa Latina) El General de Ej\u00e9rcito Ra\u00fal Castro condecor\u00f3 con el t\u00edtulo honor\u00edfico de H\u00e9roe de la Rep\u00fablica de Cuba al cinco veces campe\u00f3n ol\u00edmpico de lucha grecorromana, Mija\u00edn L\u00f3pez, inform\u00f3 hoy la televisi\u00f3n nacional. En la ceremonia, encabezada adem\u00e1s por el presidente Miguel D\u00edaz-Canel, fueron distinguidas como Hero\u00ednas del Trabajo [&hellip;]<\/p>\n","protected":false},"author":28,"featured_media":584227,"comment_status":"closed","ping_status":"closed","sticky":true,"template":"","format":"standard","meta":{"footnotes":""},"categories":[17,26,23],"tags":[],"class_list":["post-584226","post","type-post","status-publish","format-standard","has-post-thumbnail","hentry","category-deportes","category-efemerides","category-internacional"],"_links":{"self":[{"href":"https:\/\/diariodominicano.com\/index.php?rest_route=\/wp\/v2\/posts\/584226","targetHints":{"allow":["GET"]}}],"collection":[{"href":"https:\/\/diariodominicano.com\/index.php?rest_route=\/wp\/v2\/posts"}],"about":[{"href":"https:\/\/diariodominicano.com\/index.php?rest_route=\/wp\/v2\/types\/post"}],"author":[{"embeddable":true,"href":"https:\/\/diariodominicano.com\/index.php?rest_route=\/wp\/v2\/users\/28"}],"replies":[{"embeddable":true,"href":"https:\/\/diariodominicano.com\/index.php?rest_route=%2Fwp%2Fv2%2Fcomments&post=584226"}],"version-history":[{"count":1,"href":"https:\/\/diariodominicano.com\/index.php?rest_route=\/wp\/v2\/posts\/584226\/revisions"}],"predecessor-version":[{"id":584228,"href":"https:\/\/diariodominicano.com\/index.php?rest_route=\/wp\/v2\/posts\/584226\/revisions\/584228"}],"wp:featuredmedia":[{"embeddable":true,"href":"https:\/\/diariodominicano.com\/index.php?rest_route=\/wp\/v2\/media\/584227"}],"wp:attachment":[{"href":"https:\/\/diariodominicano.com\/index.php?rest_route=%2Fwp%2Fv2%2Fmedia&parent=584226"}],"wp:term":[{"taxonomy":"category","embeddable":true,"href":"https:\/\/diariodominicano.com\/index.php?rest_route=%2Fwp%2Fv2%2Fcategories&post=584226"},{"taxonomy":"post_tag","embeddable":true,"href":"https:\/\/diariodominicano.com\/index.php?rest_route=%2Fwp%2Fv2%2Ftags&post=584226"}],"curies":[{"name":"wp","href":"https:\/\/api.w.org\/{rel}","templated":true}]}}