{"id":584223,"date":"2024-12-19T03:02:27","date_gmt":"2024-12-19T07:02:27","guid":{"rendered":"https:\/\/diariodominicano.com\/?p=584223"},"modified":"2024-12-19T03:02:32","modified_gmt":"2024-12-19T07:02:32","slug":"mexico-trabaja-en-fortalecer-atencion-a-connacionales-en-eeuu","status":"publish","type":"post","link":"https:\/\/diariodominicano.com\/?p=584223","title":{"rendered":"M\u00e9xico trabaja en fortalecer atenci\u00f3n a connacionales en EEUU"},"content":{"rendered":"\n<p>Ciudad de M\u00e9xico, 19 dic (Prensa Latina) El canciller Juan Ram\u00f3n de la Fuente visitar\u00e1 hoy el consulado general de M\u00e9xico en Chicago, Illinois, para fortalecer la estrategia de atenci\u00f3n y protecci\u00f3n a los connacionales en Estados Unidos.<\/p>\n\n\n\n<ul class=\"wp-block-list\">\n<li><a href=\"https:\/\/www.prensa-latina.cu\/2024\/12\/19\/\"><time>diciembre 19, 2024 | 00:06<\/time><\/a><\/li>\n<\/ul>\n\n\n\n<ul class=\"wp-block-list\">\n<li><a href=\"https:\/\/www.prensa-latina.cu\/2024\/12\/19\/mexico-trabaja-en-fortalecer-atencion-a-connacionales-en-eeuu\/#\"><\/a><\/li>\n\n\n\n<li><a href=\"https:\/\/www.prensa-latina.cu\/2024\/12\/19\/mexico-trabaja-en-fortalecer-atencion-a-connacionales-en-eeuu\/#\"><\/a><\/li>\n\n\n\n<li><a href=\"https:\/\/www.prensa-latina.cu\/2024\/12\/19\/mexico-trabaja-en-fortalecer-atencion-a-connacionales-en-eeuu\/#\"><\/a><\/li>\n\n\n\n<li><a href=\"https:\/\/www.prensa-latina.cu\/2024\/12\/19\/mexico-trabaja-en-fortalecer-atencion-a-connacionales-en-eeuu\/#\"><\/a><\/li>\n<\/ul>\n\n\n\n<p>De acuerdo con un comunicado de la Secretar\u00eda de Relaciones Exteriores de este pa\u00eds latinoamericano, el titular, quien estar\u00e1 ma\u00f1ana en Los \u00c1ngeles, California, sostendr\u00e1 reuniones con funcionarios, organizaciones de migrantes, l\u00edderes comunitarios y equipos de abogados.<\/p>\n\n\n\n<p>En el contexto de las amenazas del presidente electo Donald Trump acerca de llevar a cabo deportaciones masivas, De la Fuente tambi\u00e9n intercambiar\u00e1 con organizaciones sociales y empresariales, aliados en temas bilaterales y migratorios, as\u00ed como autoridades locales.<\/p>\n\n\n\n<p>\u201cLa prioridad de nuestra pol\u00edtica migratoria seguir\u00e1 siendo la construcci\u00f3n de puentes que funcionan y han permitido una buena interacci\u00f3n con Estados Unidos en los \u00e1mbitos comercial y de convivencia familiar\u201d, asever\u00f3 ayer el canciller desde El Paso, Texas.<\/p>\n\n\n\n<p>En el primer destino de la visita de trabajo de tres d\u00edas, el funcionario mencion\u00f3 que dichos puentes tambi\u00e9n contribuyen al crecimiento y desarrollo humano en ambos lados de la frontera.<\/p>\n\n\n\n<p>De la Fuente particip\u00f3 en un encuentro con connacionales durante el cual realizaron un enlace a la habitual conferencia de prensa de la mandataria Claudia Sheinbaum, al conmemorarse el D\u00eda Internacional del Migrante.<\/p>\n\n\n\n<p>El canciller refrend\u00f3 el compromiso de la red de 53 consulados en ese pa\u00eds de apoyar y acompa\u00f1ar a estas personas en cualquier circunstancia en que se encuentren, mediante una serie de acciones como la defensa legal y la simplificaci\u00f3n y modernizaci\u00f3n de tr\u00e1mites.<\/p>\n\n\n\n<p>Asimismo, mencion\u00f3 la construcci\u00f3n de alianzas comunitarias con organizaciones, instituciones y autoridades locales, as\u00ed como encuentros de consulado abierto para que sigan escuchando sus puntos de vista, preocupaciones y sugerencias.<\/p>\n\n\n\n<p>\u201cNuestros migrantes no est\u00e1n solos, ni van a estar solos\u201d, asegur\u00f3.<\/p>\n\n\n\n<p>Durante su encuentro ayer con periodistas, Sheinbaum envi\u00f3 su cari\u00f1o y reconocimiento a los connacionales y los calific\u00f3 de h\u00e9roes y hero\u00ednas.<\/p>\n\n\n\n<p>\u201cNosotros no solo los vamos a reconocer siempre, sino adem\u00e1s vamos a apoyar siempre a nuestros hermanos del otro lado de la frontera. Y saben que siempre aqu\u00ed est\u00e1 su casa. Gracias por todo lo que hacen por sus familias y por M\u00e9xico\u201d, expres\u00f3.<\/p>\n\n\n\n<p>La mandataria present\u00f3 y dedic\u00f3 a los connacionales en Estados Unidos el Himno Migrante, a cargo del colectivo Legado de Grandeza.<\/p>\n\n\n\n<p>jha\/las<\/p>\n","protected":false},"excerpt":{"rendered":"<p>Ciudad de M\u00e9xico, 19 dic (Prensa Latina) El canciller Juan Ram\u00f3n de la Fuente visitar\u00e1 hoy el consulado general de M\u00e9xico en Chicago, Illinois, para fortalecer la estrategia de atenci\u00f3n y protecci\u00f3n a los connacionales en Estados Unidos. De acuerdo con un comunicado de la Secretar\u00eda de Relaciones Exteriores de este pa\u00eds latinoamericano, el titular, [&hellip;]<\/p>\n","protected":false},"author":28,"featured_media":584224,"comment_status":"closed","ping_status":"closed","sticky":true,"template":"","format":"standard","meta":{"footnotes":""},"categories":[23],"tags":[],"class_list":["post-584223","post","type-post","status-publish","format-standard","has-post-thumbnail","hentry","category-internacional"],"_links":{"self":[{"href":"https:\/\/diariodominicano.com\/index.php?rest_route=\/wp\/v2\/posts\/584223","targetHints":{"allow":["GET"]}}],"collection":[{"href":"https:\/\/diariodominicano.com\/index.php?rest_route=\/wp\/v2\/posts"}],"about":[{"href":"https:\/\/diariodominicano.com\/index.php?rest_route=\/wp\/v2\/types\/post"}],"author":[{"embeddable":true,"href":"https:\/\/diariodominicano.com\/index.php?rest_route=\/wp\/v2\/users\/28"}],"replies":[{"embeddable":true,"href":"https:\/\/diariodominicano.com\/index.php?rest_route=%2Fwp%2Fv2%2Fcomments&post=584223"}],"version-history":[{"count":1,"href":"https:\/\/diariodominicano.com\/index.php?rest_route=\/wp\/v2\/posts\/584223\/revisions"}],"predecessor-version":[{"id":584225,"href":"https:\/\/diariodominicano.com\/index.php?rest_route=\/wp\/v2\/posts\/584223\/revisions\/584225"}],"wp:featuredmedia":[{"embeddable":true,"href":"https:\/\/diariodominicano.com\/index.php?rest_route=\/wp\/v2\/media\/584224"}],"wp:attachment":[{"href":"https:\/\/diariodominicano.com\/index.php?rest_route=%2Fwp%2Fv2%2Fmedia&parent=584223"}],"wp:term":[{"taxonomy":"category","embeddable":true,"href":"https:\/\/diariodominicano.com\/index.php?rest_route=%2Fwp%2Fv2%2Fcategories&post=584223"},{"taxonomy":"post_tag","embeddable":true,"href":"https:\/\/diariodominicano.com\/index.php?rest_route=%2Fwp%2Fv2%2Ftags&post=584223"}],"curies":[{"name":"wp","href":"https:\/\/api.w.org\/{rel}","templated":true}]}}