{"id":584220,"date":"2024-12-19T03:00:33","date_gmt":"2024-12-19T07:00:33","guid":{"rendered":"https:\/\/diariodominicano.com\/?p=584220"},"modified":"2024-12-19T03:00:38","modified_gmt":"2024-12-19T07:00:38","slug":"descartan-delacion-de-general-arrestado-por-golpismo-en-brasil","status":"publish","type":"post","link":"https:\/\/diariodominicano.com\/?p=584220","title":{"rendered":"Descartan delaci\u00f3n de general arrestado por golpismo en Brasil"},"content":{"rendered":"\n<p>Brasilia, 19 dic (Prensa Latina) La defensa del general Walter Braga Netto, arrestado por la tentativa golpista de 2022, rechaz\u00f3 la posibilidad de que el oficial de alto rango acepte un acuerdo de delaci\u00f3n premiada, como especulan hoy medios en Brasil.<\/p>\n\n\n\n<ul class=\"wp-block-list\">\n<li><a href=\"https:\/\/www.prensa-latina.cu\/2024\/12\/19\/\"><time>diciembre 19, 2024 | 00:30<\/time><\/a><\/li>\n<\/ul>\n\n\n\n<ul class=\"wp-block-list\">\n<li><a href=\"https:\/\/www.prensa-latina.cu\/2024\/12\/19\/descartan-delacion-de-general-arrestado-por-golpismo-en-brasil\/#\"><\/a><\/li>\n\n\n\n<li><a href=\"https:\/\/www.prensa-latina.cu\/2024\/12\/19\/descartan-delacion-de-general-arrestado-por-golpismo-en-brasil\/#\"><\/a><\/li>\n\n\n\n<li><a href=\"https:\/\/www.prensa-latina.cu\/2024\/12\/19\/descartan-delacion-de-general-arrestado-por-golpismo-en-brasil\/#\"><\/a><\/li>\n\n\n\n<li><a href=\"https:\/\/www.prensa-latina.cu\/2024\/12\/19\/descartan-delacion-de-general-arrestado-por-golpismo-en-brasil\/#\"><\/a><\/li>\n<\/ul>\n\n\n\n<p>El nuevo abogado de Braga Netto, el criminalista Jos\u00e9 Lu\u00eds de Oliveira Lima, anticip\u00f3 la estrategia del staff jur\u00eddico del general.<\/p>\n\n\n\n<p>\u00abLa defensa respeta el Poder Judicial y el Supremo (Tribunal Federal). Dicho esto, vamos a hacer una petici\u00f3n para que el general sea escuchado inmediatamente, luego pedir la revocaci\u00f3n de su arresto\u00bb, afirm\u00f3 el jurista a la periodista Malu Gaspar, del diario O Globo.<\/p>\n\n\n\n<p>Por todo lo anterior, explic\u00f3, \u00abporque entiendo que no hay ninguna justificaci\u00f3n para que \u00e9l sea privado de su libertad. Registro que no hay la menor posibilidad de hacer un acuerdo de colaboraci\u00f3n premiada\u00bb, recalc\u00f3.<\/p>\n\n\n\n<p>De manera inesperada, la Polic\u00eda Federal (PF) arrest\u00f3 el 14 de diciembre a Braga Netto, exministro de la Casa Civil y Defensa del Gobierno de Jair Bolsonaro, y candidato a la vicepresidencia en la f\u00f3rmula electoral del pol\u00edtico ultraderechista, quien perdi\u00f3 los comicios de 2022.<\/p>\n\n\n\n<p>La fuerza del orden p\u00fablico acusa a ambos y al exayudante de \u00f3rdenes de Bolsonaro, teniente coronel Mauro Cid, por los delitos de abolici\u00f3n violenta del Estado Democr\u00e1tico de Derecho, golpe de Estado y organizaci\u00f3n criminal.<\/p>\n\n\n\n<p>En la lista aparecen adem\u00e1s otros exministros de la administraci\u00f3n del exmandatario, excomandantes del Ej\u00e9rcito y la Marina, militares activos y de la reserva, y exasesores del exjefe del Ejecutivo.<\/p>\n\n\n\n<p>Durante la indagaci\u00f3n, la PF concluy\u00f3 que Braga Netto era el arquitecto del golpe, es decir, la principal autoridad detr\u00e1s de su planificaci\u00f3n y daba respaldo y credibilidad entre los oficiales y comandantes.<\/p>\n\n\n\n<p>Era, en palabras de un perito, \u00abla cabeza, el mentor del golpe, pero bajo el mando de Bolsonaro\u00bb.<\/p>\n\n\n\n<p>Fue en la casa de Braga Netto, por ejemplo, que la polic\u00eda indica que el 12 de noviembre de 2022 hubo una reuni\u00f3n \u00abpara presentar la planificaci\u00f3n de las acciones clandestinas con el fin de dar apoyo a las medidas necesarias para tratar de impedir la toma de posesi\u00f3n del Gobierno elegido y restringir el ejercicio del Poder Judicial\u00bb.<\/p>\n\n\n\n<p>Ahora, las Fuerzas Armadas prev\u00e9n la inclusi\u00f3n de m\u00e1s militares en la lista de objetivos de futuras operaciones de la PF por la conspiraci\u00f3n, en la que tambi\u00e9n se articul\u00f3 el asesinato del presidente Luiz In\u00e1cio Lula da Silva, el vice Geraldo Alckmin y el ministro Alaxendre de Moraes, de la Corte Suprema.<\/p>\n\n\n\n<p>Despu\u00e9s de la detenci\u00f3n de Braga Netto, el columnista Valdo Cruz, del portal G1, presagia que el general Augusto Heleno, ministro jefe del Gabinete de Seguridad Institucional en el mandato de Bolsonaro, figura como el pr\u00f3ximo alto oficial que ser\u00eda apresado por la maquinaci\u00f3n golpista.<\/p>\n\n\n\n<p>rc\/ocs<\/p>\n\n\n\n<ul class=\"wp-block-list\">\n<li>#<a href=\"https:\/\/www.prensa-latina.cu\/etiqueta\/arresto\/\">arresto<\/a>\u00a0#<a href=\"https:\/\/www.prensa-latina.cu\/etiqueta\/bolsonaro\/\">bolsonaro<\/a>\u00a0#<a href=\"https:\/\/www.prensa-latina.cu\/etiqueta\/braganetto\/\">braganetto<\/a>\u00a0#<a href=\"https:\/\/www.prensa-latina.cu\/etiqueta\/brasil\/\">brasil<\/a>\u00a0#<a href=\"https:\/\/www.prensa-latina.cu\/etiqueta\/general\/\">general<\/a><\/li>\n<\/ul>\n","protected":false},"excerpt":{"rendered":"<p>Brasilia, 19 dic (Prensa Latina) La defensa del general Walter Braga Netto, arrestado por la tentativa golpista de 2022, rechaz\u00f3 la posibilidad de que el oficial de alto rango acepte un acuerdo de delaci\u00f3n premiada, como especulan hoy medios en Brasil. El nuevo abogado de Braga Netto, el criminalista Jos\u00e9 Lu\u00eds de Oliveira Lima, anticip\u00f3 [&hellip;]<\/p>\n","protected":false},"author":28,"featured_media":584221,"comment_status":"closed","ping_status":"closed","sticky":true,"template":"","format":"standard","meta":{"footnotes":""},"categories":[23],"tags":[],"class_list":["post-584220","post","type-post","status-publish","format-standard","has-post-thumbnail","hentry","category-internacional"],"_links":{"self":[{"href":"https:\/\/diariodominicano.com\/index.php?rest_route=\/wp\/v2\/posts\/584220","targetHints":{"allow":["GET"]}}],"collection":[{"href":"https:\/\/diariodominicano.com\/index.php?rest_route=\/wp\/v2\/posts"}],"about":[{"href":"https:\/\/diariodominicano.com\/index.php?rest_route=\/wp\/v2\/types\/post"}],"author":[{"embeddable":true,"href":"https:\/\/diariodominicano.com\/index.php?rest_route=\/wp\/v2\/users\/28"}],"replies":[{"embeddable":true,"href":"https:\/\/diariodominicano.com\/index.php?rest_route=%2Fwp%2Fv2%2Fcomments&post=584220"}],"version-history":[{"count":1,"href":"https:\/\/diariodominicano.com\/index.php?rest_route=\/wp\/v2\/posts\/584220\/revisions"}],"predecessor-version":[{"id":584222,"href":"https:\/\/diariodominicano.com\/index.php?rest_route=\/wp\/v2\/posts\/584220\/revisions\/584222"}],"wp:featuredmedia":[{"embeddable":true,"href":"https:\/\/diariodominicano.com\/index.php?rest_route=\/wp\/v2\/media\/584221"}],"wp:attachment":[{"href":"https:\/\/diariodominicano.com\/index.php?rest_route=%2Fwp%2Fv2%2Fmedia&parent=584220"}],"wp:term":[{"taxonomy":"category","embeddable":true,"href":"https:\/\/diariodominicano.com\/index.php?rest_route=%2Fwp%2Fv2%2Fcategories&post=584220"},{"taxonomy":"post_tag","embeddable":true,"href":"https:\/\/diariodominicano.com\/index.php?rest_route=%2Fwp%2Fv2%2Ftags&post=584220"}],"curies":[{"name":"wp","href":"https:\/\/api.w.org\/{rel}","templated":true}]}}