{"id":584217,"date":"2024-12-19T02:58:53","date_gmt":"2024-12-19T06:58:53","guid":{"rendered":"https:\/\/diariodominicano.com\/?p=584217"},"modified":"2024-12-19T02:58:57","modified_gmt":"2024-12-19T06:58:57","slug":"denuncian-despidos-en-ministerio-argentino-de-justicia","status":"publish","type":"post","link":"https:\/\/diariodominicano.com\/?p=584217","title":{"rendered":"Denuncian despidos en Ministerio argentino de Justicia"},"content":{"rendered":"\n<p>Buenos Aires, 19 dic (Prensa Latina) Los afiliados a la Asociaci\u00f3n Trabajadores del Estado (ATE) en esta capital se movilizar\u00e1n hoy frente al Ministerio de Justicia de Argentina para denunciar el despido de m\u00e1s de dos mil personas.<\/p>\n\n\n\n<ul class=\"wp-block-list\">\n<li><a href=\"https:\/\/www.prensa-latina.cu\/2024\/12\/19\/\"><time>diciembre 19, 2024 | 00:04<\/time><\/a><\/li>\n<\/ul>\n\n\n\n<ul class=\"wp-block-list\">\n<li><a href=\"https:\/\/www.prensa-latina.cu\/2024\/12\/19\/denuncian-despidos-en-ministerio-argentino-de-justicia\/#\"><\/a><\/li>\n\n\n\n<li><a href=\"https:\/\/www.prensa-latina.cu\/2024\/12\/19\/denuncian-despidos-en-ministerio-argentino-de-justicia\/#\"><\/a><\/li>\n\n\n\n<li><a href=\"https:\/\/www.prensa-latina.cu\/2024\/12\/19\/denuncian-despidos-en-ministerio-argentino-de-justicia\/#\"><\/a><\/li>\n\n\n\n<li><a href=\"https:\/\/www.prensa-latina.cu\/2024\/12\/19\/denuncian-despidos-en-ministerio-argentino-de-justicia\/#\"><\/a><\/li>\n<\/ul>\n\n\n\n<p>Seg\u00fan un comunicado de esa organizaci\u00f3n, la manifestaci\u00f3n comenzar\u00e1 a las 11:00, hora local, y los participantes rechazar\u00e1n tambi\u00e9n el cese del pago de un complemento salarial a m\u00e1s de mil empleados.<\/p>\n\n\n\n<p>En un contexto de amenazas y extorsiones, el ministro de Justicia, Mariano C\u00faneo, firm\u00f3 una resoluci\u00f3n que detalla la desvinculaci\u00f3n de casi la mitad de la planta de trabajadores de esa entidad, se\u00f1al\u00f3 el secretario de Acci\u00f3n Pol\u00edtica de ATE Capital, R\u00faben Lop\u00e9z.<\/p>\n\n\n\n<p>As\u00ed posibilita el desfinanciamiento de los fondos de cooperaci\u00f3n del sistema de leyes y convenios con consecuencias tremendas, pues, a trav\u00e9s de estos, cobran alrededor de tres mil compa\u00f1eros, indic\u00f3.<\/p>\n\n\n\n<p>\u201cTambi\u00e9n se pone en juego gran parte del monto salarial del personal de planta permanente y en algunos casos transitorios. El complemento que perciben es reconocido por la Corte Suprema y pretenden dejar de pagarlo. Como representaci\u00f3n sindical, mantendremos el estado de asamblea permanente\u201d, a\u00f1adi\u00f3.<\/p>\n\n\n\n<p>ATE Capital critic\u00f3 un plan de retiro ejecutado en octubre y noviembre, mecanismo que consider\u00f3 una forma de despidos encubiertos y de licuaci\u00f3n de las indemnizaciones.<\/p>\n\n\n\n<p>Todo esto resultar\u00e1 en el desmantelamiento del organismo. El Ministerio tiene, entre otras tareas, garantizar el acceso a la justicia, la promoci\u00f3n y protecci\u00f3n de los derechos humanos y los tr\u00e1mites registrales, se\u00f1ala un mensaje de esa organizaci\u00f3n.<\/p>\n\n\n\n<p>rc\/gas<\/p>\n\n\n\n<ul class=\"wp-block-list\">\n<li>#<a href=\"https:\/\/www.prensa-latina.cu\/etiqueta\/argentina\/\">argentina<\/a>\u00a0#<a href=\"https:\/\/www.prensa-latina.cu\/etiqueta\/protesta\/\">protesta<\/a>\u00a0#<a href=\"https:\/\/www.prensa-latina.cu\/etiqueta\/trabajadores\/\">trabajadores<\/a><\/li>\n<\/ul>\n","protected":false},"excerpt":{"rendered":"<p>Buenos Aires, 19 dic (Prensa Latina) Los afiliados a la Asociaci\u00f3n Trabajadores del Estado (ATE) en esta capital se movilizar\u00e1n hoy frente al Ministerio de Justicia de Argentina para denunciar el despido de m\u00e1s de dos mil personas. Seg\u00fan un comunicado de esa organizaci\u00f3n, la manifestaci\u00f3n comenzar\u00e1 a las 11:00, hora local, y los participantes [&hellip;]<\/p>\n","protected":false},"author":28,"featured_media":584218,"comment_status":"closed","ping_status":"closed","sticky":true,"template":"","format":"standard","meta":{"footnotes":""},"categories":[23],"tags":[],"class_list":["post-584217","post","type-post","status-publish","format-standard","has-post-thumbnail","hentry","category-internacional"],"_links":{"self":[{"href":"https:\/\/diariodominicano.com\/index.php?rest_route=\/wp\/v2\/posts\/584217","targetHints":{"allow":["GET"]}}],"collection":[{"href":"https:\/\/diariodominicano.com\/index.php?rest_route=\/wp\/v2\/posts"}],"about":[{"href":"https:\/\/diariodominicano.com\/index.php?rest_route=\/wp\/v2\/types\/post"}],"author":[{"embeddable":true,"href":"https:\/\/diariodominicano.com\/index.php?rest_route=\/wp\/v2\/users\/28"}],"replies":[{"embeddable":true,"href":"https:\/\/diariodominicano.com\/index.php?rest_route=%2Fwp%2Fv2%2Fcomments&post=584217"}],"version-history":[{"count":1,"href":"https:\/\/diariodominicano.com\/index.php?rest_route=\/wp\/v2\/posts\/584217\/revisions"}],"predecessor-version":[{"id":584219,"href":"https:\/\/diariodominicano.com\/index.php?rest_route=\/wp\/v2\/posts\/584217\/revisions\/584219"}],"wp:featuredmedia":[{"embeddable":true,"href":"https:\/\/diariodominicano.com\/index.php?rest_route=\/wp\/v2\/media\/584218"}],"wp:attachment":[{"href":"https:\/\/diariodominicano.com\/index.php?rest_route=%2Fwp%2Fv2%2Fmedia&parent=584217"}],"wp:term":[{"taxonomy":"category","embeddable":true,"href":"https:\/\/diariodominicano.com\/index.php?rest_route=%2Fwp%2Fv2%2Fcategories&post=584217"},{"taxonomy":"post_tag","embeddable":true,"href":"https:\/\/diariodominicano.com\/index.php?rest_route=%2Fwp%2Fv2%2Ftags&post=584217"}],"curies":[{"name":"wp","href":"https:\/\/api.w.org\/{rel}","templated":true}]}}