{"id":584209,"date":"2024-12-19T02:50:53","date_gmt":"2024-12-19T06:50:53","guid":{"rendered":"https:\/\/diariodominicano.com\/?p=584209"},"modified":"2024-12-19T11:30:29","modified_gmt":"2024-12-19T15:30:29","slug":"presidente-abinader-recibe-cartas-credenciales-de-siete-nuevos-embajadores-3","status":"publish","type":"post","link":"https:\/\/diariodominicano.com\/?p=584209","title":{"rendered":"El Presidente Luis Abinader recibi\u00f3 las cartas credenciales de 7 nuevos embajadores"},"content":{"rendered":"\n<p>18 de Diciembre 2024 | 13:46<\/p>\n\n\n\n<figure class=\"wp-block-image\"><img decoding=\"async\" src=\"https:\/\/platform-cdn.sharethis.com\/img\/sharethis.svg\" alt=\"sharethis sharing button\"\/><\/figure>\n\n\n\n<p>Santo Domingo, RD.-&nbsp;<strong>El presidente Luis Abinader<\/strong>&nbsp;recibi\u00f3 el  mi\u00e9rcoles las cartas credenciales de&nbsp;<strong>siete nuevos embajadores<\/strong>&nbsp;acreditados en Rep\u00fablica Dominicana. Son los representantes de<strong>&nbsp;Jap\u00f3n, Reino Unido de Gran Breta\u00f1a e Irlanda del Norte, Rep\u00fablica de Panam\u00e1, Rep\u00fablica Isl\u00e1mica de Ir\u00e1n, Rep\u00fablica Hel\u00e9nica (Grecia), Estado Plurinacional de Bolivia y Rep\u00fablica \u00c1rabe de Egipto<\/strong>, en una ceremonia solemne realizada en el Palacio Nacional.<\/p>\n\n\n\n<p>El presidente Abinader junto con la&nbsp;<strong>vicepresidenta Raquel Pe\u00f1a<\/strong>&nbsp;y el ministro de Relaciones Exteriores,&nbsp;<strong>Roberto \u00c1lvarez<\/strong>, recibi\u00f3 en el&nbsp;<strong>Sal\u00f3n de Embajadores<\/strong>&nbsp;a los diplom\u00e1ticos que presentaron sus credenciales ante el&nbsp;<strong>Estado dominicano.<\/strong><\/p>\n\n\n\n<p>El primero en presentar sus cartas credenciales fue&nbsp;<strong>Osamu Hayakawa<\/strong>, de Jap\u00f3n, quien ingres\u00f3 al Ministerio de Relaciones Exteriores en&nbsp;<strong>abril de 1987<\/strong>, fue primer secretario de la&nbsp;<strong>Misi\u00f3n del Jap\u00f3n ante la Uni\u00f3n Europea<\/strong>; director de la Divisi\u00f3n de Organismos Especializados; Oficina de&nbsp;<strong>Cooperaci\u00f3n Internacional;&nbsp;<\/strong>consejero de la Secretar\u00eda del Gabinete y director de la&nbsp;<strong>Divisi\u00f3n de Asuntos Extranjeros<\/strong>&nbsp;de la Oficina de Asuntos Consulares.<\/p>\n\n\n\n<figure class=\"wp-block-image\"><img decoding=\"async\" src=\"https:\/\/presidencia.gob.do\/sites\/default\/files\/inline-images\/1e5cbacf-55d3-44f6-9786-9e2b22d9b5bd.jpeg\" alt=\"\"\/><\/figure>\n\n\n\n<p>Acto seguido, se present\u00f3,&nbsp;<strong>Carol Ann van der Walt<\/strong>, de Reino Unido de Gran Breta\u00f1a e Irlanda del Norte, quien fue subdirectora del Departamento Am\u00e9rica Latina, del&nbsp;<strong>Ministerio de Asuntos Exteriores<\/strong>&nbsp;y de la Mancomunidad de Naciones; jefa del equipo de&nbsp;<strong>Dependencias de la Corona y Territorios de Ultramar<\/strong>; de Misi\u00f3n Oslo; del equipo de Pol\u00edtica Estrat\u00e9gica de la UE, Departamento de la Uni\u00f3n Europea (Futuro de Europa), y en Bruselas, fue segunda secretaria de&nbsp;<strong>Representaci\u00f3n Permanente<\/strong>&nbsp;del Reino Unido ante la UE.<\/p>\n\n\n\n<p>Posteriormente, present\u00f3 sus cartas credenciales&nbsp;<strong>Yira Elena Ramonet Garc\u00eda<\/strong>, de la Rep\u00fablica de Panam\u00e1, quien ha trabajado en el desarrollo, ejecuci\u00f3n y an\u00e1lisis de estudios cualitativos y consultor\u00edas en Recursos Humanos en&nbsp;<strong>Enf\u00f3cate Panam\u00e1<\/strong>; fue directora de Investigaci\u00f3n Cualitativa CCA en The Marketin Group; en&nbsp;<strong>Ipsos Panam\u00e1<\/strong>&nbsp;fue gerente de Investigaci\u00f3n Cualitativa.&nbsp;<\/p>\n\n\n\n<p>Por la Rep\u00fablica Isl\u00e1mica de Ir\u00e1n, se present\u00f3&nbsp;<strong>Seyed Mohammad Hadi Sobhani,<\/strong>&nbsp;que tiene un m\u00e1ster en&nbsp;<strong>Relaciones Pol\u00edticas y de Relaciones<\/strong>&nbsp;Internaciones del Ministerio de Asuntos Exteriores.&nbsp; Cuenta con experiencia profesional como especialista de la segunda oficina para&nbsp;<strong>Asia del Este y Ocean\u00eda<\/strong>; fue especialista econ\u00f3mico y segundo secretario de la Embajada de la Rep\u00fablica Isl\u00e1mica de Pek\u00edn,&nbsp;<strong>China<\/strong>.&nbsp;&nbsp;<\/p>\n\n\n\n<figure class=\"wp-block-image\"><img decoding=\"async\" src=\"https:\/\/presidencia.gob.do\/sites\/default\/files\/inline-images\/063f28aa-0c08-4de8-bffe-6d2dac0e6f29.jpeg\" alt=\"\"\/><\/figure>\n\n\n\n<p>El nuevo representante de la Rep\u00fablica Hel\u00e9nica ser\u00e1&nbsp;<strong>Theodore N. Tsakiris<\/strong>, ha sido c\u00f3nsul de Grecia<strong>&nbsp;en Perth, Australia;<\/strong>&nbsp;consejero de la embajada de Grecia<strong>&nbsp;en M\u00e9xico<\/strong>. Tambi\u00e9n, fue c\u00f3nsul general de Grecia en&nbsp;<strong>Leipzig, Alemania<\/strong>&nbsp;y representante plenipotenciario de Grecia ante la&nbsp;<strong>Comunidad del Caribe<\/strong>&nbsp;(<strong>Caricom)<\/strong>&nbsp;y el Sistema de Integraci\u00f3n Centroamericana&nbsp;<strong>(SICA).<\/strong><\/p>\n\n\n\n<p>El Estado Plurinacional de Bolivia estar\u00e1 representado por&nbsp;<strong>Yeshika Rosario Crespo Vel\u00e1squez<\/strong>, quien se ha desempe\u00f1ado como jefa de la Unidad de&nbsp;<strong>Transparencia y Lucha Contra la Corrupci\u00f3n<\/strong>&nbsp;en el Ministerio de Econom\u00eda y Finanzas P\u00fablicas; coordinadora de la Direcci\u00f3n Ejecutiva de&nbsp;<strong>Insumos Bolivia<\/strong>; asesora de Gabinete de los ministerios de Planificaci\u00f3n, de Desarrollo Productivo y Econom\u00eda Plural, y de Desarrollo Rural, Agropecuario y Medio Ambiente.<\/p>\n\n\n\n<p>Adem\u00e1s, present\u00f3 sus cartas credenciales&nbsp;<strong>Sherif Reda Ahmed Shehata<\/strong>&nbsp;por la Rep\u00fablica \u00c1rabe de Egipto, que actualmente es&nbsp;<strong>ministro plenipotenciario<\/strong>, director adjunto del Departamento de Seguridad, Ministerio de Asuntos Exteriores de Egipto. Asimismo, labor\u00f3 como ministro plenipotenciario, jefe adjunto de misi\u00f3n, de la Embajada de Egipto&nbsp;<strong>en Chipre<\/strong>, consejero, jefe adjunto de misi\u00f3n, embajada de Egipto&nbsp;<strong>en Ucrania<\/strong>, primer secretario, embajada de Egipto en la&nbsp;<strong>Rep\u00fablica Eslovaca.<\/strong><\/p>\n\n\n\n<p><strong>El presidente Abinader<\/strong>&nbsp;convers\u00f3 con cada uno de los&nbsp;<strong>nuevos embajadores<\/strong>&nbsp;que inician sus&nbsp;<strong>funciones diplom\u00e1ticas<\/strong>&nbsp;en la Rep\u00fablica Dominicana.<\/p>\n\n\n\n<p>En acto previo al inicio de la entrega de las cartas credenciales, la banda de m\u00fasica del&nbsp;<strong>Primer Regimiento Dominicano Guardia Presidencial<\/strong>&nbsp;interpret\u00f3 las notas del himno nacional dominicano y, al finalizar, fueron entonados los himnos nacionales de cada pa\u00eds representado por los&nbsp;<strong>embajadores acreditados ante el Gobierno dominicano.<\/strong><\/p>\n\n\n\n<p>Con informaci\u00f3n de la Presidencia de la Rep\u00fablica Dominicana.<\/p>\n\n\n\n<p>#Abinader\u2003\u2003\u2003\u2003\u2003\u2002#siete embajadores\u2003\u2002#Presidente Luis Abinader <\/p>\n","protected":false},"excerpt":{"rendered":"<p>18 de Diciembre 2024 | 13:46 Santo Domingo, RD.-&nbsp;El presidente Luis Abinader&nbsp;recibi\u00f3 el mi\u00e9rcoles las cartas credenciales de&nbsp;siete nuevos embajadores&nbsp;acreditados en Rep\u00fablica Dominicana. Son los representantes de&nbsp;Jap\u00f3n, Reino Unido de Gran Breta\u00f1a e Irlanda del Norte, Rep\u00fablica de Panam\u00e1, Rep\u00fablica Isl\u00e1mica de Ir\u00e1n, Rep\u00fablica Hel\u00e9nica (Grecia), Estado Plurinacional de Bolivia y Rep\u00fablica \u00c1rabe de Egipto, [&hellip;]<\/p>\n","protected":false},"author":28,"featured_media":584210,"comment_status":"closed","ping_status":"closed","sticky":true,"template":"","format":"standard","meta":{"footnotes":""},"categories":[36,20,27],"tags":[],"class_list":["post-584209","post","type-post","status-publish","format-standard","has-post-thumbnail","hentry","category-hombresmujeresycosas","category-dominicana-hoy","category-portada"],"_links":{"self":[{"href":"https:\/\/diariodominicano.com\/index.php?rest_route=\/wp\/v2\/posts\/584209","targetHints":{"allow":["GET"]}}],"collection":[{"href":"https:\/\/diariodominicano.com\/index.php?rest_route=\/wp\/v2\/posts"}],"about":[{"href":"https:\/\/diariodominicano.com\/index.php?rest_route=\/wp\/v2\/types\/post"}],"author":[{"embeddable":true,"href":"https:\/\/diariodominicano.com\/index.php?rest_route=\/wp\/v2\/users\/28"}],"replies":[{"embeddable":true,"href":"https:\/\/diariodominicano.com\/index.php?rest_route=%2Fwp%2Fv2%2Fcomments&post=584209"}],"version-history":[{"count":5,"href":"https:\/\/diariodominicano.com\/index.php?rest_route=\/wp\/v2\/posts\/584209\/revisions"}],"predecessor-version":[{"id":584251,"href":"https:\/\/diariodominicano.com\/index.php?rest_route=\/wp\/v2\/posts\/584209\/revisions\/584251"}],"wp:featuredmedia":[{"embeddable":true,"href":"https:\/\/diariodominicano.com\/index.php?rest_route=\/wp\/v2\/media\/584210"}],"wp:attachment":[{"href":"https:\/\/diariodominicano.com\/index.php?rest_route=%2Fwp%2Fv2%2Fmedia&parent=584209"}],"wp:term":[{"taxonomy":"category","embeddable":true,"href":"https:\/\/diariodominicano.com\/index.php?rest_route=%2Fwp%2Fv2%2Fcategories&post=584209"},{"taxonomy":"post_tag","embeddable":true,"href":"https:\/\/diariodominicano.com\/index.php?rest_route=%2Fwp%2Fv2%2Ftags&post=584209"}],"curies":[{"name":"wp","href":"https:\/\/api.w.org\/{rel}","templated":true}]}}