{"id":584193,"date":"2024-12-19T02:31:35","date_gmt":"2024-12-19T06:31:35","guid":{"rendered":"https:\/\/diariodominicano.com\/?p=584193"},"modified":"2024-12-19T02:31:37","modified_gmt":"2024-12-19T06:31:37","slug":"fedojudo-celebrara-torneo-nacional-infantil-escolar-el-viernes","status":"publish","type":"post","link":"https:\/\/diariodominicano.com\/?p=584193","title":{"rendered":"Fedojudo celebrar\u00e1 torneo nacional infantil escolar el viernes"},"content":{"rendered":"\n<p>Licenciado Gilberto Garc\u00eda, presidente de la Fedojudo.<\/p>\n\n\n\n<p><strong>SANTO DOMINGO<\/strong>, RD. La Federaci\u00f3n Dominicana de Judo (Fedojudo) dar\u00e1 inicio este viernes al Campeonato Nacional Infantil Escolar de Judo en la Casa Nacional de esa disciplina en el Centro Ol\u00edmpico.<\/p>\n\n\n\n<p>El certamen cuenta con el apoyo del Ministerio de Deportes, que preside el ingeniero Kelvin Cruz, y el Instituto Nacional de Educaci\u00f3n F\u00edsica (INEFI), que encabeza Alberto Rodr\u00edguez.<\/p>\n\n\n\n<p>Para este jueves se llevar\u00e1 a cabo el congresillo t\u00e9cnico y el pesaje, mientras que las competencias comenzar\u00e1n el viernes, desde las 9:00 de la ma\u00f1ana, y a las 11:00 ser\u00e1 la ceremonia de inauguraci\u00f3n.<\/p>\n\n\n\n<p>La informaci\u00f3n la dio a conocer el licenciado Gilberto Garc\u00eda, titular de la Fedojudo, quien se\u00f1al\u00f3 que en el torneo tomar\u00e1n parte atletas de las edades U-13 y U-15 tanto en masculino como en femenino.<\/p>\n\n\n\n<p>\u201cEl objetivo de este Campeonato Nacional Infantil Escolar de Judo es trabajar la base y el desarrollo\u201d, agreg\u00f3 Garc\u00eda.<\/p>\n\n\n\n<p>El dirigente deportivo indic\u00f3 que, los dos mejores atletas de cada regi\u00f3n y que al final se definir\u00e1n los campeones nacionales de ambas categor\u00edas.<\/p>\n\n\n\n<p>Garc\u00eda dijo que el encuentro deportivo reunir\u00e1 a un total de 220 atletas provenientes de diferentes centros educativos, previamente seleccionados, de las regiones Norte, Sur, Este y Zona Metropolitana.<\/p>\n\n\n\n<p>El Campeonato Nacional Infantil Escolar de Judo reunir\u00e1 a los atletas escolares de judo que resultaron ganadores de las eliminatorias celebradas en las distintas regiones durante el a\u00f1o.<\/p>\n\n\n\n<p>Jesus Leonardo Reyes<\/p>\n\n\n\n<p>Jesus Leonardo Reyes (De tus contactos de Google)<\/p>\n\n\n\n<p><a target=\"_blank\" href=\"mailto:jesusleonardoreyes562@gmail.com\" rel=\"noreferrer noopener\">jesusleonardoreyes562@gmail.com<\/a><\/p>\n\n\n\n<p><\/p>\n","protected":false},"excerpt":{"rendered":"<p>Licenciado Gilberto Garc\u00eda, presidente de la Fedojudo. SANTO DOMINGO, RD. La Federaci\u00f3n Dominicana de Judo (Fedojudo) dar\u00e1 inicio este viernes al Campeonato Nacional Infantil Escolar de Judo en la Casa Nacional de esa disciplina en el Centro Ol\u00edmpico. El certamen cuenta con el apoyo del Ministerio de Deportes, que preside el ingeniero Kelvin Cruz, y [&hellip;]<\/p>\n","protected":false},"author":28,"featured_media":584194,"comment_status":"closed","ping_status":"closed","sticky":false,"template":"","format":"standard","meta":{"footnotes":""},"categories":[17],"tags":[],"class_list":["post-584193","post","type-post","status-publish","format-standard","has-post-thumbnail","hentry","category-deportes"],"_links":{"self":[{"href":"https:\/\/diariodominicano.com\/index.php?rest_route=\/wp\/v2\/posts\/584193","targetHints":{"allow":["GET"]}}],"collection":[{"href":"https:\/\/diariodominicano.com\/index.php?rest_route=\/wp\/v2\/posts"}],"about":[{"href":"https:\/\/diariodominicano.com\/index.php?rest_route=\/wp\/v2\/types\/post"}],"author":[{"embeddable":true,"href":"https:\/\/diariodominicano.com\/index.php?rest_route=\/wp\/v2\/users\/28"}],"replies":[{"embeddable":true,"href":"https:\/\/diariodominicano.com\/index.php?rest_route=%2Fwp%2Fv2%2Fcomments&post=584193"}],"version-history":[{"count":1,"href":"https:\/\/diariodominicano.com\/index.php?rest_route=\/wp\/v2\/posts\/584193\/revisions"}],"predecessor-version":[{"id":584195,"href":"https:\/\/diariodominicano.com\/index.php?rest_route=\/wp\/v2\/posts\/584193\/revisions\/584195"}],"wp:featuredmedia":[{"embeddable":true,"href":"https:\/\/diariodominicano.com\/index.php?rest_route=\/wp\/v2\/media\/584194"}],"wp:attachment":[{"href":"https:\/\/diariodominicano.com\/index.php?rest_route=%2Fwp%2Fv2%2Fmedia&parent=584193"}],"wp:term":[{"taxonomy":"category","embeddable":true,"href":"https:\/\/diariodominicano.com\/index.php?rest_route=%2Fwp%2Fv2%2Fcategories&post=584193"},{"taxonomy":"post_tag","embeddable":true,"href":"https:\/\/diariodominicano.com\/index.php?rest_route=%2Fwp%2Fv2%2Ftags&post=584193"}],"curies":[{"name":"wp","href":"https:\/\/api.w.org\/{rel}","templated":true}]}}