{"id":584188,"date":"2024-12-19T02:26:38","date_gmt":"2024-12-19T06:26:38","guid":{"rendered":"https:\/\/diariodominicano.com\/?p=584188"},"modified":"2024-12-19T02:26:54","modified_gmt":"2024-12-19T06:26:54","slug":"eeuu-registra-primera-persona-con-gripe-aviar-grave","status":"publish","type":"post","link":"https:\/\/diariodominicano.com\/?p=584188","title":{"rendered":"EEUU registra primera persona con gripe aviar grave"},"content":{"rendered":"\n<p>ARCHIVO &#8211; Foto de microscopio difundida por el Instituto Nacional de Alergias y Enfermedades Infecciosas de Estados Unidos el 26 de marzo del 2024, que muestra part\u00edculas de la gripe aviar.<\/p>\n\n\n\n<p>diciembre 18, 2024<\/p>\n\n\n\n<ul class=\"wp-block-list\">\n<li><a href=\"https:\/\/www.vozdeamerica.com\/author\/associated-press\/v_kyr\">Associated Press<\/a><\/li>\n<\/ul>\n\n\n\n<ul class=\"wp-block-list\">\n<li><a href=\"https:\/\/facebook.com\/sharer.php?u=https%3a%2f%2fwww.vozdeamerica.com%2fa%2feeuu-registra-primera-persona-con-gripe-aviar-grave%2f7906025.html\" target=\"_blank\" rel=\"noreferrer noopener\"><\/a><\/li>\n\n\n\n<li><a href=\"https:\/\/twitter.com\/share?url=https%3a%2f%2fwww.vozdeamerica.com%2fa%2feeuu-registra-primera-persona-con-gripe-aviar-grave%2f7906025.html&amp;text=EEUU+registra+primera+persona+con+gripe+aviar+grave\" target=\"_blank\" rel=\"noreferrer noopener\"><\/a><\/li>\n\n\n\n<li><\/li>\n\n\n\n<li><a href=\"mailto:?body=https%3a%2f%2fwww.vozdeamerica.com%2fa%2feeuu-registra-primera-persona-con-gripe-aviar-grave%2f7906025.html&amp;subject=EEUU%20registra%20primera%20persona%20con%20gripe%20aviar%20grave\"><\/a><\/li>\n<\/ul>\n\n\n\n<p><a href=\"https:\/\/www.vozdeamerica.com\/a\/eeuu-registra-primera-persona-con-gripe-aviar-grave\/7906025.html#comments\">&nbsp;Vea comentarios<\/a><\/p>\n\n\n\n<p>Una persona en Luisiana es la primera en contraer un caso grave de gripe aviar en Estados Unidos, pero a\u00fan no se han revelado sus s\u00edntomas. Estuvo en contacto con aves enfermas.<\/p>\n\n\n\n<p>NUEVA YORK \u2014&nbsp;<\/p>\n\n\n\n<p>Una persona en Luisiana es la primera en Estados Unidos en padecer una enfermedad grave causada por la gripe aviar, informaron el mi\u00e9rcoles autoridades sanitarias.<\/p>\n\n\n\n<p>El paciente hab\u00eda estado en contacto con aves enfermas o muertas en patios traseros, informaron los Centros para el Control y la Prevenci\u00f3n de Enfermedades.<\/p>\n\n\n\n<p>Funcionarios de la agencia no han revelado detalles de los s\u00edntomas que tiene la persona en Luisiana.<\/p>\n\n\n\n<p>Casos anteriores de la enfermedad en Estados Unidos han sido leves y la gran mayor\u00eda han ocurrido entre trabajadores agr\u00edcolas que tienen contacto con aves o vacas enfermas.<\/p>\n\n\n\n<p>Este a\u00f1o se han reportado m\u00e1s de 60 infecciones, m\u00e1s de la mitad en California. En dos de ellas \u2014 un adulto en Missouri y un menor de edad en California \u2014 las autoridades no han podido determinaron c\u00f3mo contrajeron la enfermedad.<\/p>\n\n\n\n<p><a href=\"https:\/\/www.vozdeamerica.com\/a\/departamento-agricultura-eeuu-ordena-pruebas-gripe-aviar-leche-nivel-nacional\/7890347.html\"><\/a><\/p>\n\n\n\n<p><a href=\"https:\/\/www.vozdeamerica.com\/a\/departamento-agricultura-eeuu-ordena-pruebas-gripe-aviar-leche-nivel-nacional\/7890347.html\">Tambi\u00e9n lea<\/a><\/p>\n\n\n\n<h4 class=\"wp-block-heading\"><a href=\"https:\/\/www.vozdeamerica.com\/a\/departamento-agricultura-eeuu-ordena-pruebas-gripe-aviar-leche-nivel-nacional\/7890347.html\">Departamento de Agricultura de EEUU ordena pruebas de gripe aviar en leche a nivel nacional<\/a><\/h4>\n\n\n\n<p>Los centros de salud confirmaron el caso de Luisiana el viernes, pero no lo anunciaron sino hasta este mi\u00e9rcoles. Es tambi\u00e9n el primer caso humano en Estados Unidos vinculado a aves en patio trasero.<\/p>\n\n\n\n<p>El paciente en Missouri tambi\u00e9n fue hospitalizado, pero por razones m\u00e1s all\u00e1 de la gripe aviar. El caso en Luisiana es distinto porque la hospitalizaci\u00f3n s\u00ed es por la gripe aviar, dijeron los centros de salud.<\/p>\n\n\n\n<p>\u00bfTuvo el paciente en Luisiana condiciones previas que lo hicieron m\u00e1s susceptible a la enfermedad? \u00bfEst\u00e1 usando un respirador artificial? Los centros de salud remitieron tales preguntas a las autoridades estatales de salud, que no han respondido.<\/p>\n\n\n\n<p>El mes pasado, las autoridades canadienses reportaron que un adolescente en Columbia Brit\u00e1nica fue hospitalizado con un caso severo de gripe aviar. Los funcionarios de los centros de salud no respondieron a la pregunta de si el caso nuevo en Estados Unidos ten\u00eda diferencias o similitudes, dirigiendo las preguntas a los funcionarios de Luisiana.<\/p>\n\n\n\n<p>Las autoridades dicen que la gripe aviar sigue siendo mayormente un problema entre animales y que el riesgo entre la poblaci\u00f3n general es bajo. No ha habido ning\u00fan caso documentado de contagio persona a persona.<\/p>\n","protected":false},"excerpt":{"rendered":"<p>ARCHIVO &#8211; Foto de microscopio difundida por el Instituto Nacional de Alergias y Enfermedades Infecciosas de Estados Unidos el 26 de marzo del 2024, que muestra part\u00edculas de la gripe aviar. diciembre 18, 2024 &nbsp;Vea comentarios Una persona en Luisiana es la primera en contraer un caso grave de gripe aviar en Estados Unidos, pero [&hellip;]<\/p>\n","protected":false},"author":28,"featured_media":584189,"comment_status":"closed","ping_status":"closed","sticky":true,"template":"","format":"standard","meta":{"footnotes":""},"categories":[23],"tags":[],"class_list":["post-584188","post","type-post","status-publish","format-standard","has-post-thumbnail","hentry","category-internacional"],"_links":{"self":[{"href":"https:\/\/diariodominicano.com\/index.php?rest_route=\/wp\/v2\/posts\/584188","targetHints":{"allow":["GET"]}}],"collection":[{"href":"https:\/\/diariodominicano.com\/index.php?rest_route=\/wp\/v2\/posts"}],"about":[{"href":"https:\/\/diariodominicano.com\/index.php?rest_route=\/wp\/v2\/types\/post"}],"author":[{"embeddable":true,"href":"https:\/\/diariodominicano.com\/index.php?rest_route=\/wp\/v2\/users\/28"}],"replies":[{"embeddable":true,"href":"https:\/\/diariodominicano.com\/index.php?rest_route=%2Fwp%2Fv2%2Fcomments&post=584188"}],"version-history":[{"count":2,"href":"https:\/\/diariodominicano.com\/index.php?rest_route=\/wp\/v2\/posts\/584188\/revisions"}],"predecessor-version":[{"id":584192,"href":"https:\/\/diariodominicano.com\/index.php?rest_route=\/wp\/v2\/posts\/584188\/revisions\/584192"}],"wp:featuredmedia":[{"embeddable":true,"href":"https:\/\/diariodominicano.com\/index.php?rest_route=\/wp\/v2\/media\/584189"}],"wp:attachment":[{"href":"https:\/\/diariodominicano.com\/index.php?rest_route=%2Fwp%2Fv2%2Fmedia&parent=584188"}],"wp:term":[{"taxonomy":"category","embeddable":true,"href":"https:\/\/diariodominicano.com\/index.php?rest_route=%2Fwp%2Fv2%2Fcategories&post=584188"},{"taxonomy":"post_tag","embeddable":true,"href":"https:\/\/diariodominicano.com\/index.php?rest_route=%2Fwp%2Fv2%2Ftags&post=584188"}],"curies":[{"name":"wp","href":"https:\/\/api.w.org\/{rel}","templated":true}]}}