{"id":584183,"date":"2024-12-19T02:23:13","date_gmt":"2024-12-19T06:23:13","guid":{"rendered":"https:\/\/diariodominicano.com\/?p=584183"},"modified":"2024-12-19T02:24:14","modified_gmt":"2024-12-19T06:24:14","slug":"america-latina-y-el-caribe-cerraran-2024-con-un-bajo-crecimiento-cepal","status":"publish","type":"post","link":"https:\/\/diariodominicano.com\/?p=584183","title":{"rendered":"Am\u00e9rica Latina y el Caribe cerrar\u00e1n 2024 con un bajo crecimiento: CEPAL"},"content":{"rendered":"\n<p>ARCHIVO &#8211; Miembros de la Comisi\u00f3n Econ\u00f3mica para Am\u00e9rica Latina y el Caribe (CEPAL) se re\u00fanen para seguir discutiendo el Acuerdo de Escaz\u00fa en Santiago, Chile, el lunes 22 de abril de 2024.<\/p>\n\n\n\n<p>diciembre 18, 2024<\/p>\n\n\n\n<ul class=\"wp-block-list\">\n<li><a href=\"https:\/\/www.vozdeamerica.com\/author\/associated-press\/v_kyr\">Associated Press<\/a><\/li>\n<\/ul>\n\n\n\n<ul class=\"wp-block-list\">\n<li><a href=\"https:\/\/facebook.com\/sharer.php?u=https%3a%2f%2fwww.vozdeamerica.com%2fa%2famerica-latina-y-el-caribe-mantendran-en-2024-un-bajo-crecimiento-dice-la-cepal%2f7906383.html\" target=\"_blank\" rel=\"noreferrer noopener\"><\/a><\/li>\n\n\n\n<li><a href=\"https:\/\/twitter.com\/share?url=https%3a%2f%2fwww.vozdeamerica.com%2fa%2famerica-latina-y-el-caribe-mantendran-en-2024-un-bajo-crecimiento-dice-la-cepal%2f7906383.html&amp;text=Am%c3%a9rica+Latina+y+el+Caribe+cerrar%c3%a1n+2024+con+un+bajo+crecimiento%3a+CEPAL\" target=\"_blank\" rel=\"noreferrer noopener\"><\/a><\/li>\n\n\n\n<li><\/li>\n\n\n\n<li><a href=\"mailto:?body=https%3a%2f%2fwww.vozdeamerica.com%2fa%2famerica-latina-y-el-caribe-mantendran-en-2024-un-bajo-crecimiento-dice-la-cepal%2f7906383.html&amp;subject=Am%C3%A9rica%20Latina%20y%20el%20Caribe%20cerrar%C3%A1n%202024%20con%20un%20bajo%20crecimiento:%20CEPAL\"><\/a><\/li>\n<\/ul>\n\n\n\n<p><a href=\"https:\/\/www.vozdeamerica.com\/a\/america-latina-y-el-caribe-mantendran-en-2024-un-bajo-crecimiento-dice-la-cepal\/7906383.html#comments\">&nbsp;Vea comentarios<\/a><\/p>\n\n\n\n<p>Un informe de la CEPAL dijo que Latinoam\u00e9rica y el Caribe cerrar\u00e1n el 2024 con un bajo crecimiento debido al bajo ritmo de creaci\u00f3n de empleo, la elevada informalidad y las significativas brechas de g\u00e9nero en los mercados laborales de la regi\u00f3n.<\/p>\n\n\n\n<p>SANTIAGO DE CHILE \u2014&nbsp;<\/p>\n\n\n\n<p>Am\u00e9rica Latina y el Caribe mantendr\u00e1n en 2024 un bajo crecimiento por los elevados niveles de informalidad, las brechas de g\u00e9nero y el bajo ritmo de creaci\u00f3n de puestos de trabajo, seg\u00fan un informe divulgado el mi\u00e9rcoles por la Comisi\u00f3n Econ\u00f3mica para Am\u00e9rica Latina y el Caribe (CEPAL).<\/p>\n\n\n\n<p>De acuerdo con el \u201cBalance Preliminar de las Econom\u00edas de Am\u00e9rica Latina y el Caribe 2024\u201d, las econom\u00edas latinoamericanas cerrar\u00e1n el a\u00f1o con un leve crecimiento del 2,2 % y una expansi\u00f3n promedio anual de s\u00f3lo un 1 % en la d\u00e9cada de 2015 a 2024, lo que ha provocado un \u201cestancamiento del PIB per c\u00e1pita durante ese per\u00edodo\u201d.<\/p>\n\n\n\n<p>Para 2025, la agencia de la ONU proyecta un repunte del 2,4 % regional, donde Am\u00e9rica del Sur crecer\u00eda un 2,6 %; Centroam\u00e9rica un 2,9 % y el Caribe, sin incluir a Guyana, avanzar\u00eda un 2,6 %.<\/p>\n\n\n\n<p>Las cifras indican que \u201cpersisten el bajo ritmo de creaci\u00f3n de empleo, la elevada informalidad y las significativas brechas de g\u00e9nero en los mercados laborales de la regi\u00f3n\u201d, indic\u00f3 la CEPAL.<\/p>\n\n\n\n<p><a href=\"https:\/\/www.vozdeamerica.com\/a\/america-latina-el-caribe-lanzan-alianza-regional-contra-crimen-organizado-\/7899439.html\"><\/a><\/p>\n\n\n\n<p><a href=\"https:\/\/www.vozdeamerica.com\/a\/america-latina-el-caribe-lanzan-alianza-regional-contra-crimen-organizado-\/7899439.html\">Tambi\u00e9n lea<\/a><\/p>\n\n\n\n<h4 class=\"wp-block-heading\"><a href=\"https:\/\/www.vozdeamerica.com\/a\/america-latina-el-caribe-lanzan-alianza-regional-contra-crimen-organizado-\/7899439.html\">Am\u00e9rica Latina y el Caribe lanzan una alianza regional contra el crimen organizado<\/a><\/h4>\n\n\n\n<p>El bajo crecimiento del PIB tambi\u00e9n influye en otros indicadores relevantes como la creaci\u00f3n de empleo, que se aceler\u00f3 s\u00f3lo un 1,7 % en 2024 \u2014el menor nivel registrado desde la crisis sanitaria, social y econ\u00f3mica desatada por la pandemia de COVID-19.<\/p>\n\n\n\n<p>En cuanto a la tasa de ocupaci\u00f3n informal de la regi\u00f3n, se prev\u00e9 que se ubique en un 46,7 %, lo que supone una ca\u00edda de 0,4 puntos porcentuales en comparaci\u00f3n con la tasa registrada en 2023.<\/p>\n\n\n\n<p>Pese a ello, los pa\u00edses de Am\u00e9rica Latina y el Caribe a\u00fan enfrentan \u201cdesaf\u00edos significativos en el sentido de formalizar el empleo\u201d, lo que subraya la necesidad de \u201cimplementar pol\u00edticas efectivas que fomenten condiciones laborales m\u00e1s seguras y estables\u201d.<\/p>\n\n\n\n<p>Para enfrentar la \u201ctrampa de baja capacidad para crecer\u201d se requiere entonces \u201caumentar la capacidad de las econom\u00edas para movilizar recursos financieros de manera efectiva a fin de fortalecer la resiliencia frente a las fluctuaciones econ\u00f3micas\u00bb, indic\u00f3 en una rueda de prensa en Santiago el secretario ejecutivo de la CEPAL, Jos\u00e9 Manuel Salazar-Xirinachs.<\/p>\n\n\n\n<p>Asimismo, es fundamental \u00abfortalecer la capacidad productiva a mediano y largo plazo, mediante la adopci\u00f3n de pol\u00edticas de desarrollo productivo orientadas a incrementar la productividad, fomentar la inversi\u00f3n en capital productivo y generar empleo de calidad\u201d, agreg\u00f3.<\/p>\n\n\n\n<p><video poster=\"https:\/\/gdb.voanews.com\/21f21b87-49a9-4bf4-adf2-a7e92e3e8291_w650_r1.png\" src=\"blob:https:\/\/www.vozdeamerica.com\/d8d0764d-bb80-4c51-9db9-ff022929c96a\" height=\"381\" width=\"676\"><\/video><\/p>\n\n\n\n<h5 class=\"wp-block-heading\"><a href=\"https:\/\/www.vozdeamerica.com\/a\/america-latina-y-el-caribe-mantendran-en-2024-un-bajo-crecimiento-dice-la-cepal\/7890191.html\" target=\"_blank\" rel=\"noreferrer noopener\">Foro: Am\u00e9rica Latina en la era Trump-Rubio<\/a><\/h5>\n\n\n\n<ul class=\"wp-block-list\">\n<li><a href=\"https:\/\/facebook.com\/sharer.php?u=https%3a%2f%2fwww.vozdeamerica.com%2fa%2f7890191.html\" target=\"_blank\" rel=\"noreferrer noopener\">Comparta en Facebook<\/a><\/li>\n\n\n\n<li><a href=\"https:\/\/twitter.com\/share?url=https%3a%2f%2fwww.vozdeamerica.com%2fa%2f7890191.html&amp;text=Foro%3a+Am%c3%a9rica+Latina+en+la+era+Trump-Rubio\" target=\"_blank\" rel=\"noreferrer noopener\">Comparta en Twitter<\/a><\/li>\n<\/ul>\n\n\n\n<hr class=\"wp-block-separator has-alpha-channel-opacity\"\/>\n\n\n\n<p><a href=\"https:\/\/www.vozdeamerica.com\/embed\/player\/Article\/7890191.html?type=video&amp;FullScreenMode=True\" target=\"_blank\" rel=\"noreferrer noopener\"><\/a><\/p>\n\n\n\n<p>&nbsp;Descargar&nbsp;<\/p>\n\n\n\n<p>En cuanto a la inflaci\u00f3n, el informe de la CEPAL indic\u00f3 que las econom\u00edas de la regi\u00f3n han mostrado una tendencia a la baja despu\u00e9s de alcanzar un m\u00e1ximo en 2022 \u2014a\u00fan impactadas por los da\u00f1os causados por la pandemia\u2014.<\/p>\n\n\n\n<p>Desde el 8,2 % registrado entonces, la mediana de la inflaci\u00f3n regional disminuy\u00f3 a un 3,7 % en diciembre de 2023 y, para este a\u00f1o, se estima que continuar\u00e1 reduci\u00e9ndose hasta llegar al 3,4 %.<\/p>\n\n\n\n<p>A fin de revertir el escenario e impulsar a las econom\u00edas regionales, la CEPAL propuso una serie de medidas fiscales, tributarias y de movilizaci\u00f3n de recursos, as\u00ed como una transformaci\u00f3n productiva y el fortalecimiento de las finanzas p\u00fablicas.<\/p>\n\n\n\n<p>Para ello, el reporte identificad\u00f3 14 sectores impulsores o transformadores claves, distribuidos entre la industria, los servicios y \u00e1reas esenciales para la sostenibilidad.<\/p>\n\n\n\n<p>En el contexto macro, enfatiz\u00f3 que \u201cla reforma de la arquitectura financiera internacional tambi\u00e9n va a desempe\u00f1ar un papel central para potenciar la capacidad de movilizaci\u00f3n de recursos en la regi\u00f3n\u201d, lo que exigir\u00e1 una mayor coordinaci\u00f3n regional para incidir en reformas globales que faciliten el acceso a recursos para el desarrollo.<\/p>\n","protected":false},"excerpt":{"rendered":"<p>ARCHIVO &#8211; Miembros de la Comisi\u00f3n Econ\u00f3mica para Am\u00e9rica Latina y el Caribe (CEPAL) se re\u00fanen para seguir discutiendo el Acuerdo de Escaz\u00fa en Santiago, Chile, el lunes 22 de abril de 2024. diciembre 18, 2024 &nbsp;Vea comentarios Un informe de la CEPAL dijo que Latinoam\u00e9rica y el Caribe cerrar\u00e1n el 2024 con un bajo [&hellip;]<\/p>\n","protected":false},"author":28,"featured_media":584184,"comment_status":"closed","ping_status":"closed","sticky":true,"template":"","format":"standard","meta":{"footnotes":""},"categories":[18,23,27],"tags":[],"class_list":["post-584183","post","type-post","status-publish","format-standard","has-post-thumbnail","hentry","category-economia","category-internacional","category-portada"],"_links":{"self":[{"href":"https:\/\/diariodominicano.com\/index.php?rest_route=\/wp\/v2\/posts\/584183","targetHints":{"allow":["GET"]}}],"collection":[{"href":"https:\/\/diariodominicano.com\/index.php?rest_route=\/wp\/v2\/posts"}],"about":[{"href":"https:\/\/diariodominicano.com\/index.php?rest_route=\/wp\/v2\/types\/post"}],"author":[{"embeddable":true,"href":"https:\/\/diariodominicano.com\/index.php?rest_route=\/wp\/v2\/users\/28"}],"replies":[{"embeddable":true,"href":"https:\/\/diariodominicano.com\/index.php?rest_route=%2Fwp%2Fv2%2Fcomments&post=584183"}],"version-history":[{"count":2,"href":"https:\/\/diariodominicano.com\/index.php?rest_route=\/wp\/v2\/posts\/584183\/revisions"}],"predecessor-version":[{"id":584187,"href":"https:\/\/diariodominicano.com\/index.php?rest_route=\/wp\/v2\/posts\/584183\/revisions\/584187"}],"wp:featuredmedia":[{"embeddable":true,"href":"https:\/\/diariodominicano.com\/index.php?rest_route=\/wp\/v2\/media\/584184"}],"wp:attachment":[{"href":"https:\/\/diariodominicano.com\/index.php?rest_route=%2Fwp%2Fv2%2Fmedia&parent=584183"}],"wp:term":[{"taxonomy":"category","embeddable":true,"href":"https:\/\/diariodominicano.com\/index.php?rest_route=%2Fwp%2Fv2%2Fcategories&post=584183"},{"taxonomy":"post_tag","embeddable":true,"href":"https:\/\/diariodominicano.com\/index.php?rest_route=%2Fwp%2Fv2%2Ftags&post=584183"}],"curies":[{"name":"wp","href":"https:\/\/api.w.org\/{rel}","templated":true}]}}