{"id":584179,"date":"2024-12-19T02:19:45","date_gmt":"2024-12-19T06:19:45","guid":{"rendered":"https:\/\/diariodominicano.com\/?p=584179"},"modified":"2024-12-19T02:20:17","modified_gmt":"2024-12-19T06:20:17","slug":"fmi-y-el-salvador-logran-acuerdo-de-financiamiento-a-cambio-de-reducir-el-uso-de-bitcoin","status":"publish","type":"post","link":"https:\/\/diariodominicano.com\/?p=584179","title":{"rendered":"FMI y El Salvador logran acuerdo de financiamiento a cambio de reducir el uso de bitcoin"},"content":{"rendered":"\n<p>ARCHIVO &#8211; Una persona sostiene carteles de Bitcoin en una protesta contra la reelecci\u00f3n del presidente de El Salvador, Nayib Bukele. En San Salvador, el 15 de septiembre de 2023.<\/p>\n\n\n\n<p>diciembre 18, 2024<\/p>\n\n\n\n<ul class=\"wp-block-list\">\n<li><a href=\"https:\/\/www.vozdeamerica.com\/author\/karla-arevalo\/qbuyv\">Karla Ar\u00e9valo<\/a><\/li>\n<\/ul>\n\n\n\n<ul class=\"wp-block-list\">\n<li><a href=\"https:\/\/facebook.com\/sharer.php?u=https%3a%2f%2fwww.vozdeamerica.com%2fa%2ffmi-y-el-salvador-logran-acuerdo-de-financiamiento-a-cambio-de-reducir-el-uso-de-bitcoin-%2f7906337.html\" target=\"_blank\" rel=\"noreferrer noopener\"><\/a><\/li>\n\n\n\n<li><a href=\"https:\/\/twitter.com\/share?url=https%3a%2f%2fwww.vozdeamerica.com%2fa%2ffmi-y-el-salvador-logran-acuerdo-de-financiamiento-a-cambio-de-reducir-el-uso-de-bitcoin-%2f7906337.html&amp;text=FMI+y+El+Salvador+logran+acuerdo+de+financiamiento+a+cambio+de+reducir+el+uso+de+bitcoin+\" target=\"_blank\" rel=\"noreferrer noopener\"><\/a><\/li>\n\n\n\n<li><\/li>\n\n\n\n<li><a href=\"mailto:?body=https%3a%2f%2fwww.vozdeamerica.com%2fa%2ffmi-y-el-salvador-logran-acuerdo-de-financiamiento-a-cambio-de-reducir-el-uso-de-bitcoin-%2f7906337.html&amp;subject=FMI%20y%20El%20Salvador%20logran%20acuerdo%20de%20financiamiento%20a%20cambio%20de%20reducir%20el%20uso%20de%20bitcoin\"><\/a><\/li>\n<\/ul>\n\n\n\n<p><a href=\"https:\/\/www.vozdeamerica.com\/a\/fmi-y-el-salvador-logran-acuerdo-de-financiamiento-a-cambio-de-reducir-el-uso-de-bitcoin-\/7906337.html#comments\">&nbsp;Vea comentarios<\/a><\/p>\n\n\n\n<p>Un ansiado acuerdo entre el FMI y El Salvador fue concretado tras m\u00e1s de tres a\u00f1os de negociaciones. El FMI aprob\u00f3 un programa multimillonario de financiamiento a cambio de reducir el uso del bitcoin.<\/p>\n\n\n\n<p>SAN SALVADOR \u2014&nbsp;<\/p>\n\n\n\n<p>Tras m\u00e1s de tres a\u00f1os de negociaciones, el Fondo Monetario Internacional (FMI) y el gobierno de El Salvador llegaron a un&nbsp;<em><strong><a href=\"https:\/\/www.imf.org\/es\/News\/Articles\/2024\/12\/18\/pr-24485-el-salvador-imf-reaches-staff-level-agreement-on-an-eff-arrangement\" target=\"_blank\" rel=\"noreferrer noopener\">acuerdo de financiamiento por 1.400 millones<\/a><\/strong><\/em>&nbsp;de d\u00f3lares.<\/p>\n\n\n\n<p>El programa, que durar\u00e1 40 meses, tiene el prop\u00f3sito de \u201cfortalecer la estabilidad fiscal y externa. As\u00ed como ayudar a crear las condiciones para un crecimiento m\u00e1s fuerte e inclusivo\u201d.<\/p>\n\n\n\n<p>A cambio, ambas partes acordaron mitigar \u201clos riesgos relacionados con el bitcoin\u201d, una criptomoneda que en 2021&nbsp;<em><strong><a href=\"https:\/\/www.vozdeamerica.com\/a\/el-bitcoin-supera-los-42mil-dolares-por-primera-vez-desde-abril-de-2022\/7383332.html\" target=\"_blank\" rel=\"noreferrer noopener\">adopt\u00f3 un car\u00e1cter legal junto al d\u00f3lar<\/a><\/strong><\/em>, haciendo su uso obligatorio en El Salvador.<\/p>\n\n\n\n<p>\u201cLa aceptaci\u00f3n de Bitcoin por el sector privado ser\u00e1 voluntaria y la participaci\u00f3n del sector p\u00fablico en actividades relacionadas con el bitcoin ser\u00e1 delimitada\u201d, asegur\u00f3 el FMI en un&nbsp;<em><strong><a href=\"https:\/\/www.imf.org\/es\/News\/Articles\/2024\/12\/18\/pr-24485-el-salvador-imf-reaches-staff-level-agreement-on-an-eff-arrangement\" target=\"_blank\" rel=\"noreferrer noopener\">comunicado<\/a><\/strong><\/em>.<\/p>\n\n\n\n<p><a href=\"https:\/\/www.vozdeamerica.com\/a\/cambios-playa-el-zonte-en-el-salvador-a-cinco-anos-de-haberse-convertido-en-la-bitcoin-beach\/7905375.html\"><\/a><\/p>\n\n\n\n<p><a href=\"https:\/\/www.vozdeamerica.com\/a\/cambios-playa-el-zonte-en-el-salvador-a-cinco-anos-de-haberse-convertido-en-la-bitcoin-beach\/7905375.html\">Tambi\u00e9n lea<\/a><\/p>\n\n\n\n<h4 class=\"wp-block-heading\"><a href=\"https:\/\/www.vozdeamerica.com\/a\/cambios-playa-el-zonte-en-el-salvador-a-cinco-anos-de-haberse-convertido-en-la-bitcoin-beach\/7905375.html\">\u00bfC\u00f3mo ha cambiado la playa salvadore\u00f1a El Zonte a cinco a\u00f1os de convertirse en la Bitcoin Beach?<\/a><\/h4>\n\n\n\n<p>Esto significa que El Salvador deber\u00e1 adoptar reformas legales para cumplirlo, pues la&nbsp;<em><strong><a href=\"https:\/\/www.jurisprudencia.gob.sv\/DocumentosBoveda\/D\/2\/2020-2029\/2021\/06\/E75F3.PDF\" target=\"_blank\" rel=\"noreferrer noopener\">Ley Bitcoin,<\/a><\/strong><\/em>&nbsp;aprobada en septiembre de 2021, establece que ciudadanos, empresas e instituciones deber\u00e1n adoptar obligatoriamente la criptomoneda como forma de pago.<\/p>\n\n\n\n<p>Adem\u00e1s, en el sector p\u00fablico, la participaci\u00f3n en actividades econ\u00f3micas relacionadas con el bitcoin y las transacciones y compras de bitcoines estar\u00e1n delimitadas, se\u00f1ala el acuerdo.<\/p>\n\n\n\n<p>\u201cLos impuestos podr\u00e1n ser pagados s\u00f3lo en d\u00f3lares y la participaci\u00f3n del gobierno en la billetera cripto (Chivo) se ir\u00e1 reduciendo gradualmente\u201d.<\/p>\n\n\n\n<p>El FMI ha sido uno de los actores internacionales m\u00e1s cr\u00edticos con la adopci\u00f3n de bitcoin como moneda de curso legal en El Salvador, una medida impulsada por el presidente Nayib Bukele en su primer mandato.<\/p>\n\n\n\n<p>Al inicio, el gobierno rechaz\u00f3 varias de las recomendaciones se\u00f1aladas por el ente internacional, argumentando que el bitcoin modernizar\u00eda la econom\u00eda salvadore\u00f1a y ayudar\u00eda a mejorar la inclusi\u00f3n financiera, especialmente en \u00e1reas rurales.<\/p>\n\n\n\n<p><a href=\"https:\/\/www.vozdeamerica.com\/a\/bukele-celebra-alza-bitcoin-\/7888821.html\"><\/a><\/p>\n\n\n\n<p><a href=\"https:\/\/www.vozdeamerica.com\/a\/bukele-celebra-alza-bitcoin-\/7888821.html\">Tambi\u00e9n lea<\/a><\/p>\n\n\n\n<h4 class=\"wp-block-heading\"><a href=\"https:\/\/www.vozdeamerica.com\/a\/bukele-celebra-alza-bitcoin-\/7888821.html\">Bukele celebra alza del bitcoin y asegura que reservas de El Salvador valen m\u00e1s del doble<\/a><\/h4>\n\n\n\n<p>Hoy, el acuerdo de reducir su uso en el pa\u00eds centroamericano llega cuando la criptomoneda alcanza su valor m\u00e1s alto desde que se cre\u00f3 en 2009, superando los 106.000 d\u00f3lares.<\/p>\n\n\n\n<p>Otras de las medidas fiscales que se espera que ocurran en 2025 est\u00e1n la reducci\u00f3n de la masa salarial en el sector p\u00fablico, el gasto en bienes y servicios y las transferencias a los municipios.<\/p>\n\n\n\n<p>Asimismo, el FMI espera mayor eficiencia en la funci\u00f3n p\u00fablica, en la viabilidad del sistema de pensiones y una reducci\u00f3n en los costos de endeudamiento.<\/p>\n\n\n\n<p>El Salvador tiene la deuda p\u00fablica m\u00e1s alta de Centroam\u00e9rica, con el 85 % de su Producto Interno Bruto (PIB) comprometido y con limitadas opciones de financiamiento.<\/p>\n\n\n\n<p>Desde 2021, las autoridades han estado negociando este programa con el FMI para abordar estos desaf\u00edos fiscales.<\/p>\n\n\n\n<p>Bukele reaccion\u00f3 al comunicado del FMI con un&nbsp;<em><strong><a href=\"https:\/\/x.com\/nayibbukele\/status\/1869486536338878607\" target=\"_blank\" rel=\"noreferrer noopener\">emoji de beso<\/a><\/strong><\/em>, sin dar mayores detalles.<\/p>\n","protected":false},"excerpt":{"rendered":"<p>ARCHIVO &#8211; Una persona sostiene carteles de Bitcoin en una protesta contra la reelecci\u00f3n del presidente de El Salvador, Nayib Bukele. En San Salvador, el 15 de septiembre de 2023. diciembre 18, 2024 &nbsp;Vea comentarios Un ansiado acuerdo entre el FMI y El Salvador fue concretado tras m\u00e1s de tres a\u00f1os de negociaciones. El FMI [&hellip;]<\/p>\n","protected":false},"author":28,"featured_media":584180,"comment_status":"closed","ping_status":"closed","sticky":true,"template":"","format":"standard","meta":{"footnotes":""},"categories":[18,23],"tags":[],"class_list":["post-584179","post","type-post","status-publish","format-standard","has-post-thumbnail","hentry","category-economia","category-internacional"],"_links":{"self":[{"href":"https:\/\/diariodominicano.com\/index.php?rest_route=\/wp\/v2\/posts\/584179","targetHints":{"allow":["GET"]}}],"collection":[{"href":"https:\/\/diariodominicano.com\/index.php?rest_route=\/wp\/v2\/posts"}],"about":[{"href":"https:\/\/diariodominicano.com\/index.php?rest_route=\/wp\/v2\/types\/post"}],"author":[{"embeddable":true,"href":"https:\/\/diariodominicano.com\/index.php?rest_route=\/wp\/v2\/users\/28"}],"replies":[{"embeddable":true,"href":"https:\/\/diariodominicano.com\/index.php?rest_route=%2Fwp%2Fv2%2Fcomments&post=584179"}],"version-history":[{"count":2,"href":"https:\/\/diariodominicano.com\/index.php?rest_route=\/wp\/v2\/posts\/584179\/revisions"}],"predecessor-version":[{"id":584182,"href":"https:\/\/diariodominicano.com\/index.php?rest_route=\/wp\/v2\/posts\/584179\/revisions\/584182"}],"wp:featuredmedia":[{"embeddable":true,"href":"https:\/\/diariodominicano.com\/index.php?rest_route=\/wp\/v2\/media\/584180"}],"wp:attachment":[{"href":"https:\/\/diariodominicano.com\/index.php?rest_route=%2Fwp%2Fv2%2Fmedia&parent=584179"}],"wp:term":[{"taxonomy":"category","embeddable":true,"href":"https:\/\/diariodominicano.com\/index.php?rest_route=%2Fwp%2Fv2%2Fcategories&post=584179"},{"taxonomy":"post_tag","embeddable":true,"href":"https:\/\/diariodominicano.com\/index.php?rest_route=%2Fwp%2Fv2%2Ftags&post=584179"}],"curies":[{"name":"wp","href":"https:\/\/api.w.org\/{rel}","templated":true}]}}