{"id":583969,"date":"2024-12-18T14:15:08","date_gmt":"2024-12-18T18:15:08","guid":{"rendered":"https:\/\/diariodominicano.com\/?p=583969"},"modified":"2024-12-18T14:15:53","modified_gmt":"2024-12-18T18:15:53","slug":"mandatarios-de-argentina-y-el-salvador-entre-los-invitados-a-la-investidura-de-trump","status":"publish","type":"post","link":"https:\/\/diariodominicano.com\/?p=583969","title":{"rendered":"Mandatarios de Argentina y El Salvador entre los invitados a la investidura de Trump"},"content":{"rendered":"\n<p>El presidente argentino Javier Milei, a la derecha, y el presidente de El Salvador, Nayib Armando Bukele, se\u00f1alan desde un balc\u00f3n durante la visita de Bukele a la casa de gobierno en Buenos Aires, Argentina, el lunes 30 de septiembre de 2024. (Foto AP\/Natacha Pisarenko)<\/p>\n\n\n\n<p>diciembre 18, 2024<\/p>\n\n\n\n<ul class=\"wp-block-list\">\n<li><a href=\"https:\/\/www.vozdeamerica.com\/author\/associated-press\/v_kyr\">Associated Press<\/a><\/li>\n<\/ul>\n\n\n\n<ul class=\"wp-block-list\">\n<li><a href=\"https:\/\/facebook.com\/sharer.php?u=https%3a%2f%2fwww.vozdeamerica.com%2fa%2fmandatarios-de-argentina-y-el-salvador-entre-los-invitados-investidura-de-trump%2f7905438.html\" target=\"_blank\" rel=\"noreferrer noopener\"><\/a><\/li>\n\n\n\n<li><a href=\"https:\/\/twitter.com\/share?url=https%3a%2f%2fwww.vozdeamerica.com%2fa%2fmandatarios-de-argentina-y-el-salvador-entre-los-invitados-investidura-de-trump%2f7905438.html&amp;text=Mandatarios+de+Argentina+y+El+Salvador+entre+los+invitados+a+la+investidura+de+Trump\" target=\"_blank\" rel=\"noreferrer noopener\"><\/a><\/li>\n\n\n\n<li><\/li>\n\n\n\n<li><a href=\"mailto:?body=https%3a%2f%2fwww.vozdeamerica.com%2fa%2fmandatarios-de-argentina-y-el-salvador-entre-los-invitados-investidura-de-trump%2f7905438.html&amp;subject=Mandatarios%20de%20Argentina%20y%20El%20Salvador%20entre%20los%20invitados%20a%20la%20investidura%20de%20Trump\"><\/a><\/li>\n<\/ul>\n\n\n\n<p><a href=\"https:\/\/www.vozdeamerica.com\/a\/mandatarios-de-argentina-y-el-salvador-entre-los-invitados-investidura-de-trump\/7905438.html#comments\">&nbsp;Vea comentarios<\/a><\/p>\n\n\n\n<p>L\u00edderes mundiales han confirmado que fueron invitados a la investidura del presidente electo de Estados Unidos, Donald Trump, rompiendo una tradici\u00f3n pol\u00edtica estadounidense que manten\u00eda a los jefes de Estado extranjeros alejados de la transferencia de poder.<\/p>\n\n\n\n<p>FORT LAUDERDALE, Florida, EE. UU. \u2014&nbsp;<\/p>\n\n\n\n<p>M\u00e1s l\u00edderes mundiales han confirmado que fueron invitados a la ceremonia de investidura del presidente electo de Estados Unidos, Donald Trump, y el presidente argentino Javier Milei revel\u00f3 planes para viajar a Washington, rompiendo una tradici\u00f3n pol\u00edtica estadounidense que manten\u00eda a los jefes de Estado extranjeros alejados de la transferencia de poder.<\/p>\n\n\n\n<p>El vocero de Milei, Manuel Adorni, inform\u00f3 a los periodistas en un mensaje de texto que Trump hab\u00eda invitado al mandatario argentino, se\u00f1alando que era la primera vez que se extend\u00eda tal invitaci\u00f3n al presidente de la naci\u00f3n sudamericana. Y la embajadora de El Salvador en Estados Unidos dijo que el presidente Nayib Bukele hab\u00eda sido invitado y a\u00fan estaba a la espera de saber si la aceptar\u00eda.<\/p>\n\n\n\n<p><a href=\"https:\/\/www.vozdeamerica.com\/a\/trump-nomina-embajadores-en-uruguay-y-republica-dominicana\/7904095.html\"><\/a><\/p>\n\n\n\n<p><a href=\"https:\/\/www.vozdeamerica.com\/a\/trump-nomina-embajadores-en-uruguay-y-republica-dominicana\/7904095.html\">Tambi\u00e9n lea<\/a><\/p>\n\n\n\n<h4 class=\"wp-block-heading\"><a href=\"https:\/\/www.vozdeamerica.com\/a\/trump-nomina-embajadores-en-uruguay-y-republica-dominicana\/7904095.html\">Trump nomina embajadores en Uruguay y Rep\u00fablica Dominicana<\/a><\/h4>\n\n\n\n<p>Ning\u00fan jefe de Estado ha hecho anteriormente una visita oficial a Estados Unidos para la investidura.<\/p>\n\n\n\n<p>El lunes, Trump habl\u00f3 sobre su invitaci\u00f3n al presidente chino Xi Jinping, y se\u00f1al\u00f3 que a\u00fan no hab\u00eda declinado ni confirmado su asistencia. Se le pregunt\u00f3 qu\u00e9 otros l\u00edderes mundiales hab\u00edan sido invitados y si el presidente ucraniano Volodymyr Zelenskyy se encontraba entre ellos. Trump dijo que el l\u00edder ucraniano no hab\u00eda sido invitado, pero que \u00absi le gustar\u00eda venir, me gustar\u00eda que estuviera aqu\u00ed\u201d.<\/p>\n\n\n\n<p>El equipo de transici\u00f3n de Trump no respondi\u00f3 a una solicitud de informaci\u00f3n, pero la semana pasada, la vocera Karoline Leavitt dijo que Trump hab\u00eda invitado a mandatarios de otros pa\u00edses. El lunes, Trump dijo que los l\u00edderes mundiales lo estaban llamando cuando se le pregunt\u00f3 sobre qu\u00e9 otros jefes de Estado hab\u00eda invitado.<\/p>\n\n\n\n<p>La embajadora de El Salvador en Estados Unidos, Milena Mayorga, dijo en un programa de radio que estaba esperando ver si Bukele aceptar\u00eda la invitaci\u00f3n, ya que a\u00fan se estaba considerando por razones de seguridad.<\/p>\n\n\n\n<p>Milei fue el primer l\u00edder extranjero en reunirse con Trump despu\u00e9s de las elecciones, viajando desde Buenos Aires al club Mar-a-Lago del presidente electo. Milei, quien se describe a s\u00ed mismo como un \u201canarcocapitalista\u201d, frecuentemente recibe elogios del multimillonario Elon Musk y del empresario biotecnol\u00f3gico Vivek Ramaswamy, quien dirigir\u00e1 el llamado \u201cDepartamento de Eficiencia Gubernamental\u201d para despedir a trabajadores federales, recortar programas y reducir regulaciones federales.<\/p>\n\n\n\n<p>En su mensaje a los periodistas, el vocero de Milei, Adorni, dijo que Trump est\u00e1 creando una entidad similar a su nuevo Ministerio de Desregulaci\u00f3n y Transformaci\u00f3n del Estado en Argentina. Milei bland\u00eda una motosierra durante la campa\u00f1a electoral mientras promet\u00eda recortes presupuestarios, y luego implement\u00f3 una serie de medidas de austeridad, como despedir a decenas de miles de servidores p\u00fablicos, congelar proyectos de infraestructura p\u00fablica y congelar salarios y pensiones.<\/p>\n\n\n\n<p>Muchos economistas expresan un optimismo cauteloso de que, por radicales que sean algunas de las medidas adoptadas por Milei, est\u00e1 tomando las medidas correctas para rescatar a Argentina, la cual ha experimentado frecuentes crisis.<\/p>\n\n\n\n<p>Milei espera que las buenas relaciones entre ambos pa\u00edses puedan ayudar a Argentina a alcanzar un nuevo acuerdo con el Fondo Monetario Internacional, lo que aliviar\u00eda la presi\u00f3n sobre los miles de millones de d\u00f3lares en pagos de deuda que vencen el pr\u00f3ximo a\u00f1o.<\/p>\n","protected":false},"excerpt":{"rendered":"<p>El presidente argentino Javier Milei, a la derecha, y el presidente de El Salvador, Nayib Armando Bukele, se\u00f1alan desde un balc\u00f3n durante la visita de Bukele a la casa de gobierno en Buenos Aires, Argentina, el lunes 30 de septiembre de 2024. (Foto AP\/Natacha Pisarenko) diciembre 18, 2024 &nbsp;Vea comentarios L\u00edderes mundiales han confirmado que [&hellip;]<\/p>\n","protected":false},"author":28,"featured_media":583970,"comment_status":"closed","ping_status":"closed","sticky":true,"template":"","format":"standard","meta":{"footnotes":""},"categories":[23],"tags":[],"class_list":["post-583969","post","type-post","status-publish","format-standard","has-post-thumbnail","hentry","category-internacional"],"_links":{"self":[{"href":"https:\/\/diariodominicano.com\/index.php?rest_route=\/wp\/v2\/posts\/583969","targetHints":{"allow":["GET"]}}],"collection":[{"href":"https:\/\/diariodominicano.com\/index.php?rest_route=\/wp\/v2\/posts"}],"about":[{"href":"https:\/\/diariodominicano.com\/index.php?rest_route=\/wp\/v2\/types\/post"}],"author":[{"embeddable":true,"href":"https:\/\/diariodominicano.com\/index.php?rest_route=\/wp\/v2\/users\/28"}],"replies":[{"embeddable":true,"href":"https:\/\/diariodominicano.com\/index.php?rest_route=%2Fwp%2Fv2%2Fcomments&post=583969"}],"version-history":[{"count":2,"href":"https:\/\/diariodominicano.com\/index.php?rest_route=\/wp\/v2\/posts\/583969\/revisions"}],"predecessor-version":[{"id":583973,"href":"https:\/\/diariodominicano.com\/index.php?rest_route=\/wp\/v2\/posts\/583969\/revisions\/583973"}],"wp:featuredmedia":[{"embeddable":true,"href":"https:\/\/diariodominicano.com\/index.php?rest_route=\/wp\/v2\/media\/583970"}],"wp:attachment":[{"href":"https:\/\/diariodominicano.com\/index.php?rest_route=%2Fwp%2Fv2%2Fmedia&parent=583969"}],"wp:term":[{"taxonomy":"category","embeddable":true,"href":"https:\/\/diariodominicano.com\/index.php?rest_route=%2Fwp%2Fv2%2Fcategories&post=583969"},{"taxonomy":"post_tag","embeddable":true,"href":"https:\/\/diariodominicano.com\/index.php?rest_route=%2Fwp%2Fv2%2Ftags&post=583969"}],"curies":[{"name":"wp","href":"https:\/\/api.w.org\/{rel}","templated":true}]}}