{"id":583966,"date":"2024-12-18T14:12:47","date_gmt":"2024-12-18T18:12:47","guid":{"rendered":"https:\/\/diariodominicano.com\/?p=583966"},"modified":"2024-12-18T14:12:52","modified_gmt":"2024-12-18T18:12:52","slug":"eeuu-repatria-a-keniano-detenido-17-anos-sin-cargos-en-prision-militar-de-guantanamo","status":"publish","type":"post","link":"https:\/\/diariodominicano.com\/?p=583966","title":{"rendered":"EEUU repatria a keniano detenido 17 a\u00f1os sin cargos en prisi\u00f3n militar de Guant\u00e1namo"},"content":{"rendered":"\n<p>ARCHIVO &#8211; En esta fotograf\u00eda del 17 de abril de 2019, revisada por funcionarios militares estadounidenses, se ve la torre de control a trav\u00e9s del alambre de p\u00faas dentro del centro de detenci\u00f3n Camp VI en la Base Naval de la Bah\u00eda de Guant\u00e1namo, Cuba.<\/p>\n\n\n\n<p>diciembre 18, 2024<\/p>\n\n\n\n<ul class=\"wp-block-list\">\n<li><a href=\"https:\/\/www.vozdeamerica.com\/author\/associated-press\/v_kyr\">Associated Press<\/a><\/li>\n<\/ul>\n\n\n\n<ul class=\"wp-block-list\">\n<li><a href=\"https:\/\/facebook.com\/sharer.php?u=https%3a%2f%2fwww.vozdeamerica.com%2fa%2feeuu-repatria-keniano-detenido-17-anos-sin-cargos-prision-militar-guantanamo%2f7905716.html\" target=\"_blank\" rel=\"noreferrer noopener\"><\/a><\/li>\n\n\n\n<li><a href=\"https:\/\/twitter.com\/share?url=https%3a%2f%2fwww.vozdeamerica.com%2fa%2feeuu-repatria-keniano-detenido-17-anos-sin-cargos-prision-militar-guantanamo%2f7905716.html&amp;text=EEUU+repatria+a+keniano+detenido+17+a%c3%b1os+sin+cargos+en+prisi%c3%b3n+militar+de+Guant%c3%a1namo\" target=\"_blank\" rel=\"noreferrer noopener\"><\/a><\/li>\n\n\n\n<li><\/li>\n\n\n\n<li><a href=\"mailto:?body=https%3a%2f%2fwww.vozdeamerica.com%2fa%2feeuu-repatria-keniano-detenido-17-anos-sin-cargos-prision-militar-guantanamo%2f7905716.html&amp;subject=EEUU%20repatria%20a%20keniano%20detenido%2017%20a%C3%B1os%20sin%20cargos%20en%20prisi%C3%B3n%20militar%20de%20Guant%C3%A1namo\"><\/a><\/li>\n<\/ul>\n\n\n\n<p><a href=\"https:\/\/www.vozdeamerica.com\/a\/eeuu-repatria-keniano-detenido-17-anos-sin-cargos-prision-militar-guantanamo\/7905716.html#comments\">&nbsp;Vea comentarios<\/a><\/p>\n\n\n\n<p>Un ciudadano de Kenia, detenido 17 a\u00f1os sin cargos en la prisi\u00f3n militar estadounidense en la cubana Guant\u00e1namo, fue repatriado a su pa\u00eds de origen desde la base. En el enclave quedan a\u00fan 15 hombres en la misma situaci\u00f3n, a la espera de ser liberados.<\/p>\n\n\n\n<p>WASHINGTON \u2014&nbsp;<\/p>\n\n\n\n<p>Estados Unidos repatri\u00f3 a un ciudadano de Kenia que estuvo detenido durante 17 a\u00f1os sin cargos en la prisi\u00f3n militar estadounidense en la Bah\u00eda de Guant\u00e1namo, Cuba, dejando a otros 15 hombres que nunca fueron acusados a\u00fan esperando su liberaci\u00f3n despu\u00e9s de haber sido exonerados de cualquier delito hace tiempo.<\/p>\n\n\n\n<p>El Departamento de Defensa anunci\u00f3 el retorno de&nbsp;<em><strong><a href=\"https:\/\/www.vozdeamerica.com\/a\/eeuu-revisa-posible-liberacion-reo-guantanamo\/3323654.html\" target=\"_blank\" rel=\"noreferrer noopener\">Mohammed Abdul Malik Bajabu&nbsp;<\/a><\/strong><\/em>a Kenia el martes.<\/p>\n\n\n\n<p>La administraci\u00f3n de George W. Bush estableci\u00f3 un tribunal militar y una prisi\u00f3n en la base naval estadounidense para manejar a cientos de detenidos, en su mayor\u00eda musulmanes, capturados alrededor del mundo en la \u201cguerra contra el terrorismo\u201d que sigui\u00f3 a los ataques de Al-Qaeda del 11 de septiembre de 2001.<\/p>\n\n\n\n<p><a href=\"https:\/\/www.vozdeamerica.com\/a\/anula-acuerdo-para-acusado-de-ser-el-autor-intelectual-del-11sep\/7728718.html\"><\/a><\/p>\n\n\n\n<p><a href=\"https:\/\/www.vozdeamerica.com\/a\/anula-acuerdo-para-acusado-de-ser-el-autor-intelectual-del-11sep\/7728718.html\">Tambi\u00e9n lea<\/a><\/p>\n\n\n\n<h4 class=\"wp-block-heading\"><a href=\"https:\/\/www.vozdeamerica.com\/a\/anula-acuerdo-para-acusado-de-ser-el-autor-intelectual-del-11sep\/7728718.html\">Secretario de Defensa de EEUU anula acuerdo para acusado de ser el autor intelectual del 11-S<\/a><\/h4>\n\n\n\n<p>Solo quedan 29 detenidos en Guant\u00e1namo despu\u00e9s de la liberaci\u00f3n del hombre keniano. Quince han sido exonerados de cualquier delito y est\u00e1n esperando ser aceptados por un pa\u00eds extranjero adecuado, otros tres son elegibles para revisi\u00f3n, cuatro hombres condenados est\u00e1n cumpliendo sus sentencias y siete est\u00e1n siendo procesados militarmente. Los \u00faltimos incluyen a cuatro hombres acusados en los ataques del 11 de septiembre de al-Qaida.<\/p>\n\n\n\n<p>Amnist\u00eda Internacional inst\u00f3 al gobierno estadounidense a poner fin a la detenci\u00f3n de los 15 hombres nunca acusados. De no hacerlo, el grupo de derechos humanos dijo en un comunicado, \u201c\u00e9l continuar\u00e1 siendo responsable de la aborrecible pr\u00e1ctica de detenci\u00f3n indefinida sin cargos ni juicio por parte del gobierno de Estados Unidos\u201d.<\/p>\n","protected":false},"excerpt":{"rendered":"<p>ARCHIVO &#8211; En esta fotograf\u00eda del 17 de abril de 2019, revisada por funcionarios militares estadounidenses, se ve la torre de control a trav\u00e9s del alambre de p\u00faas dentro del centro de detenci\u00f3n Camp VI en la Base Naval de la Bah\u00eda de Guant\u00e1namo, Cuba. diciembre 18, 2024 &nbsp;Vea comentarios Un ciudadano de Kenia, detenido [&hellip;]<\/p>\n","protected":false},"author":28,"featured_media":583967,"comment_status":"closed","ping_status":"closed","sticky":true,"template":"","format":"standard","meta":{"footnotes":""},"categories":[23],"tags":[],"class_list":["post-583966","post","type-post","status-publish","format-standard","has-post-thumbnail","hentry","category-internacional"],"_links":{"self":[{"href":"https:\/\/diariodominicano.com\/index.php?rest_route=\/wp\/v2\/posts\/583966","targetHints":{"allow":["GET"]}}],"collection":[{"href":"https:\/\/diariodominicano.com\/index.php?rest_route=\/wp\/v2\/posts"}],"about":[{"href":"https:\/\/diariodominicano.com\/index.php?rest_route=\/wp\/v2\/types\/post"}],"author":[{"embeddable":true,"href":"https:\/\/diariodominicano.com\/index.php?rest_route=\/wp\/v2\/users\/28"}],"replies":[{"embeddable":true,"href":"https:\/\/diariodominicano.com\/index.php?rest_route=%2Fwp%2Fv2%2Fcomments&post=583966"}],"version-history":[{"count":1,"href":"https:\/\/diariodominicano.com\/index.php?rest_route=\/wp\/v2\/posts\/583966\/revisions"}],"predecessor-version":[{"id":583968,"href":"https:\/\/diariodominicano.com\/index.php?rest_route=\/wp\/v2\/posts\/583966\/revisions\/583968"}],"wp:featuredmedia":[{"embeddable":true,"href":"https:\/\/diariodominicano.com\/index.php?rest_route=\/wp\/v2\/media\/583967"}],"wp:attachment":[{"href":"https:\/\/diariodominicano.com\/index.php?rest_route=%2Fwp%2Fv2%2Fmedia&parent=583966"}],"wp:term":[{"taxonomy":"category","embeddable":true,"href":"https:\/\/diariodominicano.com\/index.php?rest_route=%2Fwp%2Fv2%2Fcategories&post=583966"},{"taxonomy":"post_tag","embeddable":true,"href":"https:\/\/diariodominicano.com\/index.php?rest_route=%2Fwp%2Fv2%2Ftags&post=583966"}],"curies":[{"name":"wp","href":"https:\/\/api.w.org\/{rel}","templated":true}]}}