{"id":583957,"date":"2024-12-18T14:04:40","date_gmt":"2024-12-18T18:04:40","guid":{"rendered":"https:\/\/diariodominicano.com\/?p=583957"},"modified":"2024-12-18T14:06:05","modified_gmt":"2024-12-18T18:06:05","slug":"venezuela-acusa-al-presidente-de-argentina-de-estar-vinculado-con-un-supuesto-plan-terrorista","status":"publish","type":"post","link":"https:\/\/diariodominicano.com\/?p=583957","title":{"rendered":"Venezuela acusa al presidente de Argentina de estar vinculado con un supuesto plan terrorista"},"content":{"rendered":"\n<p>ARCHIVO &#8211; El cabo primero, Nahuel Agust\u00edn Gallo, suboficial de la Gendarmer\u00eda Nacional Argentina, de 33 a\u00f1os, ingres\u00f3 desde Colombia a territorio venezolano, el 8 de diciembre.<\/p>\n\n\n\n<p>diciembre 18, 2024<\/p>\n\n\n\n<ul class=\"wp-block-list\">\n<li><a href=\"https:\/\/www.vozdeamerica.com\/author\/carolina-alcalde\/byuyq\">Carolina Alcalde<\/a><\/li>\n<\/ul>\n\n\n\n<ul class=\"wp-block-list\">\n<li><a href=\"https:\/\/facebook.com\/sharer.php?u=https%3a%2f%2fwww.vozdeamerica.com%2fa%2fgobierno-de-venezuela-acusa-al-presidente-de-argentina-de-estar-vinculado-con-un-supuesto-plan-terrorista-%2f7905298.html\" target=\"_blank\" rel=\"noreferrer noopener\"><\/a><\/li>\n\n\n\n<li><a href=\"https:\/\/twitter.com\/share?url=https%3a%2f%2fwww.vozdeamerica.com%2fa%2fgobierno-de-venezuela-acusa-al-presidente-de-argentina-de-estar-vinculado-con-un-supuesto-plan-terrorista-%2f7905298.html&amp;text=Venezuela+acusa+al+presidente+de+Argentina+de+estar+vinculado+con+un+supuesto+plan+terrorista+\" target=\"_blank\" rel=\"noreferrer noopener\"><\/a><\/li>\n\n\n\n<li><\/li>\n\n\n\n<li><a href=\"mailto:?body=https%3a%2f%2fwww.vozdeamerica.com%2fa%2fgobierno-de-venezuela-acusa-al-presidente-de-argentina-de-estar-vinculado-con-un-supuesto-plan-terrorista-%2f7905298.html&amp;subject=Venezuela%20acusa%20al%20presidente%20de%20Argentina%20de%20estar%20vinculado%20con%20un%20supuesto%20plan%20terrorista\"><\/a><\/li>\n<\/ul>\n\n\n\n<p><a href=\"https:\/\/www.vozdeamerica.com\/a\/gobierno-de-venezuela-acusa-al-presidente-de-argentina-de-estar-vinculado-con-un-supuesto-plan-terrorista-\/7905298.html#comments\">&nbsp;Vea comentarios&nbsp;(1)<\/a><\/p>\n\n\n\n<p>El gobierno del presidente venezolano Nicol\u00e1s Maduro acus\u00f3 al mandatario argentino Javier Milei de estar vinculado con un presunto plan terrorista contra Caracas y confirm\u00f3 que el gendarme arrestado la semana pasada \u201cest\u00e1 siendo procesado\u201d.<\/p>\n\n\n\n<p>Caracas \u2014&nbsp;<\/p>\n\n\n\n<p>El ministro de Relaciones Exteriores de Venezuela, Yvan Gil, acus\u00f3 este martes al gobierno de Argentina de estar vinculado en un presunto plan terrorista contra Caracas y confirm\u00f3 que el gendarme&nbsp;<strong><em><a href=\"https:\/\/www.vozdeamerica.com\/a\/gobierno-de-milei-denuncia-arresto-de-empleado-local-y-de-gendarme-argentino-en-venezuela-\/7900919.html\" target=\"_blank\" rel=\"noreferrer noopener\">arrestado en el pa\u00eds la semana pasada<\/a><\/em><\/strong>&nbsp;\u201cest\u00e1 siendo procesado\u201d.<\/p>\n\n\n\n<p>De acuerdo con Gil, el presidente argentino Javier Milei y su ministra de Seguridad, Patricia Bullrich,, fueron \u201cdescubiertos\u201d tratando de \u201cintroducir elementos violentos\u201d a Venezuela.<\/p>\n\n\n\n<p>\u201cHan cometido un grave error y han dejado en el camino innumerables pruebas f\u00edsicas que los comprometen en un plan terrorista\u201d, escribi\u00f3 en sus redes sociales el martes por la noche.<\/p>\n\n\n\n<p>https:\/\/www.instagram.com\/p\/DDszg96J_DF\/embed\/captioned\/?cr=1&#038;v=14&#038;wp=540&#038;rd=https%3A%2F%2Fwww.vozdeamerica.com&#038;rp=%2Fa%2Fgobierno-de-venezuela-acusa-al-presidente-de-argentina-de-estar-vinculado-con-un-supuesto-plan-terrorista-%2F7905298.html#%7B%22ci%22%3A0%2C%22os%22%3A1291.0999999642372%2C%22ls%22%3A751.1999999880791%2C%22le%22%3A1197.3999999761581%7D<\/p>\n\n\n\n<p>Esta semana, el ministro de Interior y Justicia venezolano, Diosdado Cabello,&nbsp;<strong><em><a href=\"https:\/\/www.vozdeamerica.com\/a\/gobierno-de-venezuela-confirma-arresto-de-gendarme-argentino-familiares-desconocen-su-paradero-\/7903315.html\" target=\"_blank\" rel=\"noreferrer noopener\">confirm\u00f3 el arresto del suboficial<\/a><\/em><\/strong>&nbsp;de la Gendarmer\u00eda Nacional Argentina, Nahuel Agust\u00edn Gallo, tras su ingreso al pa\u00eds.<\/p>\n\n\n\n<p>Milei exigi\u00f3 su liberaci\u00f3n inmediata y advirti\u00f3 que agotar\u00e1n todas las v\u00edas diplom\u00e1ticas para devolverlo a su pa\u00eds.<\/p>\n\n\n\n<p>Mientras, Gil sostuvo que el gendarme \u201cse quiso infiltrar\u201d en Venezuela y asegur\u00f3 que \u201cest\u00e1 siendo procesado con pleno respeto al Estado de Derecho y la justicia venezolana\u201d.<\/p>\n\n\n\n<p>\u201cDejen ya la desesperaci\u00f3n y asuman las consecuencias de su conducta que averg\u00fcenza al noble pueblo argentino\u201d, manifest\u00f3.<\/p>\n\n\n\n<p>Gallo, de 33 a\u00f1os, ingres\u00f3 desde Colombia a territorio venezolano a trav\u00e9s del Puente Internacional Francisco de Paula Santander, para llegar al estado T\u00e1chira, de acuerdo con un comunicado conjunto de la canciller\u00eda y el Ministerio de Seguridad de Argentina.<\/p>\n\n\n\n<p><video poster=\"https:\/\/gdb.voanews.com\/1a790106-a65b-4468-8190-185a1b6cf384_tv_w650_r1.jpg\" src=\"blob:https:\/\/www.vozdeamerica.com\/05b087fc-47ed-4908-820d-86bcd1cef25a\" height=\"381\" width=\"676\"><\/video><\/p>\n\n\n\n<h5 class=\"wp-block-heading\"><a href=\"https:\/\/www.vozdeamerica.com\/a\/gobierno-de-venezuela-acusa-al-presidente-de-argentina-de-estar-vinculado-con-un-supuesto-plan-terrorista-\/7903548.html\" target=\"_blank\" rel=\"noreferrer noopener\">\u00abNos gan\u00f3 el deseo de reencontrarnos\u00bb: Familia del gendarme argentino detenido en Venezuela<\/a><\/h5>\n\n\n\n<ul class=\"wp-block-list\">\n<li><a href=\"https:\/\/facebook.com\/sharer.php?u=https%3a%2f%2fwww.vozdeamerica.com%2fa%2f7903548.html\" target=\"_blank\" rel=\"noreferrer noopener\">Comparta en Facebook<\/a><\/li>\n\n\n\n<li><a href=\"https:\/\/twitter.com\/share?url=https%3a%2f%2fwww.vozdeamerica.com%2fa%2f7903548.html&amp;text=%22Nos+gan%c3%b3+el+deseo+de+reencontrarnos%22%3a+Familia+del+gendarme+argentino+detenido+en+Venezuela\" target=\"_blank\" rel=\"noreferrer noopener\">Comparta en Twitter<\/a><\/li>\n<\/ul>\n\n\n\n<hr class=\"wp-block-separator has-alpha-channel-opacity\"\/>\n\n\n\n<p><a href=\"https:\/\/www.vozdeamerica.com\/embed\/player\/Article\/7903548.html?type=video&amp;FullScreenMode=True\" target=\"_blank\" rel=\"noreferrer noopener\"><\/a><\/p>\n\n\n\n<p>&nbsp;Descargar&nbsp;<\/p>\n\n\n\n<p>La suegra del gendarme, Yalitza Garc\u00eda, denunci\u00f3 que desconocen su paradero e insisti\u00f3 en conversaci\u00f3n con la&nbsp;<strong><em>Voz de Am\u00e9rica&nbsp;<\/em><\/strong>en que viaj\u00f3 a Venezuela para encontrarse con su esposa e hijo, y posteriormente regresar juntos a Argentina.<\/p>\n\n\n\n<p>Esta semana Garc\u00eda acudi\u00f3 a la Direcci\u00f3n General de Contrainteligencia Militar (DGCIM) para averiguar si se encuentra en esa sede, pero no logr\u00f3 confirmarlo.<\/p>\n\n\n\n<p>El arresto aumenta las tensiones entre Caracas y Buenos Aires, que la semana pasada denunci\u00f3 ante la Organizaci\u00f3n de Estados Americanos que el gobierno de Nicol\u00e1s Maduro sigue hostigando a seis opositores asilados en su sede diplom\u00e1tica en Venezuela.<\/p>\n\n\n\n<p>El fin de semana, a casi nueve meses de haber entrado en la residencia de la embajada de Argentina en Venezuela, los refugiados cercanos a la l\u00edder opositora Mar\u00eda Corina Machado denunciaron en su primera conferencia de prensa virtual que enfrentan una situaci\u00f3n de \u201calto riesgo\u201d.<\/p>\n\n\n\n<p>Alertaron que se encuentran en medio de una creciente incertidumbre, luego de que, de acuerdo con sus denuncias; el gobierno venezolano arreci\u00f3 un asedio policial contra la sede diplom\u00e1tica y cort\u00f3 el suministro el\u00e9ctrico y de agua potable.<\/p>\n\n\n\n<p><a href=\"https:\/\/www.vozdeamerica.com\/a\/refugiados-embajada-argentina-caracas-piden-ayuda-internacional\/7901812.html\"><\/a><\/p>\n\n\n\n<p><a href=\"https:\/\/www.vozdeamerica.com\/a\/refugiados-embajada-argentina-caracas-piden-ayuda-internacional\/7901812.html\">Tambi\u00e9n lea<\/a><\/p>\n\n\n\n<h4 class=\"wp-block-heading\"><a href=\"https:\/\/www.vozdeamerica.com\/a\/refugiados-embajada-argentina-caracas-piden-ayuda-internacional\/7901812.html\">\u201cEstamos en una situaci\u00f3n de alto riesgo\u201d: refugiados en la embajada de Argentina en Caracas piden ayuda internacional<\/a><\/h4>\n\n\n\n<p>Venezuela rompi\u00f3 relaciones diplom\u00e1ticas con Argentina, despu\u00e9s de que Buenos Aires cuestionara los resultados de&nbsp;<em><strong><a href=\"https:\/\/www.vozdeamerica.com\/a\/vencido-horario-oficial-cne-no-precisa-cuando-cierran-centros-venezuela\/7716247.html\" target=\"_blank\" rel=\"noreferrer noopener\">las elecciones presidenciales del 28 de julio que le dieron la victoria a Maduro<\/a><\/strong><\/em>, y Brasil asumi\u00f3 su representaci\u00f3n diplom\u00e1tica en Caracas.<\/p>\n\n\n\n<p>Posteriormente el gobierno venezolano revoc\u00f3 la autorizaci\u00f3n a Brasil para representar los intereses de Argentina en su territorio.<\/p>\n\n\n\n<p>El lunes, el gobierno colombiano exhort\u00f3 a las autoridades venezolanas apegarse a los principios del Derecho Internacional, y reiter\u00f3 que junto a Brasil ha ofrecido sus buenos oficios para \u201cgarantizar la protecci\u00f3n y asumir la custodia\u201d de la sede diplom\u00e1tica y brindar protecci\u00f3n internacional a las seis personas.<\/p>\n\n\n\n<p>Aunque no ha divulgado resultados disgregados, el Consejo Nacional Electoral (CNE) proclam\u00f3 a Maduro ganador de los comicios presidenciales de julio para un tercer mandato, pero la oposici\u00f3n, que public\u00f3 copias de las actas que conservaron sus testigos de mesa, denuncia fraude y le atribuye el triunfo al excandidato Edmundo Gonz\u00e1lez Urrutia, exiliado en Espa\u00f1a desde septiembre.<\/p>\n","protected":false},"excerpt":{"rendered":"<p>ARCHIVO &#8211; El cabo primero, Nahuel Agust\u00edn Gallo, suboficial de la Gendarmer\u00eda Nacional Argentina, de 33 a\u00f1os, ingres\u00f3 desde Colombia a territorio venezolano, el 8 de diciembre. diciembre 18, 2024 &nbsp;Vea comentarios&nbsp;(1) El gobierno del presidente venezolano Nicol\u00e1s Maduro acus\u00f3 al mandatario argentino Javier Milei de estar vinculado con un presunto plan terrorista contra Caracas [&hellip;]<\/p>\n","protected":false},"author":28,"featured_media":583958,"comment_status":"closed","ping_status":"closed","sticky":true,"template":"","format":"standard","meta":{"footnotes":""},"categories":[23,27],"tags":[],"class_list":["post-583957","post","type-post","status-publish","format-standard","has-post-thumbnail","hentry","category-internacional","category-portada"],"_links":{"self":[{"href":"https:\/\/diariodominicano.com\/index.php?rest_route=\/wp\/v2\/posts\/583957","targetHints":{"allow":["GET"]}}],"collection":[{"href":"https:\/\/diariodominicano.com\/index.php?rest_route=\/wp\/v2\/posts"}],"about":[{"href":"https:\/\/diariodominicano.com\/index.php?rest_route=\/wp\/v2\/types\/post"}],"author":[{"embeddable":true,"href":"https:\/\/diariodominicano.com\/index.php?rest_route=\/wp\/v2\/users\/28"}],"replies":[{"embeddable":true,"href":"https:\/\/diariodominicano.com\/index.php?rest_route=%2Fwp%2Fv2%2Fcomments&post=583957"}],"version-history":[{"count":2,"href":"https:\/\/diariodominicano.com\/index.php?rest_route=\/wp\/v2\/posts\/583957\/revisions"}],"predecessor-version":[{"id":583961,"href":"https:\/\/diariodominicano.com\/index.php?rest_route=\/wp\/v2\/posts\/583957\/revisions\/583961"}],"wp:featuredmedia":[{"embeddable":true,"href":"https:\/\/diariodominicano.com\/index.php?rest_route=\/wp\/v2\/media\/583958"}],"wp:attachment":[{"href":"https:\/\/diariodominicano.com\/index.php?rest_route=%2Fwp%2Fv2%2Fmedia&parent=583957"}],"wp:term":[{"taxonomy":"category","embeddable":true,"href":"https:\/\/diariodominicano.com\/index.php?rest_route=%2Fwp%2Fv2%2Fcategories&post=583957"},{"taxonomy":"post_tag","embeddable":true,"href":"https:\/\/diariodominicano.com\/index.php?rest_route=%2Fwp%2Fv2%2Ftags&post=583957"}],"curies":[{"name":"wp","href":"https:\/\/api.w.org\/{rel}","templated":true}]}}