{"id":583951,"date":"2024-12-18T13:56:51","date_gmt":"2024-12-18T17:56:51","guid":{"rendered":"https:\/\/diariodominicano.com\/?p=583951"},"modified":"2024-12-18T13:56:57","modified_gmt":"2024-12-18T17:56:57","slug":"dia-internacional-del-migrante-mas-de-24-anos-visibilizando-flujos-migratorios-globales-e-imparables","status":"publish","type":"post","link":"https:\/\/diariodominicano.com\/?p=583951","title":{"rendered":"D\u00eda Internacional del Migrante: M\u00e1s de 24 a\u00f1os visibilizando flujos migratorios globales e imparables"},"content":{"rendered":"\n<p>diciembre 18, 2024<\/p>\n\n\n\n<ul class=\"wp-block-list\">\n<li><a href=\"https:\/\/www.vozdeamerica.com\/author\/voz-de-america-redaccion\/p_kym\">Voz de Am\u00e9rica &#8211; Redacci\u00f3n<\/a><\/li>\n<\/ul>\n\n\n\n<ul class=\"wp-block-list\">\n<li><a href=\"https:\/\/facebook.com\/sharer.php?u=https%3a%2f%2fwww.vozdeamerica.com%2fa%2fdia-internacional-del-migrante-mas-de-dos-decadas-visibilizando-flujos-migratorios-globales-e-imparables%2f7904430.html\" target=\"_blank\" rel=\"noreferrer noopener\"><\/a><\/li>\n\n\n\n<li><a href=\"https:\/\/twitter.com\/share?url=https%3a%2f%2fwww.vozdeamerica.com%2fa%2fdia-internacional-del-migrante-mas-de-dos-decadas-visibilizando-flujos-migratorios-globales-e-imparables%2f7904430.html&amp;text=D%c3%ada+Internacional+del+Migrante%3a+M%c3%a1s+de+24+a%c3%b1os+visibilizando+flujos+migratorios+globales+e+imparables\" target=\"_blank\" rel=\"noreferrer noopener\"><\/a><\/li>\n\n\n\n<li><\/li>\n\n\n\n<li><a href=\"mailto:?body=https%3a%2f%2fwww.vozdeamerica.com%2fa%2fdia-internacional-del-migrante-mas-de-dos-decadas-visibilizando-flujos-migratorios-globales-e-imparables%2f7904430.html&amp;subject=D%C3%ADa%20Internacional%20del%20Migrante:%20M%C3%A1s%20de%2024%20a%C3%B1os%20visibilizando%20flujos%20migratorios%20globales%20e%20imparables\"><\/a><\/li>\n<\/ul>\n\n\n\n<p>Cada 18 de diciembre se conmemora el D\u00eda Internacional del Migrante, una fecha escogida por la ONU en el a\u00f1o 2000 para hacer frente a los flujos migratorios en ascenso desde aquella \u00e9poca. M\u00e1s de dos d\u00e9cadas despu\u00e9s el panorama empeora, cobrando vidas en todo el planeta.<\/p>\n\n\n\n<p>\u00c1ngel Rivero lleg\u00f3 hace dos semanas a Guatemala con su esposa e hija.&nbsp;<a href=\"https:\/\/www.vozdeamerica.com\/a\/cada-vez-mas-familias-y-menores-transitan-por-guatemala-segun-ong\/7904777.html\" target=\"_blank\" rel=\"noreferrer noopener\"><strong>Tres meses atr\u00e1s hab\u00edan emprendido desde su natal Colombia una traves\u00eda repleta de las adversidades<\/strong>&nbsp;<\/a>que encaran la mayor\u00eda de las personas que migran de manera irregular en busca de una vida mejor.<\/p>\n\n\n\n<p>\u00abDesde septiembre [estoy] viajando y todav\u00eda no he llegado a M\u00e9xico, desde que sal\u00ed de Turbo, Antioquia, all\u00e1 en Colombia\u00bb, dice Rivero, que carga en sus hombros a su peque\u00f1a hija mientras responde preguntas a la&nbsp;<strong>Voz de Am\u00e9rica<\/strong>.<\/p>\n\n\n\n<p>\u00abLa gente nos discrimina mucho porque piensa que uno es un vago, pero no, nosotros somos echados pa&#8217; adelante buscando trabajo\u00bb, afirma el migrante colombiano al tiempo que intenta mantener el equilibrio mientras la ni\u00f1a se balancea con un juguete y un banano en sus manos.<\/p>\n\n\n\n<figure class=\"wp-block-image\"><a href=\"https:\/\/www.vozdeamerica.com\/dia-del-migrante-2024\"><img decoding=\"async\" src=\"https:\/\/gdb.voanews.com\/67a6fdc3-5c5f-4285-b6d2-609814e06be7_w650_r0_s.jpeg\" alt=\"\"\/><\/a><\/figure>\n\n\n\n<p>En Ecuador,<strong>&nbsp;<\/strong><a href=\"https:\/\/www.vozdeamerica.com\/a\/eeuu-confirma-ligero-aumento-de-ecuatorianos-deportados-en-2024\/7903404.html\" target=\"_blank\" rel=\"noreferrer noopener\"><strong>una escena similar protagoniza Mariana L\u00f3pez<\/strong><\/a>, quien a sus 61 a\u00f1os lamenta despedirse de su familia para migrar por segunda vez a Espa\u00f1a, donde vivi\u00f3 entre 2001 y 2013. \u00abMe da mucha pena, mucho dolor, mucha tristeza tener que dejarlos otra vez\u00bb, dice poco antes de abordar su avi\u00f3n rumbo a Europa. \u00abNo estamos bien, no estamos seguros aqu\u00ed con tanta delincuencia y por la edad que uno tiene tampoco ya le dan trabajo. Entonces nos toca emigrar\u00bb, afirma.<\/p>\n\n\n\n<p>Rivero y L\u00f3pez son apenas dos ejemplos de una crisis global visible desde el a\u00f1o 2000, cuando la Asamblea General de las Naciones Unidas proclam\u00f3 el 18 de diciembre como el D\u00eda Internacional del Migrante. A 24 a\u00f1os de que los flujos migratorios globales comenzaran a preocupar a los l\u00edderes del mundo, la crisis no ha hecho m\u00e1s que crecer debido al incremento de los desplazamientos masivos de personas que huyen para salvar sus vidas de las guerras y los desastres naturales.<\/p>\n\n\n\n<p>La cifra de desplazados este a\u00f1o superar\u00e1 los 120 millones de personas, de acuerdo con el m\u00e1s reciente informe sobre&nbsp;<em>Tendencias mundiales<\/em>, publicado por la Agencia de la ONU para los Refugiados (ACNUR) en junio de 2024.<\/p>\n\n\n\n<h3 class=\"wp-block-heading\">\u00bfQu\u00e9 dice el segundo Informe Peri\u00f3dico Mundial de la OIM?<\/h3>\n\n\n\n<p>Basado en los datos recopilados en 33 de los contextos de desplazamiento m\u00e1s problem\u00e1ticos del mundo, junto con estudios de casos centrados en desplazados internos en nueve pa\u00edses, el segundo Informe Peri\u00f3dico Mundial sobre desplazamiento interno 2024&nbsp;<em>(Progress24)<\/em>&nbsp;identific\u00f3 los factores que influyen en las decisiones que toma una persona una vez que decide desplazarse para evadir conflictos, desastres y procurar mejores condiciones para ellos y sus familias.<\/p>\n\n\n\n<p>\u00abQueremos aumentar la autosuficiencia de las personas desplazadas internamente, por lo que las opciones de esas personas \u2013ya sea regresar a sus hogares, reasentarse en otro lugar o integrarse localmente\u2013 deben ser el centro de nuestro trabajo para encontrar soluciones duraderas al desplazamiento\u00bb, dijo al presentar el informe la directora general de la Organizaci\u00f3n Internacional de las Migraciones (OIM), Amy Pope.<\/p>\n\n\n\n<p>El estudio, elaborado de conjunto con la Universidad de Georgetown, concluy\u00f3 que \u00abcuando las opciones que necesitan los desplazados no est\u00e1n disponibles, su progreso hacia la estabilidad puede ser fr\u00e1gil y de corta duraci\u00f3n\u00bb.<\/p>\n\n\n\n<p>El principal hallazgo del informe&nbsp;<em>Progress<\/em>&nbsp;de este a\u00f1o revela la intenci\u00f3n generalizada de los desplazados internos de permanecer donde est\u00e1n. Los investigadores determinaron que los factores que impactan las decisiones de los migrantes incluyen cu\u00e1nto tiempo han estado desplazados y por qu\u00e9. Tambi\u00e9n impactan las garant\u00edas para la seguridad personal y las oportunidades disponibles de conseguir el sustento econ\u00f3mico para vivir.<\/p>\n\n\n\n<h3 class=\"wp-block-heading\">\u00abTragedias evitables\u00bb<\/h3>\n\n\n\n<p>Entre 2000 y 2014 se registraron cerca de 70.000 muertes y desapariciones de migrantes. Solo el a\u00f1o pasado murieron unos 8.600 personas mientras buscaban llegar a sitios seguros.<\/p>\n\n\n\n<p>\u201cCada una de estas muertes es una tragedia evitable\u201d, ha dicho Amy Pope, directora general de la OIM y coordinadora de la Red de las Naciones Unidas sobre la Migraci\u00f3n.<\/p>\n\n\n\n<h3 class=\"wp-block-heading\">\u00bfPor qu\u00e9 mueren o desaparecen migrantes y c\u00f3mo evitarlo?<\/h3>\n\n\n\n<p>Las principales causas directas de las muertes de migrantes son el ahogamiento, los accidentes, la violencia, las condiciones ambientales adversas y la falta de acceso a atenci\u00f3n m\u00e9dica, alojamiento, alimentos y agua, de acuerdo con la Organizaci\u00f3n Internacional de las Migraciones (OIM).<\/p>\n\n\n\n<p>El organismo indica que las desapariciones de migrantes se deben en parte a la incapacidad de comunicarse con las familias o a la falta de identificaci\u00f3n de los fallecidos. LA OIM apunta a que algunas decisiones pol\u00edticas y el acceso limitado a v\u00edas seguras y regulares tambi\u00e9n incrementan las muertes y las desapariciones de personas que intentan migrar.<\/p>\n\n\n\n<p>Un informe del Secretario General de las Naciones Unidas, Antonio Guterres, recomienda medidas concretas para reducir las muertes y desapariciones de migrantes, entre ellos la necesidad de proporcionar acceso a los actores humanitarios para que asistan a quienes se encuentran en peligro y mejorar la recopilaci\u00f3n de datos sobre las personas desaparecidas.<\/p>\n\n\n\n<p>Las recomendaciones se incluyen en el informe de 2024 sobre la implementaci\u00f3n del Pacto Mundial para una Migraci\u00f3n Segura, Ordenada y Regular (GCM). El reporte, que se publica cada dos a\u00f1os, destaca los avances, las brechas y las oportunidades, y ofrece recomendaciones concretas para avanzar en los compromisos del GCM y mejorar la gobernanza de la migraci\u00f3n.<\/p>\n\n\n\n<p><a href=\"https:\/\/www.vozdeamerica.com\/a\/renato-cisneros-dilemas-migracion-libro-migrante-dos-vidas\/7886189.html\"><\/a><\/p>\n\n\n\n<p><a href=\"https:\/\/www.vozdeamerica.com\/a\/renato-cisneros-dilemas-migracion-libro-migrante-dos-vidas\/7886189.html\">Tambi\u00e9n lea<\/a><\/p>\n\n\n\n<h4 class=\"wp-block-heading\"><a href=\"https:\/\/www.vozdeamerica.com\/a\/renato-cisneros-dilemas-migracion-libro-migrante-dos-vidas\/7886189.html\">Renato Cisneros aborda los dilemas de la migraci\u00f3n en su \u00faltimo libro: \u201cTodo migrante vive dos vidas\u201d<\/a><\/h4>\n\n\n\n<h3 class=\"wp-block-heading\">\u00bfQu\u00e9 est\u00e1 ocurriendo en Am\u00e9rica Latina?<\/h3>\n\n\n\n<p>Am\u00e9rica Latina enfrenta uno de los procesos migratorios m\u00e1s complejos a nivel mundial, ya que un n\u00famero r\u00e9cord de personas se desplazan a otros pa\u00edses en busca de protecci\u00f3n, reunificaci\u00f3n familiar o mejores oportunidades econ\u00f3micas, lo que las expone al riesgo de desaparecer por diferentes razones y de morir sin que sus familiares tengan noticias de ellas.<\/p>\n\n\n\n<p>Una<strong>&nbsp;<a href=\"https:\/\/www.vozdeamerica.com\/a\/ninos-migrantes-no-acompaaados-alcanza-cifra-record-unicef-\/7887487.html\" target=\"_blank\" rel=\"noreferrer noopener\">cifra r\u00e9cord de menores migrantes no acompa\u00f1ados y separados de sus padres transitaron por distintos puntos de Am\u00e9rica Latina y el Caribe en lo que va de 2024,<\/a><\/strong>&nbsp;de acuerdo con un reciente reporte elaborado por el Fondo de las Naciones Unidas para la Infancia (UNICEF, por sus siglas en ingl\u00e9s).<\/p>\n\n\n\n<p>La instituci\u00f3n alert\u00f3 en&nbsp;<strong><a href=\"https:\/\/www.unicef.org\/es\/comunicados-prensa\/unicef-solicita-9900-millones-dolares-financiacion-humanitaria\" target=\"_blank\" rel=\"noreferrer noopener\">su informe<\/a><\/strong>&nbsp;sobre el peligro a que se ven expuestos estos ni\u00f1os, al quedar a merced de la explotaci\u00f3n sexual, el tr\u00e1fico humano y&nbsp;<strong><a href=\"https:\/\/www.vozdeamerica.com\/a\/onu-ninos-haitianos-representan-aproximadamente-la-mitad-miembros-bandas-armadas-del-pais\/7885215.html\" target=\"_blank\" rel=\"noreferrer noopener\">la violencia<\/a><\/strong>, por lo que hizo un llamado para la recaudaci\u00f3n de m\u00e1s de 800 millones de d\u00f3lares para protegerlos a ellos y sus familias.<\/p>\n\n\n\n<p>Venezuela, la naci\u00f3n sudamericana sumergida en una severa crisis pol\u00edtica, econ\u00f3mica y social, es uno de los pa\u00edses con mayores flujos de emisi\u00f3n de migrantes irregulares.<\/p>\n\n\n\n<p><strong>Vea tambi\u00e9n-&nbsp;<a href=\"https:\/\/www.vozdeamerica.com\/a\/mexico-venezuela-migracion-que-esperar-en-america-latina-del-segundo-mandato-de-donald-trump\/7855889.html\" target=\"_blank\" rel=\"noreferrer noopener\">M\u00e9xico, Venezuela y la migraci\u00f3n: qu\u00e9 esperar en Am\u00e9rica Latina del segundo mandato de Donald Trump<\/a><\/strong><\/p>\n\n\n\n<h3 class=\"wp-block-heading\">Pacto Mundial para la Migraci\u00f3n<\/h3>\n\n\n\n<p>El tercer informe del Secretario General de la ONU sobre la aplicaci\u00f3n del Pacto Mundial para la Migraci\u00f3n presenta recomendaciones clave sobre la prestaci\u00f3n de asistencia humanitaria a los migrantes en peligro y el fortalecimiento de la cooperaci\u00f3n en relaci\u00f3n con los migrantes desaparecidos.<\/p>\n\n\n\n<p>Propuestas concretas buscan evitar que los migrantes mueran o desaparezcan, mejorar las labores de b\u00fasqueda e identificaci\u00f3n, apoyar a las familias afectadas, proporcionar justicia, rendici\u00f3n de cuentas y reparaci\u00f3n, recopilar datos sobre las muertes y desapariciones de migrantes y compartir datos de previsi\u00f3n de la migraci\u00f3n para optimizar la asistencia humanitaria.<\/p>\n\n\n\n<p>El informe reconoce que se han logrado avances importantes en los \u00faltimos a\u00f1os, como la integraci\u00f3n de la migraci\u00f3n en los planes nacionales de desarrollo y la ampliaci\u00f3n de v\u00edas seguras y regulares para la migraci\u00f3n. Sin embargo, pone de relieve desaf\u00edos persistentes y graves que exigen atenci\u00f3n urgente.<\/p>\n\n\n\n<p>Las rutas de migraci\u00f3n irregular siguen exponiendo a los migrantes a graves riesgos, de acuerdo con el informe, lo que aumenta su vulnerabilidad a la explotaci\u00f3n, el abuso o pone en peligro sus vidas. El documento tambi\u00e9n valida que muchos migrantes se enfrentan a obst\u00e1culos para acceder a servicios esenciales, como la atenci\u00f3n sanitaria y la educaci\u00f3n. \u00abLas narrativas y los estereotipos nocivos sobre la migraci\u00f3n y los migrantes socavan los esfuerzos por proteger su dignidad y sus derechos\u00bb.<\/p>\n\n\n\n<p><strong>Lea tambi\u00e9n:&nbsp;<a href=\"https:\/\/www.vozdeamerica.com\/a\/joanna-hausmann-la-joven-que-da-voz-a-la-migracion-venezolana-en-disney-somos-superh%C3%A9roes-\/7804623.html\">Joanna Hausmann, la joven que da voz a la migraci\u00f3n venezolana en Disney: \u201cSomos superh\u00e9roes\u201d<\/a><\/strong><\/p>\n\n\n\n<h3 class=\"wp-block-heading\">El impacto del desplazamiento interno<\/h3>\n\n\n\n<p>M\u00e1s de 58,5 millones de personas est\u00e1n actualmente desplazadas dentro de sus propios pa\u00edses en todo el mundo, de acuerdo con un estudio publicado por el Instituto de Datos Mundiales de la Organizaci\u00f3n Internacional para las Migraciones. Al menos un 60 % de las personas desplazadas internamente por conflictos o desastres preferir\u00edan quedarse en los lugares en los que se encuentran actualmente en lugar de regresar a sus comunidades de origen, expone la investigaci\u00f3n.<\/p>\n\n\n\n<p>De hecho, el 96 % de las personas desplazadas por los desastres durante m\u00e1s de cinco a\u00f1os desea quedarse donde est\u00e1. \u00abLa seguridad emerge como el determinante de mayor relevancia\u00bb, recoge el estudio. A la vez, las oportunidades econ\u00f3micas tambi\u00e9n se vuelven cada vez m\u00e1s cruciales con el tiempo para las personas que se ven obligados a salir de sus hogares. Para personas desplazadas por cinco a\u00f1os o m\u00e1s, el 25 % cita a los medios de subsistencia y al empleo como su principal prioridad, en comparaci\u00f3n con el 18 % entre quienes fueron desplazados por menos de un a\u00f1o.<\/p>\n\n\n\n<p>\u00abSi bien las personas desplazadas por conflictos pueden considerar la opci\u00f3n de regresar con mayor frecuencia que las desplazadas por desastres, los factores subyacentes siguen siendo consistentes a trav\u00e9s de los diferentes contextos &#8211; seguridad, estabilidad y oportunidades de medios de subsistencia, son fundamentales\u00bb, advierte la investigaci\u00f3n publicada por OIM.<\/p>\n\n\n\n<p><em>[Con reporte adicional de Eugenia Sagastume, en Guatemala, y N\u00e9stor Aguilera, en Ecuador]<\/em><\/p>\n","protected":false},"excerpt":{"rendered":"<p>diciembre 18, 2024 Cada 18 de diciembre se conmemora el D\u00eda Internacional del Migrante, una fecha escogida por la ONU en el a\u00f1o 2000 para hacer frente a los flujos migratorios en ascenso desde aquella \u00e9poca. M\u00e1s de dos d\u00e9cadas despu\u00e9s el panorama empeora, cobrando vidas en todo el planeta. \u00c1ngel Rivero lleg\u00f3 hace dos [&hellip;]<\/p>\n","protected":false},"author":28,"featured_media":0,"comment_status":"closed","ping_status":"closed","sticky":true,"template":"","format":"standard","meta":{"footnotes":""},"categories":[36,23],"tags":[],"class_list":["post-583951","post","type-post","status-publish","format-standard","hentry","category-hombresmujeresycosas","category-internacional"],"_links":{"self":[{"href":"https:\/\/diariodominicano.com\/index.php?rest_route=\/wp\/v2\/posts\/583951","targetHints":{"allow":["GET"]}}],"collection":[{"href":"https:\/\/diariodominicano.com\/index.php?rest_route=\/wp\/v2\/posts"}],"about":[{"href":"https:\/\/diariodominicano.com\/index.php?rest_route=\/wp\/v2\/types\/post"}],"author":[{"embeddable":true,"href":"https:\/\/diariodominicano.com\/index.php?rest_route=\/wp\/v2\/users\/28"}],"replies":[{"embeddable":true,"href":"https:\/\/diariodominicano.com\/index.php?rest_route=%2Fwp%2Fv2%2Fcomments&post=583951"}],"version-history":[{"count":1,"href":"https:\/\/diariodominicano.com\/index.php?rest_route=\/wp\/v2\/posts\/583951\/revisions"}],"predecessor-version":[{"id":583952,"href":"https:\/\/diariodominicano.com\/index.php?rest_route=\/wp\/v2\/posts\/583951\/revisions\/583952"}],"wp:attachment":[{"href":"https:\/\/diariodominicano.com\/index.php?rest_route=%2Fwp%2Fv2%2Fmedia&parent=583951"}],"wp:term":[{"taxonomy":"category","embeddable":true,"href":"https:\/\/diariodominicano.com\/index.php?rest_route=%2Fwp%2Fv2%2Fcategories&post=583951"},{"taxonomy":"post_tag","embeddable":true,"href":"https:\/\/diariodominicano.com\/index.php?rest_route=%2Fwp%2Fv2%2Ftags&post=583951"}],"curies":[{"name":"wp","href":"https:\/\/api.w.org\/{rel}","templated":true}]}}