{"id":583928,"date":"2024-12-18T10:54:10","date_gmt":"2024-12-18T14:54:10","guid":{"rendered":"https:\/\/diariodominicano.com\/?p=583928"},"modified":"2024-12-18T10:54:19","modified_gmt":"2024-12-18T14:54:19","slug":"tetra-pak-presenta-el-reciclarbol-de-navidad-en-el-jardin-botanico-nacional-de-republica-dominicana","status":"publish","type":"post","link":"https:\/\/diariodominicano.com\/?p=583928","title":{"rendered":"Tetra Pak presenta el Recicl\u00e1rbol de Navidad en el Jard\u00edn Bot\u00e1nico Nacional de Rep\u00fablica Dominicana"},"content":{"rendered":"\n<p>diariodominicano.com<\/p>\n\n\n\n<p><strong>Santo Domingo, R. D.,<\/strong>\u2002<strong>18 diciembre 2024.- \u00a0<\/strong>Con gran entusiasmo, Tetra Pak, a trav\u00e9s de su programa de reciclaje regional \u201cTu Papel Cuenta\u201d, inaugur\u00f3 el Recicl\u00e1rbol de Navidad en el emblem\u00e1tico Jard\u00edn Bot\u00e1nico Nacional Doctor Rafael Mar\u00eda Moscoso. Esta iniciativa combina la magia de la \u00e9poca navide\u00f1a con un mensaje de sostenibilidad, destacando la importancia de conservar los recursos naturales mediante el reciclaje.<\/p>\n\n\n\n<p>Cabe destacar que, con 15 pies de altura, el \u00e1rbol fue construido con l\u00e1minas recicladas de polialuminio, creadas a partir de m\u00e1s de 58,000 envases posconsumo de Tetra Pak. Este proyecto refleja el firme compromiso de la empresa con la sostenibilidad ambiental y forma parte de las acciones que realiza en el pa\u00eds junto a aliados estrat\u00e9gicos en la cadena de recolecci\u00f3n y reciclaje.<\/p>\n\n\n\n<p>La inauguraci\u00f3n del Recicl\u00e1rbol, realizada en alianza con el Jard\u00edn Bot\u00e1nico Nacional, Grupo Rica y Green Love, fue una experiencia familiar inolvidable que incluy\u00f3 actividades como pintacaritas, personajes navide\u00f1os, m\u00fasica y din\u00e1micas recreativas. Estas actividades no solo buscaron transmitir la magia de la Navidad, sino tambi\u00e9n fomentar la importancia del reciclaje y la protecci\u00f3n del planeta.<\/p>\n\n\n\n<p><a><\/a>Guillermo Pugliese, director de Sostenibilidad de Tetra Pak para Andina, Centroam\u00e9rica, el Caribe y M\u00e9xico expres\u00f3 que: \u201cNos alegra celebrar una vez m\u00e1s la Navidad de una forma tan especial, con este \u00e1rbol que simboliza nuestro compromiso con un futuro m\u00e1s sostenible. Invitamos a todos los dominicanos y dominicanas a visitarlo durante diciembre y a unirse a las diferentes actividades e iniciativas que promovemos durante todo el a\u00f1o, enfocadas en fomentar el reciclaje de los envases posconsumo de Tetra Pak y asegurar su correcta disposici\u00f3n para convertirlos en materia prima o nuevos productos\u201d.<\/p>\n\n\n\n<p>Durante el evento, se llev\u00f3 a cabo un canje de envases posconsumo de Tetra Pak, donde la comunidad entreg\u00f3 organizadamente sus envases limpios, secos y aplastados para su posterior reciclaje. Adem\u00e1s, los asistentes disfrutaron de un recorrido por el Jard\u00edn Bot\u00e1nico Nacional, descubriendo su belleza y su aporte a la conservaci\u00f3n del medioambiente.<\/p>\n\n\n\n<p>Para conocer m\u00e1s sobre el reciclaje de envases de cart\u00f3n de Tetra Pak y el programa de reciclaje regional \u201cTu Papel Cuenta\u201d, la compa\u00f1\u00eda pone a disposici\u00f3n la p\u00e1gina web&nbsp;<a href=\"http:\/\/www.tupapelcuenta.com\/guatemala\" target=\"_blank\" rel=\"noreferrer noopener\">www.tupapelcuenta.com<\/a>&nbsp;recurso informativo que incluye detalles sobre reciclaje, un directorio de recuperadores, puntos de acopio y diversas iniciativas de recolecci\u00f3n.<\/p>\n\n\n\n<p><strong>ANNAY MART\u00cdNEZ&nbsp;<\/strong><\/p>\n\n\n\n<p><strong>Asesora de Comunicaciones Senior&nbsp;<\/strong><\/p>\n","protected":false},"excerpt":{"rendered":"<p>diariodominicano.com Santo Domingo, R. D.,\u200218 diciembre 2024.- \u00a0Con gran entusiasmo, Tetra Pak, a trav\u00e9s de su programa de reciclaje regional \u201cTu Papel Cuenta\u201d, inaugur\u00f3 el Recicl\u00e1rbol de Navidad en el emblem\u00e1tico Jard\u00edn Bot\u00e1nico Nacional Doctor Rafael Mar\u00eda Moscoso. Esta iniciativa combina la magia de la \u00e9poca navide\u00f1a con un mensaje de sostenibilidad, destacando la importancia [&hellip;]<\/p>\n","protected":false},"author":5,"featured_media":583932,"comment_status":"closed","ping_status":"closed","sticky":true,"template":"","format":"standard","meta":{"footnotes":""},"categories":[20,25,27],"tags":[],"class_list":["post-583928","post","type-post","status-publish","format-standard","has-post-thumbnail","hentry","category-dominicana-hoy","category-gente","category-portada"],"_links":{"self":[{"href":"https:\/\/diariodominicano.com\/index.php?rest_route=\/wp\/v2\/posts\/583928","targetHints":{"allow":["GET"]}}],"collection":[{"href":"https:\/\/diariodominicano.com\/index.php?rest_route=\/wp\/v2\/posts"}],"about":[{"href":"https:\/\/diariodominicano.com\/index.php?rest_route=\/wp\/v2\/types\/post"}],"author":[{"embeddable":true,"href":"https:\/\/diariodominicano.com\/index.php?rest_route=\/wp\/v2\/users\/5"}],"replies":[{"embeddable":true,"href":"https:\/\/diariodominicano.com\/index.php?rest_route=%2Fwp%2Fv2%2Fcomments&post=583928"}],"version-history":[{"count":1,"href":"https:\/\/diariodominicano.com\/index.php?rest_route=\/wp\/v2\/posts\/583928\/revisions"}],"predecessor-version":[{"id":583934,"href":"https:\/\/diariodominicano.com\/index.php?rest_route=\/wp\/v2\/posts\/583928\/revisions\/583934"}],"wp:featuredmedia":[{"embeddable":true,"href":"https:\/\/diariodominicano.com\/index.php?rest_route=\/wp\/v2\/media\/583932"}],"wp:attachment":[{"href":"https:\/\/diariodominicano.com\/index.php?rest_route=%2Fwp%2Fv2%2Fmedia&parent=583928"}],"wp:term":[{"taxonomy":"category","embeddable":true,"href":"https:\/\/diariodominicano.com\/index.php?rest_route=%2Fwp%2Fv2%2Fcategories&post=583928"},{"taxonomy":"post_tag","embeddable":true,"href":"https:\/\/diariodominicano.com\/index.php?rest_route=%2Fwp%2Fv2%2Ftags&post=583928"}],"curies":[{"name":"wp","href":"https:\/\/api.w.org\/{rel}","templated":true}]}}