{"id":583921,"date":"2024-12-18T10:37:16","date_gmt":"2024-12-18T14:37:16","guid":{"rendered":"https:\/\/diariodominicano.com\/?p=583921"},"modified":"2024-12-18T10:37:23","modified_gmt":"2024-12-18T14:37:23","slug":"asi-nacio-mi-burrito-sabanero-uno-de-los-100-mejores-villancicos-de-la-historia","status":"publish","type":"post","link":"https:\/\/diariodominicano.com\/?p=583921","title":{"rendered":"As\u00ed naci\u00f3 \u201cMi Burrito Sabanero\u201d, uno de los 100 mejores villancicos de la historia"},"content":{"rendered":"\n<p>diariodominicano.com<\/p>\n\n\n\n<p>Por <strong>Andr\u00e9s Henr\u00edquez<\/strong>,\u2002escritor para ACI Prensa y corresponsal de EWTN<\/p>\n\n\n\n<p>Vaticano,\u200218 de diciembre, 2024.-\u2002El villancico\u00a0<a href=\"https:\/\/eldiario.com\/2021\/12\/30\/burrito-sabanero-100-mejores-canciones-navidad\/\"><em>Mi Burrito Sabanero<\/em><\/a>\u00a0es muy popular en Latinoam\u00e9rica. Fue compuesta en 1972 por el venezolano Hugo Blanco, aunque su versi\u00f3n m\u00e1s popular se grab\u00f3 en 1975, por un grupo del Coro Infantil Venezuela conocido como\u00a0<em>La Rondallita.<\/em><\/p>\n\n\n\n<p>La canci\u00f3n narra el viaje de un ni\u00f1o hacia Bel\u00e9n montado en su burrito, guiado por un lucero ma\u00f1anero, con la intenci\u00f3n de ver al ni\u00f1o Jes\u00fas. La letra destaca elementos tradicionales venezolanos y ha sido interpretada por diversos artistas y grupos infantiles a lo largo de los a\u00f1os.<\/p>\n\n\n\n<p>La letra destaca elementos tradicionales de Venezuela como el \u00abcuatrico\u00bb, un instrumento musical t\u00edpico de cuatro cuerdas, o la \u201csabana\u201d \u2014que le da nombre al tema\u2014 y que se refiere a las llanuras extensas del pa\u00eds.<\/p>\n\n\n\n<p><a href=\"https:\/\/www.diariolasamericas.com\/cultura\/muere-hugo-blanco-compositor-moliendo-cafe-n3164294\">Blanco naci\u00f3 en Caracas<\/a>, el 25 de septiembre de 1940. Desde muy joven se interes\u00f3 por la m\u00fasica tradicional venezolana. Entre sus temas m\u00e1s reconocidos en el pa\u00eds, destaca la ic\u00f3nica&nbsp;<em>Moliendo Caf\u00e9<\/em>, escrita en 1958, aunque Blanco se disputa la autor\u00eda con su t\u00edo Jos\u00e9 Manzo Perroni.<\/p>\n\n\n\n<p>Poco despu\u00e9s de componer&nbsp;<em>Mi Burrito Sabanero<\/em>, el villancico fue interpretado por el reconocido cantautor de m\u00fasica venezolana Sim\u00f3n D\u00edaz, pero a Blanco le pareci\u00f3 \u201cque sonaba mejor en las voces de unos ni\u00f1os, voces infantiles\u201d,&nbsp;<a href=\"https:\/\/www.bbc.com\/mundo\/noticias-59762935\">seg\u00fan coment\u00f3 a la BBC<\/a>&nbsp;Aguasanta M\u00e1rquez, actual directora del Coro Infantil Venezuela.<\/p>\n\n\n\n<p>Es entonces cuando Blanco decide ponerse en contacto con el Coro Infantil Venezuela, en especial con su famoso arreglista Ra\u00fal Cabrera, quien tambi\u00e9n era su director en aquellos d\u00edas.<\/p>\n\n\n\n<p>\u201cEl profesor Cabrera lo que hizo fue el montaje coral, el arreglo musical para un montaje coral infantil. Hugo Blanco escoge con el profesor [Cabrera] a los ni\u00f1os que van a grabar&nbsp;<em>Mi Burrito Sabanero<\/em>\u201d, explica M\u00e1rquez.<\/p>\n\n\n\n<p>La voz principal fue la de Ricardo Cuenci, de 8 a\u00f1os para ese entonces, quien asegur\u00f3 a la cadena brit\u00e1nica que la m\u00fasica fue parte esencial de su vida desde muy peque\u00f1o.&nbsp;<\/p>\n\n\n\n<p>\u201cCuando yo ten\u00eda 4 o 5 a\u00f1os, mi pap\u00e1 participaba en una agrupaci\u00f3n de m\u00fasica llanera. Yo agarraba una cajita de f\u00f3sforos, le met\u00eda clavitos y empezaba a tocar maracas porque ve\u00eda a los otros tocando maracas\u201d, afirm\u00f3.<\/p>\n\n\n\n<p>Ahora con 57 a\u00f1os, recuerda c\u00f3mo fue escogido para interpretar el villancico: \u201cYo me puse a tararear en los pasillos del estudio y a cantar&nbsp;<em>El Burrito Sabanero<\/em>. Entonces salen y escuchan lo que estoy cantando y como yo sab\u00eda que ten\u00eda c\u00f3mo cantarlo, la cant\u00e9\u201d, asegur\u00f3 Cuenci.<\/p>\n\n\n\n<p>Sobre el \u00e9xito de la canci\u00f3n y el impacto que tiene para tanta gente alrededor del mundo, Cuenci&nbsp;<a href=\"https:\/\/www.youtube.com\/watch?v=xqFHIbWBlnI&amp;t\">indic\u00f3<\/a>&nbsp;que radica en su capacidad de hacer que todos se llenen \u201cde alegr\u00eda, de satisfacci\u00f3n, de esperanza, de \u00e1nimo, de entusiasmo, de nunca perder la fe. Si no fuese as\u00ed, ya hubiese desaparecido, pero por algo sigue sonando\u201d.<\/p>\n\n\n\n<p>Ra\u00fal Cabrera fue el encargado de difundir el villancico, expresa M\u00e1rquez: \u201cCuando sale publicado el disco, el maestro Cabrera trabajaba en una tienda de discos que era de su pap\u00e1. Y era \u00e9l el que llevaba los discos a las rocolas de todo el pa\u00eds. Y \u00bfqu\u00e9 hizo \u00e9l? Empez\u00f3 a meter el disco del burrito sabanero para que lo empezaran a colocar en las rocolas\u201d explic\u00f3.\u00a0<\/p>\n\n\n\n<p>A partir de ese momento,&nbsp;<em>Mi Burrito Sabanero&nbsp;<\/em>empez\u00f3 a ganar fama, primero en Caracas y luego en toda Latinoam\u00e9rica.<\/p>\n\n\n\n<p>\u201cDe all\u00ed, La Rondallita empez\u00f3 a hacerse famosa afuera, sobre todo en Puerto Rico. Viaj\u00f3 La Rondallita a Puerto Rico, pero lo c\u00f3mico es que los ni\u00f1os que viajaron no son los mismos que grabaron. Entre los que viajaron no estaba Ricardo Cuenci\u201d, se\u00f1al\u00f3 M\u00e1rquez.<\/p>\n\n\n\n<p>Este a\u00f1o, la revista Billboard ubic\u00f3 a&nbsp;<em>Mi Burrito Sabanero&nbsp;<\/em>en el puesto 96 de las&nbsp;<a href=\"https:\/\/www.billboard.com\/lists\/best-christmas-songs\/johnny-mathis-the-sounds-of-christmas-1963\/\">100 mejores canciones navide\u00f1as de todos los tiempos:<\/a><\/p>\n\n\n\n<p>\u201cEl grupo musical infantil La Rondallita perdura, casi 50 a\u00f1os despu\u00e9s. Una sencilla pero r\u00edtmica canci\u00f3n popular venezolana que se ha convertido en un cl\u00e1sico atemporal en todos los pa\u00edses latinoamericanos y que inyecta nostalgia en cada \u00e9poca navide\u00f1a\u201d, se lee en la rese\u00f1a.<\/p>\n\n\n\n<p><\/p>\n","protected":false},"excerpt":{"rendered":"<p>diariodominicano.com Por Andr\u00e9s Henr\u00edquez,\u2002escritor para ACI Prensa y corresponsal de EWTN Vaticano,\u200218 de diciembre, 2024.-\u2002El villancico\u00a0Mi Burrito Sabanero\u00a0es muy popular en Latinoam\u00e9rica. Fue compuesta en 1972 por el venezolano Hugo Blanco, aunque su versi\u00f3n m\u00e1s popular se grab\u00f3 en 1975, por un grupo del Coro Infantil Venezuela conocido como\u00a0La Rondallita. La canci\u00f3n narra el viaje [&hellip;]<\/p>\n","protected":false},"author":5,"featured_media":583923,"comment_status":"closed","ping_status":"closed","sticky":true,"template":"","format":"standard","meta":{"footnotes":""},"categories":[21,25,27],"tags":[],"class_list":["post-583921","post","type-post","status-publish","format-standard","has-post-thumbnail","hentry","category-cultura","category-gente","category-portada"],"_links":{"self":[{"href":"https:\/\/diariodominicano.com\/index.php?rest_route=\/wp\/v2\/posts\/583921","targetHints":{"allow":["GET"]}}],"collection":[{"href":"https:\/\/diariodominicano.com\/index.php?rest_route=\/wp\/v2\/posts"}],"about":[{"href":"https:\/\/diariodominicano.com\/index.php?rest_route=\/wp\/v2\/types\/post"}],"author":[{"embeddable":true,"href":"https:\/\/diariodominicano.com\/index.php?rest_route=\/wp\/v2\/users\/5"}],"replies":[{"embeddable":true,"href":"https:\/\/diariodominicano.com\/index.php?rest_route=%2Fwp%2Fv2%2Fcomments&post=583921"}],"version-history":[{"count":1,"href":"https:\/\/diariodominicano.com\/index.php?rest_route=\/wp\/v2\/posts\/583921\/revisions"}],"predecessor-version":[{"id":583924,"href":"https:\/\/diariodominicano.com\/index.php?rest_route=\/wp\/v2\/posts\/583921\/revisions\/583924"}],"wp:featuredmedia":[{"embeddable":true,"href":"https:\/\/diariodominicano.com\/index.php?rest_route=\/wp\/v2\/media\/583923"}],"wp:attachment":[{"href":"https:\/\/diariodominicano.com\/index.php?rest_route=%2Fwp%2Fv2%2Fmedia&parent=583921"}],"wp:term":[{"taxonomy":"category","embeddable":true,"href":"https:\/\/diariodominicano.com\/index.php?rest_route=%2Fwp%2Fv2%2Fcategories&post=583921"},{"taxonomy":"post_tag","embeddable":true,"href":"https:\/\/diariodominicano.com\/index.php?rest_route=%2Fwp%2Fv2%2Ftags&post=583921"}],"curies":[{"name":"wp","href":"https:\/\/api.w.org\/{rel}","templated":true}]}}