{"id":583897,"date":"2024-12-18T09:55:09","date_gmt":"2024-12-18T13:55:09","guid":{"rendered":"https:\/\/diariodominicano.com\/?p=583897"},"modified":"2024-12-18T10:07:09","modified_gmt":"2024-12-18T14:07:09","slug":"la-onda-rinde-homenaje-a-sophy-hernandez-por-su-legado-musical","status":"publish","type":"post","link":"https:\/\/diariodominicano.com\/?p=583897","title":{"rendered":"La ONDA rinde homenaje a Sophy Hern\u00e1ndez por su legado art\u00edstico"},"content":{"rendered":"\n<p>El empresario Billy Habum, Sophy, el director de la ONDA y Armando Olivero.<\/p>\n\n\n\n<figure class=\"wp-block-image size-large\"><img loading=\"lazy\" decoding=\"async\" width=\"1024\" height=\"682\" src=\"https:\/\/diariodominicano.com\/wp-content\/uploads\/2024\/12\/La-cantante-Sophy-se-dirige-a-los-presentes-tras-recibir-el-reconocimiento-1024x682.jpeg\" alt=\"\" class=\"wp-image-583900\" srcset=\"https:\/\/diariodominicano.com\/wp-content\/uploads\/2024\/12\/La-cantante-Sophy-se-dirige-a-los-presentes-tras-recibir-el-reconocimiento-1024x682.jpeg 1024w, https:\/\/diariodominicano.com\/wp-content\/uploads\/2024\/12\/La-cantante-Sophy-se-dirige-a-los-presentes-tras-recibir-el-reconocimiento-300x200.jpeg 300w, https:\/\/diariodominicano.com\/wp-content\/uploads\/2024\/12\/La-cantante-Sophy-se-dirige-a-los-presentes-tras-recibir-el-reconocimiento-768x512.jpeg 768w, https:\/\/diariodominicano.com\/wp-content\/uploads\/2024\/12\/La-cantante-Sophy-se-dirige-a-los-presentes-tras-recibir-el-reconocimiento-1536x1024.jpeg 1536w, https:\/\/diariodominicano.com\/wp-content\/uploads\/2024\/12\/La-cantante-Sophy-se-dirige-a-los-presentes-tras-recibir-el-reconocimiento-2048x1365.jpeg 2048w, https:\/\/diariodominicano.com\/wp-content\/uploads\/2024\/12\/La-cantante-Sophy-se-dirige-a-los-presentes-tras-recibir-el-reconocimiento-816x544.jpeg 816w\" sizes=\"auto, (max-width: 1024px) 100vw, 1024px\" \/><\/figure>\n\n\n\n<p><strong><em>La int\u00e9rprete puertorrique\u00f1a recibi\u00f3 reconocimiento por su trayectoria y relaci\u00f3n con el pueblo dominicano.<\/em><\/strong><\/p>\n\n\n\n<p>SANTO DOMINGO, mi\u00e9rcoles 18 de dic. 2024.- En un evento lleno de emoci\u00f3n y gratitud, la Oficina Nacional de Derecho de Autor (ONDA) rindi\u00f3 homenaje el martes a la talentosa int\u00e9rprete puertorrique\u00f1a Sophy Hern\u00e1ndez, en reconocimiento a su exitosa carrera art\u00edstica y a su estrecha relaci\u00f3n con el pueblo dominicano. La actividad se celebr\u00f3 en la sede de la ONDA, ubicada en la calle Roberto Pastoriza, en el ensanche Naco de la capital, y cont\u00f3 con la presencia de destacados artistas, representantes de sociedades de gesti\u00f3n colectiva y personalidades del \u00e1mbito cultural.<\/p>\n\n\n\n<p>El director general de la ONDA, licenciado Jos\u00e9 Ruben Gonell Cosme, destaco las cualidades art\u00edsticas de Sophy Hern\u00e1ndez, quien a lo largo de los a\u00f1os ha logrado conectar con el p\u00fablico de diversos pa\u00edses\u00b4, en especial con el de Rep\u00fablica Dominicana. Gonell Cosme entreg\u00f3 una placa de reconocimiento a la artista, quien, con humildad y emoci\u00f3n, agradeci\u00f3 el respaldo incondicional de la Rep\u00fablica Dominicana, pa\u00eds al que considera su \u201csegunda patria\u201d.<\/p>\n\n\n\n<figure class=\"wp-block-image size-large\"><img loading=\"lazy\" decoding=\"async\" width=\"1024\" height=\"764\" src=\"https:\/\/diariodominicano.com\/wp-content\/uploads\/2024\/12\/Sophy-agradece-el-reconocimiento-de-la-ONDA-1024x764.jpeg\" alt=\"\" class=\"wp-image-583902\" srcset=\"https:\/\/diariodominicano.com\/wp-content\/uploads\/2024\/12\/Sophy-agradece-el-reconocimiento-de-la-ONDA-1024x764.jpeg 1024w, https:\/\/diariodominicano.com\/wp-content\/uploads\/2024\/12\/Sophy-agradece-el-reconocimiento-de-la-ONDA-300x224.jpeg 300w, https:\/\/diariodominicano.com\/wp-content\/uploads\/2024\/12\/Sophy-agradece-el-reconocimiento-de-la-ONDA-768x573.jpeg 768w, https:\/\/diariodominicano.com\/wp-content\/uploads\/2024\/12\/Sophy-agradece-el-reconocimiento-de-la-ONDA-1536x1145.jpeg 1536w, https:\/\/diariodominicano.com\/wp-content\/uploads\/2024\/12\/Sophy-agradece-el-reconocimiento-de-la-ONDA-816x608.jpeg 816w, https:\/\/diariodominicano.com\/wp-content\/uploads\/2024\/12\/Sophy-agradece-el-reconocimiento-de-la-ONDA.jpeg 1600w\" sizes=\"auto, (max-width: 1024px) 100vw, 1024px\" \/><\/figure>\n\n\n\n<p><strong>Sophy expres\u00f3 su agradecimiento.<\/strong><\/p>\n\n\n\n<p>\u201cEs un honor recibir este homenaje del pueblo dominicano, que siempre ha mostrado un cari\u00f1o inmenso hacia mi m\u00fasica y mi carrera. Gracias por ser parte de mi vida, de mi historia\u201d, expres\u00f3 Sophy, visiblemente emocionada. Adem\u00e1s, la cantante record\u00f3 sus a\u00f1os de formaci\u00f3n en Nueva York y su primer encuentro con la m\u00fasica, donde logr\u00f3 conquistar grandes escenarios internacionales.<\/p>\n\n\n\n<p>Antes de las intervenciones de Gonell Cosme y Sophy, el maestro Armando Olivero, encargado del Departamento de Peritaje de la ONDA, elogi\u00f3 la trayectoria de la artista, destacando su versatilidad y la capacidad de conectar con diferentes p\u00fablicos.<\/p>\n\n\n\n<p>\u201cSophy no solo es una gran int\u00e9rprete, sino una mujer que ha sabido c\u00f3mo tocar el coraz\u00f3n de la gente, particularmente del pueblo dominicano\u201d, expres\u00f3 Olivero.<\/p>\n\n\n\n<p>Entre los asistentes al acto estuvieron Jackeline Est\u00e9vez, Tito Kenton; Wanda Sanchez, presidente de la Asiciacion de Cronistas de Arte (ACROARTE), el empresario art\u00edstico Billy Hasbum, entre otras personalidades.<\/p>\n\n\n\n<p><strong>Una carrera llena de \u00e9xitos<\/strong><\/p>\n\n\n\n<p>Durante la sencilla ceremonia se ponder\u00f3 que&nbsp; Sophy de Puerto Rico, como se le conoce en los medios internacionales, comenz\u00f3 su carrera musical de manera temprana, siendo contratada por el maestro Tito Puente como vocalista de su orquesta. Su participaci\u00f3n en el show \u201cTito Puente y su Mundo Latino\u201d, transmitido por el canal 47 en Newark, fue solo el inicio de una carrera llena de logros. En Puerto Rico, fue pionera en grabar un disco en vivo, \u201cSophy en Concierto Internacional\u201d, transmitido simult\u00e1neamente por televisi\u00f3n y dedicado a toda Latinoam\u00e9rica.<\/p>\n\n\n\n<p>A lo largo de su carrera, Sophy ha incursionado en diversos g\u00e9neros musicales, desde baladas y boleros hasta salsa, merengue, bachata y tango moderno. Fue la primera cantante puertorrique\u00f1a en grabar merengue, rompiendo barreras en la industria musical y obteniendo un \u00e9xito rotundo.<\/p>\n\n\n\n<figure class=\"wp-block-image size-large\"><img loading=\"lazy\" decoding=\"async\" width=\"1024\" height=\"659\" src=\"https:\/\/diariodominicano.com\/wp-content\/uploads\/2024\/12\/Jose-Ruben-Gonel-Cosme-y-Armando-Olivero-entregan-la-placa-de-reconocimiento-an-Sophy-1024x659.jpeg\" alt=\"\" class=\"wp-image-583905\" srcset=\"https:\/\/diariodominicano.com\/wp-content\/uploads\/2024\/12\/Jose-Ruben-Gonel-Cosme-y-Armando-Olivero-entregan-la-placa-de-reconocimiento-an-Sophy-1024x659.jpeg 1024w, https:\/\/diariodominicano.com\/wp-content\/uploads\/2024\/12\/Jose-Ruben-Gonel-Cosme-y-Armando-Olivero-entregan-la-placa-de-reconocimiento-an-Sophy-300x193.jpeg 300w, https:\/\/diariodominicano.com\/wp-content\/uploads\/2024\/12\/Jose-Ruben-Gonel-Cosme-y-Armando-Olivero-entregan-la-placa-de-reconocimiento-an-Sophy-768x494.jpeg 768w, https:\/\/diariodominicano.com\/wp-content\/uploads\/2024\/12\/Jose-Ruben-Gonel-Cosme-y-Armando-Olivero-entregan-la-placa-de-reconocimiento-an-Sophy-1536x988.jpeg 1536w, https:\/\/diariodominicano.com\/wp-content\/uploads\/2024\/12\/Jose-Ruben-Gonel-Cosme-y-Armando-Olivero-entregan-la-placa-de-reconocimiento-an-Sophy-2048x1318.jpeg 2048w, https:\/\/diariodominicano.com\/wp-content\/uploads\/2024\/12\/Jose-Ruben-Gonel-Cosme-y-Armando-Olivero-entregan-la-placa-de-reconocimiento-an-Sophy-816x525.jpeg 816w\" sizes=\"auto, (max-width: 1024px) 100vw, 1024px\" \/><\/figure>\n\n\n\n<p><strong>El v\u00ednculo con Rep\u00fablica Dominicana<\/strong><\/p>\n\n\n\n<p>La relaci\u00f3n de Sophy con Rep\u00fablica Dominicana es profunda y duradera. A lo largo de su carrera, la artista ha sido una invitada frecuente en importantes escenarios del pa\u00eds, como el Club La Fuente del Hotel Jaragua, el Teatro Nacional, el Maunaloa y el Estadio Ol\u00edmpico, donde su espect\u00e1culo congreg\u00f3 a m\u00e1s de 50,000 personas en una presentaci\u00f3n hist\u00f3rica. En cada una de estas ocasiones, Sophy ha demostrado su amor por la m\u00fasica y por el p\u00fablico dominicano, que la ha recibido con los brazos abiertos.<\/p>\n\n\n\n<p>La cantante tambi\u00e9n ha tenido la oportunidad de trabajar con renombrados productores y arreglistas, como el maestro Armando Manzanero y Julio Guti\u00e9rrez, quien fue su director musical durante tres a\u00f1os y quien compuso algunas de las canciones m\u00e1s emblem\u00e1ticas de la m\u00fasica latinoamericana.<\/p>\n\n\n\n<p>El homenaje de la ONDA a Sophy Hern\u00e1ndez fue un reconocimiento merecido a una artista que ha dejado una huella imborrable en la m\u00fasica latina y que contin\u00faa siendo un referente para generaciones de m\u00fasicos y fans.<\/p>\n\n\n\n<p>abrahan montero<\/p>\n\n\n\n<p>abrahan montero ()<\/p>\n\n\n\n<p><a target=\"_blank\" href=\"mailto:montero_fulcar@yahoo.es\" rel=\"noreferrer noopener\">montero_fulcar@yahoo.es<\/a><\/p>\n\n\n\n<p>Departamento de Comunicaciones de la ONDA<\/p>\n\n\n\n<p>&#8212;<\/p>\n","protected":false},"excerpt":{"rendered":"<p>El empresario Billy Habum, Sophy, el director de la ONDA y Armando Olivero. La int\u00e9rprete puertorrique\u00f1a recibi\u00f3 reconocimiento por su trayectoria y relaci\u00f3n con el pueblo dominicano. SANTO DOMINGO, mi\u00e9rcoles 18 de dic. 2024.- En un evento lleno de emoci\u00f3n y gratitud, la Oficina Nacional de Derecho de Autor (ONDA) rindi\u00f3 homenaje el martes a [&hellip;]<\/p>\n","protected":false},"author":28,"featured_media":583898,"comment_status":"closed","ping_status":"closed","sticky":true,"template":"","format":"standard","meta":{"footnotes":""},"categories":[36,25,27],"tags":[],"class_list":["post-583897","post","type-post","status-publish","format-standard","has-post-thumbnail","hentry","category-hombresmujeresycosas","category-gente","category-portada"],"_links":{"self":[{"href":"https:\/\/diariodominicano.com\/index.php?rest_route=\/wp\/v2\/posts\/583897","targetHints":{"allow":["GET"]}}],"collection":[{"href":"https:\/\/diariodominicano.com\/index.php?rest_route=\/wp\/v2\/posts"}],"about":[{"href":"https:\/\/diariodominicano.com\/index.php?rest_route=\/wp\/v2\/types\/post"}],"author":[{"embeddable":true,"href":"https:\/\/diariodominicano.com\/index.php?rest_route=\/wp\/v2\/users\/28"}],"replies":[{"embeddable":true,"href":"https:\/\/diariodominicano.com\/index.php?rest_route=%2Fwp%2Fv2%2Fcomments&post=583897"}],"version-history":[{"count":6,"href":"https:\/\/diariodominicano.com\/index.php?rest_route=\/wp\/v2\/posts\/583897\/revisions"}],"predecessor-version":[{"id":583909,"href":"https:\/\/diariodominicano.com\/index.php?rest_route=\/wp\/v2\/posts\/583897\/revisions\/583909"}],"wp:featuredmedia":[{"embeddable":true,"href":"https:\/\/diariodominicano.com\/index.php?rest_route=\/wp\/v2\/media\/583898"}],"wp:attachment":[{"href":"https:\/\/diariodominicano.com\/index.php?rest_route=%2Fwp%2Fv2%2Fmedia&parent=583897"}],"wp:term":[{"taxonomy":"category","embeddable":true,"href":"https:\/\/diariodominicano.com\/index.php?rest_route=%2Fwp%2Fv2%2Fcategories&post=583897"},{"taxonomy":"post_tag","embeddable":true,"href":"https:\/\/diariodominicano.com\/index.php?rest_route=%2Fwp%2Fv2%2Ftags&post=583897"}],"curies":[{"name":"wp","href":"https:\/\/api.w.org\/{rel}","templated":true}]}}