{"id":583890,"date":"2024-12-18T09:44:27","date_gmt":"2024-12-18T13:44:27","guid":{"rendered":"https:\/\/diariodominicano.com\/?p=583890"},"modified":"2024-12-18T09:44:35","modified_gmt":"2024-12-18T13:44:35","slug":"tres-movimientos-haitianos-en-republica-dominicana-convocan-a-un-paro-de-labores","status":"publish","type":"post","link":"https:\/\/diariodominicano.com\/?p=583890","title":{"rendered":"Tres movimientos haitianos en Rep\u00fablica Dominicana convocan a un paro de labores"},"content":{"rendered":"\n<p>diariodominicano.com<\/p>\n\n\n\n<p>Santo Domingo, 17 dic (Prensa Latina) Organizaciones haitianas convocaron hoy a un paro de labores ma\u00f1ana en este pa\u00eds para \u00abvisibilizar\u00bb los aportes de esa comunidad a la econom\u00eda dominicana y reclamar el cese de las deportaciones masivas por parte del Gobierno.<\/p>\n\n\n\n<p>En un comunicado, Colectivo #HaitianosRD, el Movimiento de Mujeres Dominico-Haitianas (Mudha) y las Asociaciones Solidarias de Obreros Migrantes de La L\u00ednea Noroeste (Asomilin), entre otras, instaron a unirse en defensa de la dignidad.<\/p>\n\n\n\n<p>El peri\u00f3dico Acento public\u00f3 que el paro se concretar\u00e1 a prop\u00f3sito de la conmemoraci\u00f3n este mi\u00e9rcoles del D\u00eda Internacional del Migrante, instaurado por la Asamblea General de las Naciones Unidas en el 2000.<\/p>\n\n\n\n<p>Las agrupaciones llamaron a respaldar la protesta pac\u00edfica, que denominaron \u00abUn d\u00eda sin migrantes\u00bb.<\/p>\n\n\n\n<p>Los convocantes reclaman detener las deportaciones masivas, no obstaculizar la regularizaci\u00f3n migratoria, pagar las pensiones a los ca\u00f1eros retirados que cotizaron a la seguridad social durante d\u00e9cadas y respetar los principios de igualdad salarial.<\/p>\n\n\n\n<p>Asimismo, exigen libertad sindical para los trabajadores inmigrantes haitianos y \u00abponer fin a los discursos de odio de las autoridades contra los trabajadores de la vecina naci\u00f3n, reconociendo su aporte a la econom\u00eda nacional\u00bb.<\/p>\n\n\n\n<p>El paro tambi\u00e9n es organizado por el Movimiento Socio-Cultural de Trabajo Humanitario y Ambiental (Mosctha), Liga Haitiana Internacional (Lihaiti), Comit\u00e9 de Defensa Comunitaria Las Terrenas y el Consejo de la Migraci\u00f3n y la Di\u00e1spora Haitiana Internacional (Comidih).<\/p>\n\n\n\n<p>El peri\u00f3dico Acento precis\u00f3 que las organizaciones reafirmaron en el comunicado que la fuerza de trabajo inmigrante sostiene \u00abel crecimiento econ\u00f3mico, especialmente en los sectores agr\u00edcolas, de la construcci\u00f3n y los servicios\u00bb en la Rep\u00fablica Dominicana.<\/p>\n\n\n\n<p>arc\/mpv<\/p>\n","protected":false},"excerpt":{"rendered":"<p>diariodominicano.com Santo Domingo, 17 dic (Prensa Latina) Organizaciones haitianas convocaron hoy a un paro de labores ma\u00f1ana en este pa\u00eds para \u00abvisibilizar\u00bb los aportes de esa comunidad a la econom\u00eda dominicana y reclamar el cese de las deportaciones masivas por parte del Gobierno. En un comunicado, Colectivo #HaitianosRD, el Movimiento de Mujeres Dominico-Haitianas (Mudha) y [&hellip;]<\/p>\n","protected":false},"author":5,"featured_media":583891,"comment_status":"closed","ping_status":"closed","sticky":true,"template":"","format":"standard","meta":{"footnotes":""},"categories":[20,112,27],"tags":[],"class_list":["post-583890","post","type-post","status-publish","format-standard","has-post-thumbnail","hentry","category-dominicana-hoy","category-haiti","category-portada"],"_links":{"self":[{"href":"https:\/\/diariodominicano.com\/index.php?rest_route=\/wp\/v2\/posts\/583890","targetHints":{"allow":["GET"]}}],"collection":[{"href":"https:\/\/diariodominicano.com\/index.php?rest_route=\/wp\/v2\/posts"}],"about":[{"href":"https:\/\/diariodominicano.com\/index.php?rest_route=\/wp\/v2\/types\/post"}],"author":[{"embeddable":true,"href":"https:\/\/diariodominicano.com\/index.php?rest_route=\/wp\/v2\/users\/5"}],"replies":[{"embeddable":true,"href":"https:\/\/diariodominicano.com\/index.php?rest_route=%2Fwp%2Fv2%2Fcomments&post=583890"}],"version-history":[{"count":1,"href":"https:\/\/diariodominicano.com\/index.php?rest_route=\/wp\/v2\/posts\/583890\/revisions"}],"predecessor-version":[{"id":583893,"href":"https:\/\/diariodominicano.com\/index.php?rest_route=\/wp\/v2\/posts\/583890\/revisions\/583893"}],"wp:featuredmedia":[{"embeddable":true,"href":"https:\/\/diariodominicano.com\/index.php?rest_route=\/wp\/v2\/media\/583891"}],"wp:attachment":[{"href":"https:\/\/diariodominicano.com\/index.php?rest_route=%2Fwp%2Fv2%2Fmedia&parent=583890"}],"wp:term":[{"taxonomy":"category","embeddable":true,"href":"https:\/\/diariodominicano.com\/index.php?rest_route=%2Fwp%2Fv2%2Fcategories&post=583890"},{"taxonomy":"post_tag","embeddable":true,"href":"https:\/\/diariodominicano.com\/index.php?rest_route=%2Fwp%2Fv2%2Ftags&post=583890"}],"curies":[{"name":"wp","href":"https:\/\/api.w.org\/{rel}","templated":true}]}}