{"id":583885,"date":"2024-12-18T09:22:36","date_gmt":"2024-12-18T13:22:36","guid":{"rendered":"https:\/\/diariodominicano.com\/?p=583885"},"modified":"2024-12-18T09:22:45","modified_gmt":"2024-12-18T13:22:45","slug":"detenido-sospechoso-de-asesinar-al-teniente-general-kirillov","status":"publish","type":"post","link":"https:\/\/diariodominicano.com\/?p=583885","title":{"rendered":"Detenido sospechoso de asesinar al teniente general Kirillov"},"content":{"rendered":"\n<p>diariodominicano.com<\/p>\n\n\n\n<p>MOSC\u00da, 18 dic (Xinhua) &#8212; Las autoridades rusas han detenido a un ciudadano uzbeko relacionado con la muerte de un alto cargo militar y su ayudante, inform\u00f3 hoy mi\u00e9rcoles el Comit\u00e9 de Investigaci\u00f3n ruso. El sospechoso, de 29 a\u00f1os, fue acusado de llevar a cabo un ataque terrorista que result\u00f3 en la muerte del teniente general Igor Kirillov, jefe de las tropas de defensa radiol\u00f3gica, qu\u00edmica y biol\u00f3gica de las Fuerzas Armadas rusas, y en la de su ayudante. . Seg\u00fan el comit\u00e9, el sospechoso fue reclutado por los servicios de inteligencia ucranianos y recibi\u00f3 un artefacto explosivo de fabricaci\u00f3n casera tras su llegada a Mosc\u00fa. Al parecer, coloc\u00f3 el artefacto en un patinete el\u00e9ctrico aparcado cerca de la entrada del edificio donde resid\u00eda Kirillov. Se dice que el sospechoso hab\u00eda alquilado un coche para vigilar la residencia de Kirillov, instalando una c\u00e1mara que transmit\u00eda im\u00e1genes en directo a los organizadores del atentado en Dnipro, Ucrania. Una vez que los dos funcionarios abandonaron el edificio, el sospechoso deton\u00f3 a distancia el artefacto explosivo. A cambio de llevar a cabo el atentado, al detenido se le prometi\u00f3 una recompensa de 100.000 d\u00f3lares estadounidenses y el traslado a un pa\u00eds europeo, seg\u00fan el comit\u00e9. Kirillov y su ayudante murieron el martes cuando el artefacto explosivo, oculto en el patinete el\u00e9ctrico, deton\u00f3 fuera del edificio residencial.<\/p>\n","protected":false},"excerpt":{"rendered":"<p>diariodominicano.com MOSC\u00da, 18 dic (Xinhua) &#8212; Las autoridades rusas han detenido a un ciudadano uzbeko relacionado con la muerte de un alto cargo militar y su ayudante, inform\u00f3 hoy mi\u00e9rcoles el Comit\u00e9 de Investigaci\u00f3n ruso. El sospechoso, de 29 a\u00f1os, fue acusado de llevar a cabo un ataque terrorista que result\u00f3 en la muerte del [&hellip;]<\/p>\n","protected":false},"author":5,"featured_media":583886,"comment_status":"closed","ping_status":"closed","sticky":true,"template":"","format":"standard","meta":{"footnotes":""},"categories":[23,27],"tags":[],"class_list":["post-583885","post","type-post","status-publish","format-standard","has-post-thumbnail","hentry","category-internacional","category-portada"],"_links":{"self":[{"href":"https:\/\/diariodominicano.com\/index.php?rest_route=\/wp\/v2\/posts\/583885","targetHints":{"allow":["GET"]}}],"collection":[{"href":"https:\/\/diariodominicano.com\/index.php?rest_route=\/wp\/v2\/posts"}],"about":[{"href":"https:\/\/diariodominicano.com\/index.php?rest_route=\/wp\/v2\/types\/post"}],"author":[{"embeddable":true,"href":"https:\/\/diariodominicano.com\/index.php?rest_route=\/wp\/v2\/users\/5"}],"replies":[{"embeddable":true,"href":"https:\/\/diariodominicano.com\/index.php?rest_route=%2Fwp%2Fv2%2Fcomments&post=583885"}],"version-history":[{"count":1,"href":"https:\/\/diariodominicano.com\/index.php?rest_route=\/wp\/v2\/posts\/583885\/revisions"}],"predecessor-version":[{"id":583887,"href":"https:\/\/diariodominicano.com\/index.php?rest_route=\/wp\/v2\/posts\/583885\/revisions\/583887"}],"wp:featuredmedia":[{"embeddable":true,"href":"https:\/\/diariodominicano.com\/index.php?rest_route=\/wp\/v2\/media\/583886"}],"wp:attachment":[{"href":"https:\/\/diariodominicano.com\/index.php?rest_route=%2Fwp%2Fv2%2Fmedia&parent=583885"}],"wp:term":[{"taxonomy":"category","embeddable":true,"href":"https:\/\/diariodominicano.com\/index.php?rest_route=%2Fwp%2Fv2%2Fcategories&post=583885"},{"taxonomy":"post_tag","embeddable":true,"href":"https:\/\/diariodominicano.com\/index.php?rest_route=%2Fwp%2Fv2%2Ftags&post=583885"}],"curies":[{"name":"wp","href":"https:\/\/api.w.org\/{rel}","templated":true}]}}