{"id":583879,"date":"2024-12-18T03:12:05","date_gmt":"2024-12-18T07:12:05","guid":{"rendered":"https:\/\/diariodominicano.com\/?p=583879"},"modified":"2024-12-18T03:15:03","modified_gmt":"2024-12-18T07:15:03","slug":"presidente-abinader-define-a-refidomsa-como-una-empresa-estrategica-para-la-republica-dominicana","status":"publish","type":"post","link":"https:\/\/diariodominicano.com\/?p=583879","title":{"rendered":"El Presidente Abinader define a Refidomsa como una empresa estrat\u00e9gica para la Rep\u00fablica Dominicana"},"content":{"rendered":"\n<p>17 de Diciembre 2024 | 16:05<\/p>\n\n\n\n<figure class=\"wp-block-image\"><img decoding=\"async\" src=\"https:\/\/platform-cdn.sharethis.com\/img\/sharethis.svg\" alt=\"sharethis sharing button\"\/><\/figure>\n\n\n\n<p>Haina.-&nbsp;<strong>El presidente Luis Abinader<\/strong>&nbsp;defini\u00f3 a la&nbsp;<strong>Refiner\u00eda Dominicana de Petr\u00f3leo&nbsp;<\/strong>(Refidomsa) como una empresa estrat\u00e9gica para el pa\u00eds, destacando que los logros alcanzados demuestran que las&nbsp;<strong>empresas del Estado<\/strong>&nbsp;pueden ser administradas de manera<strong>&nbsp;eficiente y transparente.&nbsp;<\/strong><\/p>\n\n\n\n<p>Est\u00e1s declaraciones fueron ofrecidas por el jefe de Estado, al encabezar el acto de inauguraci\u00f3n de&nbsp;<strong>cuatro nuevas esferas de almacenamiento<\/strong>&nbsp;de gas licuado de petr\u00f3leo&nbsp;<strong>(GLP)<\/strong>&nbsp;de la Refiner\u00eda Dominicana de Petr\u00f3leo&nbsp;<strong>(Refidomsa)<\/strong>.&nbsp;<\/p>\n\n\n\n<p>El mandatario dijo que los resultados logrados en estos a\u00f1os, en la actual administraci\u00f3n de Refidomsa, son resultados del&nbsp;<strong>trabajo comprometido<\/strong>&nbsp;de un equipo de ejecutivos, personal t\u00e9cnico y un consejo directivo que ha sabido dirigir la entidad bajo criterios de&nbsp;<strong>eficiencia y responsabilidad.<\/strong><\/p>\n\n\n\n<p><em>\u201cRefidomsa es una empresa estrat\u00e9gica estatal, pero estrat\u00e9gica para el Estado Dominicano. Y con los resultados que hemos tenido en estos a\u00f1os podemos confirmar que se pueden administrar las empresas estatales de manera eficiente, de manera correcta, cuando hay un personal tambi\u00e9n y hay ejecutivos y un consejo que as\u00ed lo decidan\u201d,<\/em>&nbsp;afirm\u00f3 Abinader.&nbsp;<\/p>\n\n\n\n<figure class=\"wp-block-image\"><img decoding=\"async\" src=\"https:\/\/presidencia.gob.do\/sites\/default\/files\/inline-images\/WhatsApp%20Image%202024-12-17%20at%2016.01.33%20%281%29.jpeg\" alt=\"\"\/><\/figure>\n\n\n\n<p>El presidente del Consejo de Administraci\u00f3n,&nbsp;<strong>Leonardo Aguilera<\/strong>, resalt\u00f3 el impacto de la obra y se\u00f1al\u00f3 que se trata de la realizaci\u00f3n de un sue\u00f1o que significa un&nbsp;<strong>hecho hist\u00f3rico<\/strong>&nbsp;para Refidomsa, el Gobierno y el pa\u00eds.&nbsp;<\/p>\n\n\n\n<p>Asegur\u00f3 que el&nbsp;<strong>jefe del Estado<\/strong>&nbsp;ofreci\u00f3 el&nbsp;<strong>apoyo sostenido<\/strong>&nbsp;al proyecto, a quien agradeci\u00f3 por su respaldo para concretar la obra que hoy se inaugura. &nbsp;<\/p>\n\n\n\n<p>Aguilera a\u00f1adi\u00f3 que, este es un proyecto \u00fanico en el&nbsp;<strong>hemisferio occidental<\/strong>, contemplando la construcci\u00f3n simult\u00e1nea de cuatro esferas con capacidad de&nbsp;<strong>60,000 barriles<\/strong>&nbsp;cada una (10 millones 80 mil galones), y todas ya certificadas bajo el&nbsp;<strong>c\u00f3digo ASME<\/strong>&nbsp;de la Sociedad Americana de Ingenieros Mec\u00e1nicos.<\/p>\n\n\n\n<figure class=\"wp-block-image\"><img decoding=\"async\" src=\"https:\/\/presidencia.gob.do\/sites\/default\/files\/inline-images\/WhatsApp%20Image%202024-12-17%20at%2016.01.30.jpeg\" alt=\"\"\/><\/figure>\n\n\n\n<p>Estas esferas, construidas con una inversi\u00f3n de&nbsp;<strong>91 millones de d\u00f3lares<\/strong>, aumentan la capacidad de reserva a&nbsp;<strong>380,000 barriles,<\/strong>&nbsp;logrando el mayor incremento en almacenamiento de este derivado. La capacidad anterior, de 140 mil barriles era&nbsp;<strong>suficiente para 14 d\u00edas,<\/strong>&nbsp;con la nueva infraestructura, el pa\u00eds ahora cuenta con una&nbsp;<strong>reserva para 40 d\u00edas.<\/strong>&nbsp;&nbsp;<\/p>\n\n\n\n<p>Estuvieron presentes, los ministros, de Defensa,\u00a0<strong>Carlos Antonio Onofre<\/strong>; Administrativo de la Presidencia,\u00a0<strong>Andr\u00e9s Bautista<\/strong>; de Hacienda,\u00a0<strong>Jos\u00e9 Manuel (Jochi) Vicente<\/strong>; de Energ\u00eda y Minas,\u00a0<strong>Joel Santos<\/strong>; de Industria, Comercio y Mypimes,\u00a0<strong>V\u00edctor-(Ito) Bison\u00f3<\/strong>; la gobernadora\u00a0 de San Crist\u00f3bal,\u00a0<strong>Pura Casilla;<\/strong>\u00a0el alcalde de Haina,\u00a0<strong>Osvaldo Rodr\u00edguez<\/strong>.<\/p>\n\n\n\n<p>Con informaci\u00f3n de la Presidencia de la Rep\u00fablica Dominicana.<\/p>\n\n\n\n<p>#Abinader\u2003\u2003\u2003\u2003\u2003\u2003\u2003\u2003\u2002#Refidomsa <\/p>\n","protected":false},"excerpt":{"rendered":"<p>17 de Diciembre 2024 | 16:05 Haina.-&nbsp;El presidente Luis Abinader&nbsp;defini\u00f3 a la&nbsp;Refiner\u00eda Dominicana de Petr\u00f3leo&nbsp;(Refidomsa) como una empresa estrat\u00e9gica para el pa\u00eds, destacando que los logros alcanzados demuestran que las&nbsp;empresas del Estado&nbsp;pueden ser administradas de manera&nbsp;eficiente y transparente.&nbsp; Est\u00e1s declaraciones fueron ofrecidas por el jefe de Estado, al encabezar el acto de inauguraci\u00f3n de&nbsp;cuatro nuevas [&hellip;]<\/p>\n","protected":false},"author":28,"featured_media":583880,"comment_status":"closed","ping_status":"closed","sticky":true,"template":"","format":"standard","meta":{"footnotes":""},"categories":[18,27],"tags":[],"class_list":["post-583879","post","type-post","status-publish","format-standard","has-post-thumbnail","hentry","category-economia","category-portada"],"_links":{"self":[{"href":"https:\/\/diariodominicano.com\/index.php?rest_route=\/wp\/v2\/posts\/583879","targetHints":{"allow":["GET"]}}],"collection":[{"href":"https:\/\/diariodominicano.com\/index.php?rest_route=\/wp\/v2\/posts"}],"about":[{"href":"https:\/\/diariodominicano.com\/index.php?rest_route=\/wp\/v2\/types\/post"}],"author":[{"embeddable":true,"href":"https:\/\/diariodominicano.com\/index.php?rest_route=\/wp\/v2\/users\/28"}],"replies":[{"embeddable":true,"href":"https:\/\/diariodominicano.com\/index.php?rest_route=%2Fwp%2Fv2%2Fcomments&post=583879"}],"version-history":[{"count":3,"href":"https:\/\/diariodominicano.com\/index.php?rest_route=\/wp\/v2\/posts\/583879\/revisions"}],"predecessor-version":[{"id":583884,"href":"https:\/\/diariodominicano.com\/index.php?rest_route=\/wp\/v2\/posts\/583879\/revisions\/583884"}],"wp:featuredmedia":[{"embeddable":true,"href":"https:\/\/diariodominicano.com\/index.php?rest_route=\/wp\/v2\/media\/583880"}],"wp:attachment":[{"href":"https:\/\/diariodominicano.com\/index.php?rest_route=%2Fwp%2Fv2%2Fmedia&parent=583879"}],"wp:term":[{"taxonomy":"category","embeddable":true,"href":"https:\/\/diariodominicano.com\/index.php?rest_route=%2Fwp%2Fv2%2Fcategories&post=583879"},{"taxonomy":"post_tag","embeddable":true,"href":"https:\/\/diariodominicano.com\/index.php?rest_route=%2Fwp%2Fv2%2Ftags&post=583879"}],"curies":[{"name":"wp","href":"https:\/\/api.w.org\/{rel}","templated":true}]}}