{"id":583869,"date":"2024-12-18T03:01:49","date_gmt":"2024-12-18T07:01:49","guid":{"rendered":"https:\/\/diariodominicano.com\/?p=583869"},"modified":"2024-12-18T03:01:54","modified_gmt":"2024-12-18T07:01:54","slug":"liga-arabe-insiste-en-creacion-de-estado-palestino-independiente","status":"publish","type":"post","link":"https:\/\/diariodominicano.com\/?p=583869","title":{"rendered":"Liga \u00c1rabe insiste en creaci\u00f3n de Estado palestino independiente"},"content":{"rendered":"\n<p>El Cairo, 18 dic (Prensa Latina) El secretario general de la Liga \u00c1rabe, Ahmed Aboul Gheit, reclam\u00f3 otra vez el establecimiento de un Estado palestino independiente con capital en la zona ocupada de Jerusal\u00e9n Este, inform\u00f3 hoy un comunicado de la organizaci\u00f3n.<\/p>\n\n\n\n<ul class=\"wp-block-list\">\n<li><a href=\"https:\/\/www.prensa-latina.cu\/2024\/12\/18\/\"><time>diciembre 18, 2024 | 01:41<\/time><\/a><\/li>\n<\/ul>\n\n\n\n<ul class=\"wp-block-list\">\n<li><a href=\"https:\/\/www.prensa-latina.cu\/2024\/12\/18\/liga-arabe-insiste-en-creacion-de-estado-palestino-independiente\/#\"><\/a><\/li>\n\n\n\n<li><a href=\"https:\/\/www.prensa-latina.cu\/2024\/12\/18\/liga-arabe-insiste-en-creacion-de-estado-palestino-independiente\/#\"><\/a><\/li>\n\n\n\n<li><a href=\"https:\/\/www.prensa-latina.cu\/2024\/12\/18\/liga-arabe-insiste-en-creacion-de-estado-palestino-independiente\/#\"><\/a><\/li>\n\n\n\n<li><a href=\"https:\/\/www.prensa-latina.cu\/2024\/12\/18\/liga-arabe-insiste-en-creacion-de-estado-palestino-independiente\/#\"><\/a><\/li>\n<\/ul>\n\n\n\n<p>Seg\u00fan el texto, el llamado fue realizado durante un encuentro en esta capital con una delegaci\u00f3n de la Comisi\u00f3n de Asuntos Exteriores y de Defensa del Senado franc\u00e9s.<\/p>\n\n\n\n<p>Aboul Gheit destac\u00f3 la importancia que el mundo \u00e1rabe concede al reconocimiento franc\u00e9s al Estado palestino en las fronteras de junio de 1967.<\/p>\n\n\n\n<p>Durante el encuentro, ambas partes abordaron la agresi\u00f3n israel\u00ed contra la Franja de Gaza, as\u00ed como la situaci\u00f3n en Siria y L\u00edbano, precis\u00f3 la declaraci\u00f3n.<\/p>\n\n\n\n<p>A finales del pasado mes, el secretario general de la Liga reclam\u00f3 el fin de los ataques contra Gaza y la independencia de Palestina.<\/p>\n\n\n\n<p>La creaci\u00f3n de un Estado palestino traer\u00e1 una paz basada en la justicia y la dignidad, afirm\u00f3 el funcionario al intervenir en la sesi\u00f3n inaugural de la d\u00e9cima edici\u00f3n del Foro Di\u00e1logos Mediterr\u00e1neos de Roma, celebrado en la capital italiana.<\/p>\n\n\n\n<p>Asimismo, denunci\u00f3 que Israel quiere anexar todas las tierras palestinas y controlarlas desde el r\u00edo Jord\u00e1n hasta el mar Mediterr\u00e1neo.<\/p>\n\n\n\n<p>Esa es la visi\u00f3n que rige el pensamiento del actual gobierno encabezado por Benjamin Netanyahu, asegur\u00f3.<\/p>\n\n\n\n<p>oda\/rob<\/p>\n\n\n\n<ul class=\"wp-block-list\">\n<li>#<a href=\"https:\/\/www.prensa-latina.cu\/etiqueta\/gaza\/\">gaza<\/a>\u00a0#<a href=\"https:\/\/www.prensa-latina.cu\/etiqueta\/israel\/\">Israel<\/a>\u00a0#<a href=\"https:\/\/www.prensa-latina.cu\/etiqueta\/palestina\/\">PALESTINA<\/a><\/li>\n<\/ul>\n","protected":false},"excerpt":{"rendered":"<p>El Cairo, 18 dic (Prensa Latina) El secretario general de la Liga \u00c1rabe, Ahmed Aboul Gheit, reclam\u00f3 otra vez el establecimiento de un Estado palestino independiente con capital en la zona ocupada de Jerusal\u00e9n Este, inform\u00f3 hoy un comunicado de la organizaci\u00f3n. Seg\u00fan el texto, el llamado fue realizado durante un encuentro en esta capital [&hellip;]<\/p>\n","protected":false},"author":28,"featured_media":0,"comment_status":"closed","ping_status":"closed","sticky":true,"template":"","format":"standard","meta":{"footnotes":""},"categories":[23],"tags":[],"class_list":["post-583869","post","type-post","status-publish","format-standard","hentry","category-internacional"],"_links":{"self":[{"href":"https:\/\/diariodominicano.com\/index.php?rest_route=\/wp\/v2\/posts\/583869","targetHints":{"allow":["GET"]}}],"collection":[{"href":"https:\/\/diariodominicano.com\/index.php?rest_route=\/wp\/v2\/posts"}],"about":[{"href":"https:\/\/diariodominicano.com\/index.php?rest_route=\/wp\/v2\/types\/post"}],"author":[{"embeddable":true,"href":"https:\/\/diariodominicano.com\/index.php?rest_route=\/wp\/v2\/users\/28"}],"replies":[{"embeddable":true,"href":"https:\/\/diariodominicano.com\/index.php?rest_route=%2Fwp%2Fv2%2Fcomments&post=583869"}],"version-history":[{"count":1,"href":"https:\/\/diariodominicano.com\/index.php?rest_route=\/wp\/v2\/posts\/583869\/revisions"}],"predecessor-version":[{"id":583870,"href":"https:\/\/diariodominicano.com\/index.php?rest_route=\/wp\/v2\/posts\/583869\/revisions\/583870"}],"wp:attachment":[{"href":"https:\/\/diariodominicano.com\/index.php?rest_route=%2Fwp%2Fv2%2Fmedia&parent=583869"}],"wp:term":[{"taxonomy":"category","embeddable":true,"href":"https:\/\/diariodominicano.com\/index.php?rest_route=%2Fwp%2Fv2%2Fcategories&post=583869"},{"taxonomy":"post_tag","embeddable":true,"href":"https:\/\/diariodominicano.com\/index.php?rest_route=%2Fwp%2Fv2%2Ftags&post=583869"}],"curies":[{"name":"wp","href":"https:\/\/api.w.org\/{rel}","templated":true}]}}