{"id":583863,"date":"2024-12-18T02:57:42","date_gmt":"2024-12-18T06:57:42","guid":{"rendered":"https:\/\/diariodominicano.com\/?p=583863"},"modified":"2024-12-18T02:57:47","modified_gmt":"2024-12-18T06:57:47","slug":"recuerdan-en-cuba-regreso-de-sus-cinco-heroes-hace-10-anos-fotos","status":"publish","type":"post","link":"https:\/\/diariodominicano.com\/?p=583863","title":{"rendered":"Recuerdan en Cuba regreso de sus Cinco H\u00e9roes, hace 10 a\u00f1os (+Fotos)"},"content":{"rendered":"\n<p>La Habana, 17 dic (Prensa Latina) Cubanos, estadounidenses y personas de otras nacionalidades celebraron hoy en esta capital el X aniversario del regreso a Cuba de Los Cinco h\u00e9roes, tras cumplir injustas penas por defender a su patria del terrorismo.<\/p>\n\n\n\n<ul class=\"wp-block-list\">\n<li><a href=\"https:\/\/www.prensa-latina.cu\/2024\/12\/17\/\"><time>diciembre 17, 2024 | 20:05<\/time><\/a><\/li>\n<\/ul>\n\n\n\n<ul class=\"wp-block-list\">\n<li>Fotos: Panchito Gonz\u00e1lez, Prensa Latina<\/li>\n<\/ul>\n\n\n\n<ul class=\"wp-block-list\">\n<li><a href=\"https:\/\/www.prensa-latina.cu\/2024\/12\/17\/recuerdan-en-cuba-regreso-de-sus-cinco-heroes-hace-10-anos\/#\"><\/a><\/li>\n\n\n\n<li><a href=\"https:\/\/www.prensa-latina.cu\/2024\/12\/17\/recuerdan-en-cuba-regreso-de-sus-cinco-heroes-hace-10-anos\/#\"><\/a><\/li>\n\n\n\n<li><a href=\"https:\/\/www.prensa-latina.cu\/2024\/12\/17\/recuerdan-en-cuba-regreso-de-sus-cinco-heroes-hace-10-anos\/#\"><\/a><\/li>\n\n\n\n<li><a href=\"https:\/\/www.prensa-latina.cu\/2024\/12\/17\/recuerdan-en-cuba-regreso-de-sus-cinco-heroes-hace-10-anos\/#\"><\/a><\/li>\n<\/ul>\n\n\n\n<p>El acto pol\u00edtico cultural, encabezado por el presidente Miguel D\u00edaz-Canel, enalteci\u00f3 la firmeza y lealtad de Gerardo Hern\u00e1ndez, Ram\u00f3n Laba\u00f1ino, Antonio Guerrero, Ren\u00e9 Gonz\u00e1lez y Fernando Gonz\u00e1lez, conocidos como Los Cinco, frente a sus largas penas de prisi\u00f3n impuestas por un tribunal del estado norteamericano de Florida.<\/p>\n\n\n\n<figure class=\"wp-block-image\"><img decoding=\"async\" src=\"https:\/\/www.prensa-latina.cu\/wp-content\/uploads\/2024\/12\/Bruno-Acto-10-Anos-Regreso-de-los-5.jpg\" alt=\"\" class=\"wp-image-1431168\"\/><\/figure>\n\n\n\n<p>Al intervenir en el encuentro, el ministro de Relaciones Exteriores, Bruno Rodr\u00edguez, record\u00f3 que ante tal injusticia el l\u00edder hist\u00f3rico de la Revoluci\u00f3n Fidel Castro se puso al frente de la batalla iniciada desde 2001 por la liberaci\u00f3n de esos cubanos, y augur\u00f3 su \u00e9xito con una palabra: Volver\u00e1n.<\/p>\n\n\n\n<p>Rodr\u00edguez calific\u00f3 el retorno de Los Cinco, en 2014, de hecho trascendental para el que result\u00f3 decisiva la movilizaci\u00f3n de todo el pueblo, la solidaridad internacional, as\u00ed como la resistencia, esp\u00edritu de lucha y entereza moral de esos hombres y sus familiares.<\/p>\n\n\n\n<p>Agradeci\u00f3, especialmente el trabajo del equipo de abogados de la defensa, cubanos y estadounidenses, fundamentalmente, y a los movimientos de solidaridad, organizaciones religiosas, Gobiernos, parlamentos, fuerzas pol\u00edticas y personalidades del mundo que hicieron suya esa causa.<\/p>\n\n\n\n<p>La presencia aqu\u00ed de Los Cinco confirma que por muy duras que sean las dificultades, la resistencia y la fe en la victoria son imprescindibles para el triunfo de la justicia, se\u00f1al\u00f3.<\/p>\n\n\n\n<figure class=\"wp-block-image\"><img decoding=\"async\" src=\"https:\/\/www.prensa-latina.cu\/wp-content\/uploads\/2024\/12\/Gerardo-Acto-10-Anos-Regreso-de-los-5.jpg\" alt=\"\" class=\"wp-image-1431169\"\/><\/figure>\n\n\n\n<p>En nombre de Los Cinco, Gerardo Hern\u00e1ndez expres\u00f3 gratitud a quienes contribuyeron con su liberaci\u00f3n y regreso a Cuba, y remarc\u00f3 que Fidel Castro asegur\u00f3 que volver\u00edan y el General de Ej\u00e9rcito Ra\u00fal Castro, entonces presidente de la naci\u00f3n, lo cumpli\u00f3 el 17 de diciembre de 2014.<\/p>\n\n\n\n<p>Reconoci\u00f3, asimismo, a quienes desde el anonimato \u201clucharon, luchan y luchar\u00e1n\u201d por el derecho de su pueblo a defenderse, mientras permanezca la perversa pol\u00edtica agresiva y el inter\u00e9s de da\u00f1ar a la Revoluci\u00f3n.<\/p>\n\n\n\n<p>En similares t\u00e9rminos se pronunciaron, por su parte, Gloria La Riva y Graciela Ram\u00edrez, coordinadoras del primer Comit\u00e9 Nacional por la Liberaci\u00f3n de Los Cinco creado en Estados Unidos, y del entonces Comit\u00e9 Internacional por esa causa, convertido hoy en Comit\u00e9 Internacional Paz, Justicia y Dignidad de los Pueblos, respectivamente.<\/p>\n\n\n\n<p>Ambas activistas reclamaron la solidaridad internacional para lograr el levantamiento de la pol\u00edtica de bloqueo a la que somete Estados Unidos a Cuba desde hace m\u00e1s de seis d\u00e9cadas y la exclusi\u00f3n de este pa\u00eds del unilateral listado del Departamento de Estado de pa\u00edses que supuestamente patrocinan el terrorismo.<\/p>\n\n\n\n<p>Asimismo, abogaron por la solidaridad de las personas de bien del mundo con Cuba, en su batalla por preservar la soberan\u00eda, independencia y el derecho inalienable a impulsar su modelo de desarrollo sin injerencias externas.<\/p>\n\n\n\n<p>arc\/evm<\/p>\n\n\n\n<ul class=\"wp-block-list\">\n<li>#<a href=\"https:\/\/www.prensa-latina.cu\/etiqueta\/aniversario\/\">aniversario<\/a>\u00a0#<a href=\"https:\/\/www.prensa-latina.cu\/etiqueta\/cuba\/\">cuba<\/a>\u00a0#<a href=\"https:\/\/www.prensa-latina.cu\/etiqueta\/homenaje\/\">homenaje<\/a>\u00a0#<a href=\"https:\/\/www.prensa-latina.cu\/etiqueta\/presidente\/\">presidente<\/a><\/li>\n<\/ul>\n","protected":false},"excerpt":{"rendered":"<p>La Habana, 17 dic (Prensa Latina) Cubanos, estadounidenses y personas de otras nacionalidades celebraron hoy en esta capital el X aniversario del regreso a Cuba de Los Cinco h\u00e9roes, tras cumplir injustas penas por defender a su patria del terrorismo. El acto pol\u00edtico cultural, encabezado por el presidente Miguel D\u00edaz-Canel, enalteci\u00f3 la firmeza y lealtad [&hellip;]<\/p>\n","protected":false},"author":28,"featured_media":583864,"comment_status":"closed","ping_status":"closed","sticky":true,"template":"","format":"standard","meta":{"footnotes":""},"categories":[26,23],"tags":[],"class_list":["post-583863","post","type-post","status-publish","format-standard","has-post-thumbnail","hentry","category-efemerides","category-internacional"],"_links":{"self":[{"href":"https:\/\/diariodominicano.com\/index.php?rest_route=\/wp\/v2\/posts\/583863","targetHints":{"allow":["GET"]}}],"collection":[{"href":"https:\/\/diariodominicano.com\/index.php?rest_route=\/wp\/v2\/posts"}],"about":[{"href":"https:\/\/diariodominicano.com\/index.php?rest_route=\/wp\/v2\/types\/post"}],"author":[{"embeddable":true,"href":"https:\/\/diariodominicano.com\/index.php?rest_route=\/wp\/v2\/users\/28"}],"replies":[{"embeddable":true,"href":"https:\/\/diariodominicano.com\/index.php?rest_route=%2Fwp%2Fv2%2Fcomments&post=583863"}],"version-history":[{"count":1,"href":"https:\/\/diariodominicano.com\/index.php?rest_route=\/wp\/v2\/posts\/583863\/revisions"}],"predecessor-version":[{"id":583865,"href":"https:\/\/diariodominicano.com\/index.php?rest_route=\/wp\/v2\/posts\/583863\/revisions\/583865"}],"wp:featuredmedia":[{"embeddable":true,"href":"https:\/\/diariodominicano.com\/index.php?rest_route=\/wp\/v2\/media\/583864"}],"wp:attachment":[{"href":"https:\/\/diariodominicano.com\/index.php?rest_route=%2Fwp%2Fv2%2Fmedia&parent=583863"}],"wp:term":[{"taxonomy":"category","embeddable":true,"href":"https:\/\/diariodominicano.com\/index.php?rest_route=%2Fwp%2Fv2%2Fcategories&post=583863"},{"taxonomy":"post_tag","embeddable":true,"href":"https:\/\/diariodominicano.com\/index.php?rest_route=%2Fwp%2Fv2%2Ftags&post=583863"}],"curies":[{"name":"wp","href":"https:\/\/api.w.org\/{rel}","templated":true}]}}