{"id":583833,"date":"2024-12-18T02:29:33","date_gmt":"2024-12-18T06:29:33","guid":{"rendered":"https:\/\/diariodominicano.com\/?p=583833"},"modified":"2024-12-18T02:33:09","modified_gmt":"2024-12-18T06:33:09","slug":"naider-alvarez-viene-a-rd-para-acabar-con-mini-pacman-y-regresar-a-mexico-con-el-titulo-mundial","status":"publish","type":"post","link":"https:\/\/diariodominicano.com\/?p=583833","title":{"rendered":"Naider \u00c1lvarez: \u201cViene a RD para acabar con Mini PacMan y regresar a M\u00e9xico con el t\u00edtulo mundial\u201d"},"content":{"rendered":"\n<p>El dominicano Erick \u201cMini PacMan\u201d Rosa (izquierda) y el mexicano Naider \u00c1lvarez, quienes pelear\u00e1n el jueves por el t\u00edtulo mundial minimosca de la AMB en Santo Domingo. B\u00e9lgica Pe\u00f1a en el centro.<\/p>\n\n\n\n<p>El dominicano Erick \u201cMini PacMan\u201d Rosa y su rival mexicano, Naider Alvarez, se encontraron de frente por primera vez la tarde del martes y ambos se confesaron listos para el combate que sostendr\u00e1n el jueves por el t\u00edtulo minimosca (108 libras) de la Asociaci\u00f3n Mundial de Boxeo (AMB).<\/p>\n\n\n\n<figure class=\"wp-block-image size-large\"><img loading=\"lazy\" decoding=\"async\" width=\"1024\" height=\"683\" src=\"https:\/\/diariodominicano.com\/wp-content\/uploads\/2024\/12\/belgica-1024x683.jpg\" alt=\"\" class=\"wp-image-583836\" srcset=\"https:\/\/diariodominicano.com\/wp-content\/uploads\/2024\/12\/belgica-1024x683.jpg 1024w, https:\/\/diariodominicano.com\/wp-content\/uploads\/2024\/12\/belgica-300x200.jpg 300w, https:\/\/diariodominicano.com\/wp-content\/uploads\/2024\/12\/belgica-768x512.jpg 768w, https:\/\/diariodominicano.com\/wp-content\/uploads\/2024\/12\/belgica-816x544.jpg 816w, https:\/\/diariodominicano.com\/wp-content\/uploads\/2024\/12\/belgica.jpg 1392w\" sizes=\"auto, (max-width: 1024px) 100vw, 1024px\" \/><\/figure>\n\n\n\n<p>\u00a0\u00a0\u00a0B\u00e9lgica Pe\u00f1a, presidenta de la promotora dominicana Shuan Boxing, ofrece detalles de la cartelera en rueda de prensa celebrada en el Ministerio de Deportes.<\/p>\n\n\n\n<p>La pelea que sostendr\u00e1n Rosa y Alvarez ser\u00e1 la estelar de una cartelera organizada por la promotora dominicana Shuan Boxing y que tendr\u00e1 como escenario el Pabell\u00f3n de Karate del Centro Ol\u00edmpico Juan Pablo Duarte.<\/p>\n\n\n\n<p>Ambos boxeadores fueron presentados en el marco de una rueda de prensa celebrada en el Sal\u00f3n James Rodr\u00edguez del Ministerio de Deportes, la cual cont\u00f3 con la presencia del viceministro Franklin De la Mota y de B\u00e9lgica Pe\u00f1a, presidenta de Shuan Boxing.<\/p>\n\n\n\n<figure class=\"wp-block-image size-large\"><img loading=\"lazy\" decoding=\"async\" width=\"1024\" height=\"683\" src=\"https:\/\/diariodominicano.com\/wp-content\/uploads\/2024\/12\/boxeadores-1024x683.jpg\" alt=\"\" class=\"wp-image-583838\" srcset=\"https:\/\/diariodominicano.com\/wp-content\/uploads\/2024\/12\/boxeadores-1024x683.jpg 1024w, https:\/\/diariodominicano.com\/wp-content\/uploads\/2024\/12\/boxeadores-300x200.jpg 300w, https:\/\/diariodominicano.com\/wp-content\/uploads\/2024\/12\/boxeadores-768x512.jpg 768w, https:\/\/diariodominicano.com\/wp-content\/uploads\/2024\/12\/boxeadores-816x544.jpg 816w, https:\/\/diariodominicano.com\/wp-content\/uploads\/2024\/12\/boxeadores.jpg 1392w\" sizes=\"auto, (max-width: 1024px) 100vw, 1024px\" \/><\/figure>\n\n\n\n<p>Parte de los boxeadores que actuar\u00e1n en la cartelera del pr\u00f3ximo jueves en el Pabell\u00f3n de Karate del Centro Ol\u00edmpico Juan Pablo Duarte.<\/p>\n\n\n\n<p>\u00c1lvarez, quien tiene foja de 14-1, con 11 nocauts, afirm\u00f3 que vino a Rep\u00fablica Dominicana para terminar con el invicto del \u201cMini PacMan\u201d y regresar a su pa\u00eds, M\u00e9xico, con el t\u00edtulo de campe\u00f3n mundial.<\/p>\n\n\n\n<p>El p\u00fagil azteca reconoci\u00f3 las cualidades del dominicano, a quien, seg\u00fan confes\u00f3, &nbsp;ha visto pelear.<\/p>\n\n\n\n<p>Sin embargo, &nbsp;dej\u00f3 claro que el t\u00edtulo tendr\u00e1 un nuevo due\u00f1o a partir del pr\u00f3ximo jueves.<\/p>\n\n\n\n<p>\u201cLo primero es que me siento muy bien en este pa\u00eds donde me han dado buena acogida, pero la realidad es que vine a tierra ajena a coronarse campe\u00f3n del mundo. Lo siento por el Mini PacMan y todo su p\u00fablico, pero ese t\u00edtulo tendr\u00e1 nuevo due\u00f1o y ese ser\u00e9 yo\u201d, asegur\u00f3 el boxeador mexicano.<\/p>\n\n\n\n<p>&nbsp;De su lado, &nbsp;Erick Rosa dijo confiar en que &nbsp;el mexicano haya venido en buenas condiciones para que brinden un buen espect\u00e1culo.<\/p>\n\n\n\n<p>&nbsp;\u201cPara nada me importa lo que \u00e9l haya dicho, espero que est\u00e9 en buenas condiciones y ofrezca un buen espect\u00e1culo\u201d, plante\u00f3.<\/p>\n\n\n\n<p>De ganar el pr\u00f3ximo jueves, Rosa se convertir\u00eda en apenas el tercer boxeador dominicano que en ganar dos coronas del mundo en divisiones diferentes. Los otros dos son Joan Guzman y Javier Fortuna.<\/p>\n\n\n\n<p>La promotora Belgica Pe\u00f1a inform\u00f3 que la velada incluye tambi\u00e9n el combate por el t\u00edtulo latino femenino de la AMB del peso s\u00faper gallo (122 libras) entre la mexicana Magaly Rodr\u00edguez y la campeona dominicana Viv\u00edan Rodr\u00edguez.<\/p>\n\n\n\n<p>Tambi\u00e9n combatir\u00e1n por el t\u00edtulo gol de las 122 libras de la AMB el venezolano y ex campe\u00f3n mundial Liborio Sol\u00eds y el monarca dominicano Noel Reyes.<\/p>\n\n\n\n<p>En la velada, &nbsp;que ser\u00e1 transmitida por la afamada cadena ESPN&nbsp;<em><strong>knockout,&nbsp;<\/strong><\/em>competir\u00e1n tambi\u00e9n el ol\u00edmpico Rodrigo Marte contra el mexicano Luis Reyes.<\/p>\n\n\n\n<p>Tambi\u00e9n subir\u00e1n al cuadril\u00e1tero &nbsp;el dominicano Miguel Arias y el mexicano Isac S\u00e1nchez para protagonizar una de las peleas preliminares.<\/p>\n\n\n\n<p>Belgica Pe\u00f1a anunci\u00f3 que el evento iniciar\u00e1 desde las siete de la noche.<\/p>\n\n\n\n<p>Primitivo Cadete<\/p>\n\n\n\n<p>Primitivo Cadete ()<\/p>\n\n\n\n<p><a target=\"_blank\" href=\"mailto:primitivo.cadete@gmail.com\" rel=\"noreferrer noopener\">primitivo.cadete@gmail.com<\/a><\/p>\n\n\n\n<p><\/p>\n","protected":false},"excerpt":{"rendered":"<p>El dominicano Erick \u201cMini PacMan\u201d Rosa (izquierda) y el mexicano Naider \u00c1lvarez, quienes pelear\u00e1n el jueves por el t\u00edtulo mundial minimosca de la AMB en Santo Domingo. B\u00e9lgica Pe\u00f1a en el centro. El dominicano Erick \u201cMini PacMan\u201d Rosa y su rival mexicano, Naider Alvarez, se encontraron de frente por primera vez la tarde del martes [&hellip;]<\/p>\n","protected":false},"author":28,"featured_media":583834,"comment_status":"closed","ping_status":"closed","sticky":true,"template":"","format":"standard","meta":{"footnotes":""},"categories":[17],"tags":[],"class_list":["post-583833","post","type-post","status-publish","format-standard","has-post-thumbnail","hentry","category-deportes"],"_links":{"self":[{"href":"https:\/\/diariodominicano.com\/index.php?rest_route=\/wp\/v2\/posts\/583833","targetHints":{"allow":["GET"]}}],"collection":[{"href":"https:\/\/diariodominicano.com\/index.php?rest_route=\/wp\/v2\/posts"}],"about":[{"href":"https:\/\/diariodominicano.com\/index.php?rest_route=\/wp\/v2\/types\/post"}],"author":[{"embeddable":true,"href":"https:\/\/diariodominicano.com\/index.php?rest_route=\/wp\/v2\/users\/28"}],"replies":[{"embeddable":true,"href":"https:\/\/diariodominicano.com\/index.php?rest_route=%2Fwp%2Fv2%2Fcomments&post=583833"}],"version-history":[{"count":5,"href":"https:\/\/diariodominicano.com\/index.php?rest_route=\/wp\/v2\/posts\/583833\/revisions"}],"predecessor-version":[{"id":583842,"href":"https:\/\/diariodominicano.com\/index.php?rest_route=\/wp\/v2\/posts\/583833\/revisions\/583842"}],"wp:featuredmedia":[{"embeddable":true,"href":"https:\/\/diariodominicano.com\/index.php?rest_route=\/wp\/v2\/media\/583834"}],"wp:attachment":[{"href":"https:\/\/diariodominicano.com\/index.php?rest_route=%2Fwp%2Fv2%2Fmedia&parent=583833"}],"wp:term":[{"taxonomy":"category","embeddable":true,"href":"https:\/\/diariodominicano.com\/index.php?rest_route=%2Fwp%2Fv2%2Fcategories&post=583833"},{"taxonomy":"post_tag","embeddable":true,"href":"https:\/\/diariodominicano.com\/index.php?rest_route=%2Fwp%2Fv2%2Ftags&post=583833"}],"curies":[{"name":"wp","href":"https:\/\/api.w.org\/{rel}","templated":true}]}}