{"id":583767,"date":"2024-12-18T01:53:19","date_gmt":"2024-12-18T05:53:19","guid":{"rendered":"https:\/\/diariodominicano.com\/?p=583767"},"modified":"2024-12-18T01:53:23","modified_gmt":"2024-12-18T05:53:23","slug":"mas-del-21-de-las-latinas-en-eeuu-vivian-en-la-pobreza-en-2023-segun-informe","status":"publish","type":"post","link":"https:\/\/diariodominicano.com\/?p=583767","title":{"rendered":"M\u00e1s del 21 % de las latinas en EEUU viv\u00edan en la pobreza en 2023, seg\u00fan informe"},"content":{"rendered":"\n<p>ARCHIVO &#8211; La cajera Rosa Dilone ayuda a los clientes en el supermercado Mi Tierra en Hazleton, Pensilvania, el 16 de mayo de 2024.<\/p>\n\n\n\n<p>diciembre 17, 2024<\/p>\n\n\n\n<ul class=\"wp-block-list\">\n<li><a href=\"https:\/\/www.vozdeamerica.com\/author\/yeny-garcia\/mo_vm\">Yeny Garc\u00eda<\/a><\/li>\n<\/ul>\n\n\n\n<ul class=\"wp-block-list\">\n<li><a href=\"https:\/\/facebook.com\/sharer.php?u=https%3a%2f%2fwww.vozdeamerica.com%2fa%2fmas-del-21-porciento-de-las-latinas-vive-en-la-pobreza-en-eeuu-informe%2f7904454.html\" target=\"_blank\" rel=\"noreferrer noopener\"><\/a><\/li>\n\n\n\n<li><a href=\"https:\/\/twitter.com\/share?url=https%3a%2f%2fwww.vozdeamerica.com%2fa%2fmas-del-21-porciento-de-las-latinas-vive-en-la-pobreza-en-eeuu-informe%2f7904454.html&amp;text=M%c3%a1s+del+21+%25+de+las+latinas+en+EEUU+viv%c3%adan+en+la+pobreza+en+2023%2c+seg%c3%ban+informe\" target=\"_blank\" rel=\"noreferrer noopener\"><\/a><\/li>\n\n\n\n<li><\/li>\n\n\n\n<li><a href=\"mailto:?body=https%3a%2f%2fwww.vozdeamerica.com%2fa%2fmas-del-21-porciento-de-las-latinas-vive-en-la-pobreza-en-eeuu-informe%2f7904454.html&amp;subject=M%C3%A1s%20del%2021%20%%20de%20las%20latinas%20en%20EEUU%20viv%C3%ADan%20en%20la%20pobreza%20en%202023,%20seg%C3%BAn%20informe\"><\/a><\/li>\n<\/ul>\n\n\n\n<p><a href=\"https:\/\/www.vozdeamerica.com\/a\/mas-del-21-porciento-de-las-latinas-vive-en-la-pobreza-en-eeuu-informe\/7904454.html#comments\">&nbsp;Vea comentarios<\/a><\/p>\n\n\n\n<p>Las latinas y las inmigrantes est\u00e1n entre los grupos de mujeres m\u00e1s representados en las tasas de pobreza de EEUU. M\u00e1s del 21 % de las hispanas viv\u00edan en condiciones de carencia en 2023, un a\u00f1o en el que tambi\u00e9n aument\u00f3 la pobreza infantil y la disparidad racial.<\/p>\n\n\n\n<p>Washington \u2014&nbsp;<\/p>\n\n\n\n<p>El 21,5 % de las mujeres latinas en Estados Unidos viv\u00edan en estado de pobreza en 2023, una de las cifras m\u00e1s altas entre los grupos m\u00e1s representados en estos \u00edndices, revel\u00f3 un informe del Centro Nacional de Derecho de la Mujer (NWLC en ingl\u00e9s), que tambi\u00e9n inform\u00f3 sobre un repunte en las disparidades raciales en cuanto a ingresos promedios en los n\u00facleos familiares.<\/p>\n\n\n\n<p>Las tasas de pobreza de las hispanas son seguidas de cerca por otras comunidades como las mujeres negras (18,9 %) y las asi\u00e1ticas (13,6 %). Esto en comparaci\u00f3n con el 9,6 % registrado entre las mujeres blancas no hispanas y el 8,8 % de los hombres blancos no hispanos, seg\u00fan la investigaci\u00f3n del NWLC, remitida a la&nbsp;<em><strong>Voz de Am\u00e9rica<\/strong><\/em>.<\/p>\n\n\n\n<p>Esta brecha tambi\u00e9n se aprecia entre las mujeres que emigraron desde otros pa\u00edses. En 2023, m\u00e1s de una en cada siete mujeres nacidas fuera de EEUU (14,7 %) viv\u00edan en la pobreza, frente a un 10,2 % entre las ciudadanas estadounidenses.<\/p>\n\n\n\n<p><a href=\"https:\/\/www.vozdeamerica.com\/a\/latinas-eeuu-podrian-perder-1-3-millones-dolares-en-40-anos-trabajo-brecha-salarial\/7808614.html\"><\/a><\/p>\n\n\n\n<p><a href=\"https:\/\/www.vozdeamerica.com\/a\/latinas-eeuu-podrian-perder-1-3-millones-dolares-en-40-anos-trabajo-brecha-salarial\/7808614.html\">Tambi\u00e9n lea<\/a><\/p>\n\n\n\n<h4 class=\"wp-block-heading\"><a href=\"https:\/\/www.vozdeamerica.com\/a\/latinas-eeuu-podrian-perder-1-3-millones-dolares-en-40-anos-trabajo-brecha-salarial\/7808614.html\">Latinas en EEUU podr\u00edan perder 1,3 millones de d\u00f3lares en 40 a\u00f1os por brecha salarial<\/a><\/h4>\n\n\n\n<p>\u00abEl sistema de inmigraci\u00f3n estadounidense ha estado roto durante mucho tiempo y no ha brindado el apoyo adecuado a los inmigrantes, en particular a las mujeres, que constituyen la columna vertebral de nuestra infraestructura econ\u00f3mica\u00bb, insiste&nbsp;<em><strong><a href=\"https:\/\/nwlc.org\/wp-content\/uploads\/2024\/12\/National-Snapshot-Poverty-Among-Women-Families-in-2023-FINAL.pdf\" target=\"_blank\" rel=\"noreferrer noopener\">el texto del NWLC<\/a><\/strong><\/em>, que aunque reconoce que la pobreza entre la comunidad migrante en EEUU ha disminuido, todav\u00eda queda mucho por hacer.<\/p>\n\n\n\n<p>Otro estudio separado, publicado en agosto, demostr\u00f3 que&nbsp;<em><strong><a href=\"https:\/\/www.vozdeamerica.com\/a\/estudio-latinas-contribuyeron-1-3-miles-millones-de-dolares-al-pib-de-eeuu-el-equivalente-a-todo-florida\/7758481.html\" target=\"_blank\" rel=\"noreferrer noopener\">las latinas \u00abson motores de vitalidad econ\u00f3mica en EEUU\u00bb<\/a><\/strong><\/em>, algo reflejado en los 1,3 mil millones de d\u00f3lares que contribuyeron al producto interno bruto del pa\u00eds en 2021. Este fue un incremento de casi el triple en comparaci\u00f3n con los grupos no hispanos durante ese mismo per\u00edodo.<\/p>\n\n\n\n<h3 class=\"wp-block-heading\">Fin de las ayudas federales y aumento de la pobreza<\/h3>\n\n\n\n<p>Estos aumentos se evidenciaron luego del fin en 2021 de los apoyos federales del Plan de Rescate Estadounidense (ARPA) aprobados durante la epidemia de COVID-19, seg\u00fan el an\u00e1lisis del NWLC sobre los datos de la Oficina del Censo estadounidense, basados en la Medici\u00f3n Oficial de Pobreza y la Medici\u00f3n Suplementaria de Pobreza, que extiende el primer medidor a\u00f1adiendo otros elementos a tomar en cuenta como locaci\u00f3n y otros costos de vida.<\/p>\n\n\n\n<p>\u00abEntre 2021 y 2022, cuando expir\u00f3 la asistencia de la era de la pandemia, las tasas de pobreza aumentaron a un ritmo que representa el mayor aumento registrado en un s\u00f3lo a\u00f1o en m\u00e1s de 50 a\u00f1os\u00bb, resalta el informe.<\/p>\n\n\n\n<p><a href=\"https:\/\/www.vozdeamerica.com\/a\/educadores-de-primera-infancia-y-familias-afectados-por-fin-de-ayudas-de-era-covid-19\/7267387.html\"><\/a><\/p>\n\n\n\n<p><a href=\"https:\/\/www.vozdeamerica.com\/a\/educadores-de-primera-infancia-y-familias-afectados-por-fin-de-ayudas-de-era-covid-19\/7267387.html\">Tambi\u00e9n lea<\/a><\/p>\n\n\n\n<h4 class=\"wp-block-heading\"><a href=\"https:\/\/www.vozdeamerica.com\/a\/educadores-de-primera-infancia-y-familias-afectados-por-fin-de-ayudas-de-era-covid-19\/7267387.html\">EEUU: Educadores de primera infancia y familias, entre los m\u00e1s afectados por fin de ayudas de era COVID-19<\/a><\/h4>\n\n\n\n<p>La pobreza entre las madres solteras tambi\u00e9n aument\u00f3 en este periodo: de un 11,9 % en 2021 al 26,7 % en 2022, un ascenso que continu\u00f3 en 2023, con 28,5 %.<\/p>\n\n\n\n<p>Otro de los indicadores m\u00e1s reveladores fue el incremento de m\u00e1s del doble en los \u00edndices de pobreza infantil. Los registros del 5,2 % del 2021 subieron a 12,4 % en 2022, y al 13,8 % al siguiente a\u00f1o.<\/p>\n\n\n\n<p>El an\u00e1lisis del NWLC tambi\u00e9n demostr\u00f3 c\u00f3mo las diferencias raciales se arraigaron a\u00fan m\u00e1s en los \u00faltimos tres a\u00f1os. Mientras los ingresos promedios de los hogares aumentaron, los hogares blancos no hispanos fueron los m\u00e1s beneficiados, dejando rezagados a los hogares negros y latinos.<\/p>\n\n\n\n<p>Seg\u00fan datos de Medici\u00f3n Oficial de Pobreza (OPM en ingl\u00e9s) en 2023 publicados por el Servicio de Investigaciones del Congreso de EEUU en noviembre pasado, el porcentaje de personas en situaci\u00f3n de pobreza en el pa\u00eds se redujo al 11,1 % (unos 36,8 millones de personas).<\/p>\n\n\n\n<p>Por otra parte, siguiendo la Medici\u00f3n Suplementaria de Pobreza (SPM en ingl\u00e9s), la tasa general de pobreza y el n\u00famero de personas que viven por debajo de ese umbral, aumentaron del 12,4 % en 2022 (40,9 millones), al 12,9 % en 2023 (42,8 millones) en 2023.<\/p>\n\n\n\n<p><a href=\"https:\/\/www.vozdeamerica.com\/a\/mujeres-latinas-son-mayoria-en-fuerza-laboral-salario-propinas-eeuu\/7651879.html\"><\/a><\/p>\n\n\n\n<p><a href=\"https:\/\/www.vozdeamerica.com\/a\/mujeres-latinas-son-mayoria-en-fuerza-laboral-salario-propinas-eeuu\/7651879.html\">Tambi\u00e9n lea<\/a><\/p>\n\n\n\n<h4 class=\"wp-block-heading\"><a href=\"https:\/\/www.vozdeamerica.com\/a\/mujeres-latinas-son-mayoria-en-fuerza-laboral-salario-propinas-eeuu\/7651879.html\">Salarios en EEUU: latinas son mayor\u00eda en sectores dependientes de propinas<\/a><\/h4>\n\n\n\n<p>El aumento de la tasa de pobreza seg\u00fan el SPM refleja aumentos en el costo de la vivienda, reducciones en los montos recibidos entre ciertos beneficios no monetarios y cr\u00e9ditos fiscales reembolsables, y un aumento en los gastos relacionados con el trabajo, que compensaron parcialmente los ingresos obtenidos a medida que m\u00e1s personas trabajaban.<\/p>\n\n\n\n<p>En EEUU, los montos en d\u00f3lares del umbral de pobreza var\u00edan seg\u00fan el tama\u00f1o de la familia y las edades de los miembros. Como gu\u00eda aproximada, la l\u00ednea de pobreza en 2023 puede considerarse como un ingreso anual de 31.200 d\u00f3lares para una familia de cuatro; 24.230 de d\u00f3lares para una familia de tres, 19.680 de d\u00f3lares para una familia de dos o 15.480 de d\u00f3lares para una persona sola.<\/p>\n","protected":false},"excerpt":{"rendered":"<p>ARCHIVO &#8211; La cajera Rosa Dilone ayuda a los clientes en el supermercado Mi Tierra en Hazleton, Pensilvania, el 16 de mayo de 2024. diciembre 17, 2024 &nbsp;Vea comentarios Las latinas y las inmigrantes est\u00e1n entre los grupos de mujeres m\u00e1s representados en las tasas de pobreza de EEUU. M\u00e1s del 21 % de las [&hellip;]<\/p>\n","protected":false},"author":28,"featured_media":583768,"comment_status":"closed","ping_status":"closed","sticky":true,"template":"","format":"standard","meta":{"footnotes":""},"categories":[36,18],"tags":[],"class_list":["post-583767","post","type-post","status-publish","format-standard","has-post-thumbnail","hentry","category-hombresmujeresycosas","category-economia"],"_links":{"self":[{"href":"https:\/\/diariodominicano.com\/index.php?rest_route=\/wp\/v2\/posts\/583767","targetHints":{"allow":["GET"]}}],"collection":[{"href":"https:\/\/diariodominicano.com\/index.php?rest_route=\/wp\/v2\/posts"}],"about":[{"href":"https:\/\/diariodominicano.com\/index.php?rest_route=\/wp\/v2\/types\/post"}],"author":[{"embeddable":true,"href":"https:\/\/diariodominicano.com\/index.php?rest_route=\/wp\/v2\/users\/28"}],"replies":[{"embeddable":true,"href":"https:\/\/diariodominicano.com\/index.php?rest_route=%2Fwp%2Fv2%2Fcomments&post=583767"}],"version-history":[{"count":1,"href":"https:\/\/diariodominicano.com\/index.php?rest_route=\/wp\/v2\/posts\/583767\/revisions"}],"predecessor-version":[{"id":583769,"href":"https:\/\/diariodominicano.com\/index.php?rest_route=\/wp\/v2\/posts\/583767\/revisions\/583769"}],"wp:featuredmedia":[{"embeddable":true,"href":"https:\/\/diariodominicano.com\/index.php?rest_route=\/wp\/v2\/media\/583768"}],"wp:attachment":[{"href":"https:\/\/diariodominicano.com\/index.php?rest_route=%2Fwp%2Fv2%2Fmedia&parent=583767"}],"wp:term":[{"taxonomy":"category","embeddable":true,"href":"https:\/\/diariodominicano.com\/index.php?rest_route=%2Fwp%2Fv2%2Fcategories&post=583767"},{"taxonomy":"post_tag","embeddable":true,"href":"https:\/\/diariodominicano.com\/index.php?rest_route=%2Fwp%2Fv2%2Ftags&post=583767"}],"curies":[{"name":"wp","href":"https:\/\/api.w.org\/{rel}","templated":true}]}}