{"id":583679,"date":"2024-12-17T14:33:42","date_gmt":"2024-12-17T18:33:42","guid":{"rendered":"https:\/\/diariodominicano.com\/?p=583679"},"modified":"2024-12-17T14:33:50","modified_gmt":"2024-12-17T18:33:50","slug":"expresidente-boliviano-evo-morales-se-dice-victima-de-guerra-juridica-para-impedir-su-candidatura-en-2025","status":"publish","type":"post","link":"https:\/\/diariodominicano.com\/?p=583679","title":{"rendered":"Expresidente boliviano, Evo Morales se dice v\u00edctima de \u00abguerra jur\u00eddica\u00bb para impedir su candidatura en 2025"},"content":{"rendered":"\n<p>diariodominicano.com<\/p>\n\n\n\n<p>LA PAZ, 17 dic (Xinhua) &#8212; El expresidente de Bolivia Evo Morales (2006-2019) denunci\u00f3 hoy martes que es v\u00edctima de una \u00abguerra jur\u00eddica\u00bb que busca impedir su candidatura en las elecciones presidenciales del pr\u00f3ximo a\u00f1o y que pueda asumir un nuevo mandato. \u00abDenuncio al mundo que soy v\u00edctima de una brutal Guerra Jur\u00eddica (lawfare) ejecutada por el Gobierno de Luis Arce\u00bb, difundi\u00f3 Morales en redes sociales. El pronunciamiento del exmandatario boliviano se dio luego de que la Fiscal\u00eda anunci\u00f3 el lunes una imputaci\u00f3n formal en su contra por los delitos de trata de personas y estupro agravado, adem\u00e1s de emitir una orden de detenci\u00f3n tras no haberse presentado a declarar en el marco de la investigaci\u00f3n. Morales sostuvo que los principios constitucionales de presunci\u00f3n de inocencia y debido proceso le son vulnerados. \u00abNo respetan los principios constitucionales de presunci\u00f3n de inocencia y debido proceso; me condenan y fusilan jur\u00eddica, pol\u00edtica y medi\u00e1ticamente. No tienen pruebas, solo consignas y odio desenfrenado\u00bb, asever\u00f3. El exmandatario demostr\u00f3 que su \u00ab\u00fanico delito\u00bb fue lograr una \u00abeconom\u00eda justa\u00bb, as\u00ed como un pa\u00eds m\u00e1s inclusivo y libre de la intromisi\u00f3n extranjera. \u00abEl \u00fanico delito que comet\u00ed es que siendo el primer presidente ind\u00edgena logr\u00e9 un pa\u00eds con una econom\u00eda justa para el pueblo; una Bolivia Plurinacional con inclusi\u00f3n de los siempre excluidos; no haber permitido la intromisi\u00f3n y abuso del imperio norteamericano\u00bb, expres\u00f3. Denunci\u00f3, adem\u00e1s, un \u00abconstante bombardeo\u00bb de difamaciones en su contra y que el Gobierno del presidente Arce busca eliminarlo. \u00abEl Gobierno tiene un ej\u00e9rcito de fiscales, jueces, polic\u00edas y militares que no solo buscan eliminarme pol\u00edtica y moralmente, sino b\u00e1sicamente. Por eso intentaron envenenarme y matarme\u00bb, difundi\u00f3 Morales. El fiscal general del Estado, Roger Mariaca, dio a conocer el lunes que el Ministerio P\u00fablico de Bolivia solicitar\u00e1 la detenci\u00f3n preventiva del expresidente por seis meses como parte de la investigaci\u00f3n en marcha. Mariaca precis\u00f3 que el cumplimiento de la orden de captura corresponde a la Polic\u00eda Boliviana, as\u00ed como explicar en qu\u00e9 momento lo har\u00e1.<\/p>\n","protected":false},"excerpt":{"rendered":"<p>diariodominicano.com LA PAZ, 17 dic (Xinhua) &#8212; El expresidente de Bolivia Evo Morales (2006-2019) denunci\u00f3 hoy martes que es v\u00edctima de una \u00abguerra jur\u00eddica\u00bb que busca impedir su candidatura en las elecciones presidenciales del pr\u00f3ximo a\u00f1o y que pueda asumir un nuevo mandato. \u00abDenuncio al mundo que soy v\u00edctima de una brutal Guerra Jur\u00eddica (lawfare) [&hellip;]<\/p>\n","protected":false},"author":5,"featured_media":325630,"comment_status":"closed","ping_status":"closed","sticky":true,"template":"","format":"standard","meta":{"footnotes":""},"categories":[23,27],"tags":[],"class_list":["post-583679","post","type-post","status-publish","format-standard","has-post-thumbnail","hentry","category-internacional","category-portada"],"_links":{"self":[{"href":"https:\/\/diariodominicano.com\/index.php?rest_route=\/wp\/v2\/posts\/583679","targetHints":{"allow":["GET"]}}],"collection":[{"href":"https:\/\/diariodominicano.com\/index.php?rest_route=\/wp\/v2\/posts"}],"about":[{"href":"https:\/\/diariodominicano.com\/index.php?rest_route=\/wp\/v2\/types\/post"}],"author":[{"embeddable":true,"href":"https:\/\/diariodominicano.com\/index.php?rest_route=\/wp\/v2\/users\/5"}],"replies":[{"embeddable":true,"href":"https:\/\/diariodominicano.com\/index.php?rest_route=%2Fwp%2Fv2%2Fcomments&post=583679"}],"version-history":[{"count":1,"href":"https:\/\/diariodominicano.com\/index.php?rest_route=\/wp\/v2\/posts\/583679\/revisions"}],"predecessor-version":[{"id":583680,"href":"https:\/\/diariodominicano.com\/index.php?rest_route=\/wp\/v2\/posts\/583679\/revisions\/583680"}],"wp:featuredmedia":[{"embeddable":true,"href":"https:\/\/diariodominicano.com\/index.php?rest_route=\/wp\/v2\/media\/325630"}],"wp:attachment":[{"href":"https:\/\/diariodominicano.com\/index.php?rest_route=%2Fwp%2Fv2%2Fmedia&parent=583679"}],"wp:term":[{"taxonomy":"category","embeddable":true,"href":"https:\/\/diariodominicano.com\/index.php?rest_route=%2Fwp%2Fv2%2Fcategories&post=583679"},{"taxonomy":"post_tag","embeddable":true,"href":"https:\/\/diariodominicano.com\/index.php?rest_route=%2Fwp%2Fv2%2Ftags&post=583679"}],"curies":[{"name":"wp","href":"https:\/\/api.w.org\/{rel}","templated":true}]}}